{"id":10306,"date":"2018-12-22T11:36:50","date_gmt":"2018-12-22T11:36:50","guid":{"rendered":"https:\/\/przedszkole-alwernia.pl\/?p=10306"},"modified":"2018-12-22T11:36:50","modified_gmt":"2018-12-22T11:36:50","slug":"wesolych-swiat-bozego-narodzenia","status":"publish","type":"post","link":"https:\/\/przedszkole-alwernia.pl\/?p=10306","title":{"rendered":"Weso\u0142ych \u015awi\u0105t Bo\u017cego Narodzenia!"},"content":{"rendered":"<p><a href=\"https:\/\/przedszkole-alwernia.pl\/wp-content\/uploads\/2018\/12\/DSC00341.jpg\" data-rel=\"lightbox-image-0\" data-rl_title=\"\" data-rl_caption=\"\" title=\"\"><img loading=\"lazy\" decoding=\"async\" class=\"alignnone size-medium wp-image-10305\" src=\"https:\/\/przedszkole-alwernia.pl\/wp-content\/uploads\/2018\/12\/DSC00341-300x225.jpg\" alt=\"\" width=\"300\" height=\"225\" srcset=\"https:\/\/przedszkole-alwernia.pl\/wp-content\/uploads\/2018\/12\/DSC00341-300x225.jpg 300w, https:\/\/przedszkole-alwernia.pl\/wp-content\/uploads\/2018\/12\/DSC00341-768x576.jpg 768w, https:\/\/przedszkole-alwernia.pl\/wp-content\/uploads\/2018\/12\/DSC00341-1024x768.jpg 1024w\" sizes=\"auto, (max-width: 300px) 100vw, 300px\" \/><\/a><\/p>\n<p>Pok\u00f3j na ziemi ludziom, a w niebie cisza gwiazd,<\/p>\n<p>graj\u0105 anieli, \u015bwiat si\u0119 chlebem dzieli.<\/p>\n<p>\u015awiat ma dzi\u015b \u015bwi\u0105teczny blask\u2026<\/p>\n<p>Pi\u0119knych i radosnych \u015awi\u0105t Bo\u017cego Narodzenia oraz szcz\u0119\u015bliwego Nowego Roku!<\/p>\n<p>&nbsp;<\/p>\n","protected":false},"excerpt":{"rendered":"<p>Pok\u00f3j na ziemi ludziom, a w niebie cisza gwiazd, graj\u0105 anieli, \u015bwiat si\u0119 chlebem dzieli. \u015awiat ma dzi\u015b \u015bwi\u0105teczny blask\u2026 Pi\u0119knych i radosnych \u015awi\u0105t Bo\u017cego Narodzenia oraz szcz\u0119\u015bliwego Nowego Roku! &nbsp;<\/p>\n","protected":false},"author":2,"featured_media":0,"comment_status":"open","ping_status":"closed","sticky":false,"template":"","format":"standard","meta":{"footnotes":""},"categories":[1],"tags":[],"class_list":["post-10306","post","type-post","status-publish","format-standard","hentry","category-uncategorized"],"_links":{"self":[{"href":"https:\/\/przedszkole-alwernia.pl\/index.php?rest_route=\/wp\/v2\/posts\/10306","targetHints":{"allow":["GET"]}}],"collection":[{"href":"https:\/\/przedszkole-alwernia.pl\/index.php?rest_route=\/wp\/v2\/posts"}],"about":[{"href":"https:\/\/przedszkole-alwernia.pl\/index.php?rest_route=\/wp\/v2\/types\/post"}],"author":[{"embeddable":true,"href":"https:\/\/przedszkole-alwernia.pl\/index.php?rest_route=\/wp\/v2\/users\/2"}],"replies":[{"embeddable":true,"href":"https:\/\/przedszkole-alwernia.pl\/index.php?rest_route=%2Fwp%2Fv2%2Fcomments&post=10306"}],"version-history":[{"count":0,"href":"https:\/\/przedszkole-alwernia.pl\/index.php?rest_route=\/wp\/v2\/posts\/10306\/revisions"}],"wp:attachment":[{"href":"https:\/\/przedszkole-alwernia.pl\/index.php?rest_route=%2Fwp%2Fv2%2Fmedia&parent=10306"}],"wp:term":[{"taxonomy":"category","embeddable":true,"href":"https:\/\/przedszkole-alwernia.pl\/index.php?rest_route=%2Fwp%2Fv2%2Fcategories&post=10306"},{"taxonomy":"post_tag","embeddable":true,"href":"https:\/\/przedszkole-alwernia.pl\/index.php?rest_route=%2Fwp%2Fv2%2Ftags&post=10306"}],"curies":[{"name":"wp","href":"https:\/\/api.w.org\/{rel}","templated":true}]}}