{"id":10514,"date":"2019-01-27T17:10:38","date_gmt":"2019-01-27T17:10:38","guid":{"rendered":"https:\/\/przedszkole-alwernia.pl\/?p=10514"},"modified":"2019-02-04T09:44:43","modified_gmt":"2019-02-04T09:44:43","slug":"10514","status":"publish","type":"post","link":"https:\/\/przedszkole-alwernia.pl\/?p=10514","title":{"rendered":"Pyza w radiu i telewizji"},"content":{"rendered":"<p><a href=\"https:\/\/przedszkole-alwernia.pl\/wp-content\/uploads\/2018\/12\/Obraz6-1.jpg\" data-rel=\"lightbox-image-0\" data-rl_title=\"\" data-rl_caption=\"\" title=\"\"><img loading=\"lazy\" decoding=\"async\" class=\"alignnone size-medium wp-image-10038\" src=\"https:\/\/przedszkole-alwernia.pl\/wp-content\/uploads\/2018\/12\/Obraz6-1-300x169.jpg\" alt=\"\" width=\"300\" height=\"169\" srcset=\"https:\/\/przedszkole-alwernia.pl\/wp-content\/uploads\/2018\/12\/Obraz6-1-300x169.jpg 300w, https:\/\/przedszkole-alwernia.pl\/wp-content\/uploads\/2018\/12\/Obraz6-1.jpg 761w\" sizes=\"auto, (max-width: 300px) 100vw, 300px\" \/><\/a><\/p>\n<p>Program autorski ,, W\u0119druje Pyza swym krajem i r\u00f3\u017cne szlaki poznaje&#8221;<!--more--><\/p>\n<div>\n<p>\u00a0realizowany jest przez Przedszkole Samorz\u0105dowe &#8222;T\u0119czowa Kraina&#8221; w Alwerni z fili\u0105 w Grojcu. Zosta\u0142 on obj\u0119ty honorowym patronatem przez Pani\u0105 Burmistrz Beat\u0119 Nadzieja-Szpila. Program powsta\u0142 celem ukazania dzieciom w najprostszej formie, jak\u00a0 pi\u0119kna i r\u00f3\u017cnorodna jest\u00a0 nasza Polska, \u017ce dzieli si\u0119 na regiony zr\u00f3\u017cnicowane folklorem, sztuk\u0105 , muzyk\u0105 ,ta\u0144cem , mow\u0105. Inspiracj\u0105 by\u0142a ksi\u0105\u017cka Hanny Januszewskiej \u201e Pyza na polskich dr\u00f3\u017ckach\u201d<\/p>\n<p>Celem\u00a0 programu jest powr\u00f3t do dawnej literatury dzieci\u0119cej, zach\u0119cenie rodzic\u00f3w\u00a0 do czytania dzieciom bajek, poznanie r\u00f3\u017cnych region\u00f3w Polski oraz promocja naszego miasta i gminy<\/p>\n<p>Zabawa polega na tym, \u017ce lalka Pyza , w\u0119druje po przedszkolach w ca\u0142ej Polsce. Wraz z lalk\u0105 wysy\u0142ane s\u0105 drobne gad\u017cety reklamuj\u0105ce nasz\u0105 Gmin\u0119 , miejscowo\u015b\u0107, przedszkole, drobne upominki oraz kr\u00f3tka prezentacja o Alwerni i przedszkolu.<br \/>\nPyza wracaj\u0105c do Alwerni przywozi ze sob\u0105 pami\u0105tki z miejsc, kt\u00f3re odwiedzi\u0142a. Tym sposobem dzieci poznaj\u0105 kolejne regiony naszego kraju. Pyza zacz\u0119\u0142a swoj\u0105 w\u0119dr\u00f3wk\u0119 we wrze\u015bniu 2018 roku, a tras\u0119 podr\u00f3\u017cy ma zaplanowan\u0105 ju\u017c do czerwca 2019 r.<\/p>\n<p>Ca\u0142a relacja z w\u0119dr\u00f3wek Pyzy w zak\u0142adce W\u0118DR\u00d3WKI PYZY<\/p>\n<\/div>\n<p>&nbsp;<\/p>\n<blockquote>\n<div><a href=\"https:\/\/www.radiokrakow.pl\/audycje\/rozmowy-przed-hejnalem\/pyza-uczy-geografii\/\" target=\"_blank\" rel=\"noopener\">https:\/\/www.radiokrakow.pl\/audycje\/rozmowy-przed-hejnalem\/pyza-uczy-geografii\/<\/a><\/div>\n<div><\/div>\n<div>\u00a0Dzi\u0119ki uprzejmo\u015bci Radia Krak\u00f3w<\/div>\n<div><\/div>\n<div><\/div>\n<div><a href=\"https:\/\/krakow.tvp.pl\/41091894\/30012019-2100?fbclid=IwAR0IaFk1orR1z7BuWm72dAySuUl7fcd9M-zuBwSQs31x3ijrz5ECnFK9pvY\" target=\"_blank\" rel=\"noopener\">https:\/\/krakow.tvp.pl\/41091894\/30012019-2100?fbclid=IwAR0IaFk1orR1z7BuWm72dAySuUl7fcd9M-zuBwSQs31x3ijrz5ECnFK9pvY<\/a><\/div>\n<div><\/div>\n<div>materia\u0142 o Pyzie jest w czasie 00:09:20<\/div>\n<\/blockquote>\n","protected":false},"excerpt":{"rendered":"<p>Program autorski ,, W\u0119druje Pyza swym krajem i r\u00f3\u017cne szlaki poznaje&#8221;<\/p>\n","protected":false},"author":2,"featured_media":0,"comment_status":"open","ping_status":"closed","sticky":false,"template":"","format":"standard","meta":{"footnotes":""},"categories":[1],"tags":[],"class_list":["post-10514","post","type-post","status-publish","format-standard","hentry","category-uncategorized"],"_links":{"self":[{"href":"https:\/\/przedszkole-alwernia.pl\/index.php?rest_route=\/wp\/v2\/posts\/10514","targetHints":{"allow":["GET"]}}],"collection":[{"href":"https:\/\/przedszkole-alwernia.pl\/index.php?rest_route=\/wp\/v2\/posts"}],"about":[{"href":"https:\/\/przedszkole-alwernia.pl\/index.php?rest_route=\/wp\/v2\/types\/post"}],"author":[{"embeddable":true,"href":"https:\/\/przedszkole-alwernia.pl\/index.php?rest_route=\/wp\/v2\/users\/2"}],"replies":[{"embeddable":true,"href":"https:\/\/przedszkole-alwernia.pl\/index.php?rest_route=%2Fwp%2Fv2%2Fcomments&post=10514"}],"version-history":[{"count":0,"href":"https:\/\/przedszkole-alwernia.pl\/index.php?rest_route=\/wp\/v2\/posts\/10514\/revisions"}],"wp:attachment":[{"href":"https:\/\/przedszkole-alwernia.pl\/index.php?rest_route=%2Fwp%2Fv2%2Fmedia&parent=10514"}],"wp:term":[{"taxonomy":"category","embeddable":true,"href":"https:\/\/przedszkole-alwernia.pl\/index.php?rest_route=%2Fwp%2Fv2%2Fcategories&post=10514"},{"taxonomy":"post_tag","embeddable":true,"href":"https:\/\/przedszkole-alwernia.pl\/index.php?rest_route=%2Fwp%2Fv2%2Ftags&post=10514"}],"curies":[{"name":"wp","href":"https:\/\/api.w.org\/{rel}","templated":true}]}}