{"id":10747,"date":"2019-01-28T06:57:13","date_gmt":"2019-01-28T06:57:13","guid":{"rendered":"https:\/\/przedszkole-alwernia.pl\/?p=10747"},"modified":"2019-03-04T10:01:00","modified_gmt":"2019-03-04T10:01:00","slug":"podsumowanie-konkursu-widokowka-z-mojej-miejscowosci","status":"publish","type":"post","link":"https:\/\/przedszkole-alwernia.pl\/?p=10747","title":{"rendered":"Podsumowanie konkursu ,, Widok\u00f3wka z mojej miejscowo\u015bci&#8221;&#8221;"},"content":{"rendered":"<p><a href=\"https:\/\/przedszkole-alwernia.pl\/wp-content\/uploads\/2019\/03\/52956949_325550031636967_43787341906575360_n.jpg\" data-rel=\"lightbox-image-0\" data-rl_title=\"\" data-rl_caption=\"\" title=\"\"><img loading=\"lazy\" decoding=\"async\" class=\"alignnone size-medium wp-image-10702\" src=\"https:\/\/przedszkole-alwernia.pl\/wp-content\/uploads\/2019\/03\/52956949_325550031636967_43787341906575360_n-225x300.jpg\" alt=\"\" width=\"225\" height=\"300\" srcset=\"https:\/\/przedszkole-alwernia.pl\/wp-content\/uploads\/2019\/03\/52956949_325550031636967_43787341906575360_n-225x300.jpg 225w, https:\/\/przedszkole-alwernia.pl\/wp-content\/uploads\/2019\/03\/52956949_325550031636967_43787341906575360_n-768x1024.jpg 768w, https:\/\/przedszkole-alwernia.pl\/wp-content\/uploads\/2019\/03\/52956949_325550031636967_43787341906575360_n.jpg 1536w\" sizes=\"auto, (max-width: 225px) 100vw, 225px\" \/><\/a><\/p>\n<p>Nasze przedszkole zorganizowa\u0142o Gminny Konkurs Plastyczny pt.,, Widok\u00f3wki z mojej miejscowo\u015bci&#8221;.<!--more--> Celem konkursu by\u0142o pog\u0142\u0119bienie wiedzy dzieci na temat ojczyzny, regionu i w\u0142asnej miejscowo\u015bci oraz kszta\u0142cenie to\u017csamo\u015bci i przynale\u017cno\u015bci lokalnej.<\/p>\n<p>Na konkurs wp\u0142yn\u0119\u0142o 32 prace z 5 plac\u00f3wek:<\/p>\n<ul>\n<li>\u00a0 Przedszkola Samorz\u0105dowego ,, Fantazja&#8221; w Kwaczale<\/li>\n<li>Przedszkola Samorz\u0105dowego ,,Dzieci\u0119ca Akademia&#8221; w Regulicach<\/li>\n<li>Oddzia\u0142u Przedszkolnego przy Szkole Podstawowej w Okle\u015bnej<\/li>\n<li>Przedszkola Samorz\u0105dowego ,,T\u0119czowa Kraina &#8221;w Alwerni<\/li>\n<li>Filii Przedszkola Samorz\u0105dowego ,,T\u0119czowa Kraina&#8221; w Grojcu<\/li>\n<\/ul>\n<p>Prace ocenia\u0142a komisja w sk\u0142adzie:<\/p>\n<p><strong>Miros\u0142awa Seremak<\/strong><\/p>\n<p><strong>Anna Faryna<\/strong><\/p>\n<p><strong>Eleonora Wojewoda<\/strong><\/p>\n<p><strong>O. Leonard Hryniewski<\/strong><\/p>\n<p><strong>Natalia Kope\u0107<\/strong><\/p>\n<p>Jury przyzna\u0142o 4 nagrody i 5 wyr\u00f3\u017cnie\u0144.<\/p>\n<p>Nagrodzono prace:<\/p>\n<p><strong>Hanny Maciaszek lat 6 &#8211; oddzia\u0142 przedszkolny w Okle\u015bnej<\/strong><\/p>\n<p><strong>Kamili Majcherczyk lat 6\u00a0 &#8211; przedszkole w Regilicach<\/strong><\/p>\n<p><strong>Pauliny Sobo\u0144\u00a0 lat 6 &#8211; przedszkole w Kwaczale<\/strong><\/p>\n<p><strong>Moniki Zemanek\u00a0 lat 6 &#8211; przedszkole w Alwerni<\/strong><\/p>\n<p>Wyr\u00f3\u017cnienia przyznano:<\/p>\n<p>Annie Lutosta\u0144skiej lat 6 &#8211; oddzia\u0142 przedszkolny w Okle\u015bnej<\/p>\n<p>Julii Kucharskiej lat 6 &#8211; przedszkole w Regulicach<\/p>\n<p>Adrianowi Chlebowskiemu lat 5 lat &#8211; przedszkole w Kwaczale<\/p>\n<p>Aleksandrze Kwatera lat 6 &#8211; filia w Grojcu<\/p>\n<p>Matyldzie Andruszko lat 6 &#8211; przedszkole w Alwerni<\/p>\n<p>Bardzo dzi\u0119kujemy wszystkim uczestnikom za pi\u0119kne prace i zapraszamy do udzia\u0142u w kolejnych konkursach.<\/p>\n<p>&nbsp;<\/p>\n<p>&nbsp;<\/p>\n","protected":false},"excerpt":{"rendered":"<p>Nasze przedszkole zorganizowa\u0142o Gminny Konkurs Plastyczny pt.,, Widok\u00f3wki z mojej miejscowo\u015bci&#8221;.<\/p>\n","protected":false},"author":2,"featured_media":0,"comment_status":"open","ping_status":"closed","sticky":false,"template":"","format":"standard","meta":{"footnotes":""},"categories":[1],"tags":[],"class_list":["post-10747","post","type-post","status-publish","format-standard","hentry","category-uncategorized"],"_links":{"self":[{"href":"https:\/\/przedszkole-alwernia.pl\/index.php?rest_route=\/wp\/v2\/posts\/10747","targetHints":{"allow":["GET"]}}],"collection":[{"href":"https:\/\/przedszkole-alwernia.pl\/index.php?rest_route=\/wp\/v2\/posts"}],"about":[{"href":"https:\/\/przedszkole-alwernia.pl\/index.php?rest_route=\/wp\/v2\/types\/post"}],"author":[{"embeddable":true,"href":"https:\/\/przedszkole-alwernia.pl\/index.php?rest_route=\/wp\/v2\/users\/2"}],"replies":[{"embeddable":true,"href":"https:\/\/przedszkole-alwernia.pl\/index.php?rest_route=%2Fwp%2Fv2%2Fcomments&post=10747"}],"version-history":[{"count":4,"href":"https:\/\/przedszkole-alwernia.pl\/index.php?rest_route=\/wp\/v2\/posts\/10747\/revisions"}],"predecessor-version":[{"id":10751,"href":"https:\/\/przedszkole-alwernia.pl\/index.php?rest_route=\/wp\/v2\/posts\/10747\/revisions\/10751"}],"wp:attachment":[{"href":"https:\/\/przedszkole-alwernia.pl\/index.php?rest_route=%2Fwp%2Fv2%2Fmedia&parent=10747"}],"wp:term":[{"taxonomy":"category","embeddable":true,"href":"https:\/\/przedszkole-alwernia.pl\/index.php?rest_route=%2Fwp%2Fv2%2Fcategories&post=10747"},{"taxonomy":"post_tag","embeddable":true,"href":"https:\/\/przedszkole-alwernia.pl\/index.php?rest_route=%2Fwp%2Fv2%2Ftags&post=10747"}],"curies":[{"name":"wp","href":"https:\/\/api.w.org\/{rel}","templated":true}]}}