{"id":12166,"date":"2019-11-06T18:52:06","date_gmt":"2019-11-06T18:52:06","guid":{"rendered":"https:\/\/przedszkole-alwernia.pl\/?p=12166"},"modified":"2019-11-06T19:06:35","modified_gmt":"2019-11-06T19:06:35","slug":"brawa-dla-wojtusia","status":"publish","type":"post","link":"https:\/\/przedszkole-alwernia.pl\/?p=12166","title":{"rendered":"Brawa dla Wojtusia"},"content":{"rendered":"<p><a href=\"https:\/\/przedszkole-alwernia.pl\/wp-content\/uploads\/2019\/11\/74283858_2820626861280969_8794751265834795008_n.jpg\" data-rel=\"lightbox-image-0\" data-rl_title=\"\" data-rl_caption=\"\" title=\"\"><img loading=\"lazy\" decoding=\"async\" class=\"alignnone size-medium wp-image-12165\" src=\"https:\/\/przedszkole-alwernia.pl\/wp-content\/uploads\/2019\/11\/74283858_2820626861280969_8794751265834795008_n-220x300.jpg\" alt=\"\" width=\"220\" height=\"300\" srcset=\"https:\/\/przedszkole-alwernia.pl\/wp-content\/uploads\/2019\/11\/74283858_2820626861280969_8794751265834795008_n-220x300.jpg 220w, https:\/\/przedszkole-alwernia.pl\/wp-content\/uploads\/2019\/11\/74283858_2820626861280969_8794751265834795008_n.jpg 528w\" sizes=\"auto, (max-width: 220px) 100vw, 220px\" \/><\/a><\/p>\n<p>4 listopada w chrzanowskim domu kultury odby\u0142y si\u0119 Dzieci\u0119ce Spotkania Folklorystyczne ,,Bosa n\u00f3\u017cka&#8221;<!--more--> , kt\u00f3re w niecodzienny spos\u00f3b odkrywa\u0142y barwy polskiego folkloru w dzieci\u0119cym\u00a0 wykonaniu.<\/p>\n<p>Laureatem\u00a0 pierwszej nagrody\u00a0 Krakowskiej Skrzyni w kategorii soli\u015bci zosta\u0142 nasz Wojtu\u015b z grupy IV.<\/p>\n<p>Serdecznie gratulujemy i \u017cyczymy dalszych sukces\u00f3w!<\/p>\n<div id='gallery-1' class='gallery galleryid-12166 gallery-columns-3 gallery-size-thumbnail'><dl class='gallery-item'>\n\t\t\t<dt class='gallery-icon portrait'>\n\t\t\t\t<a href='https:\/\/przedszkole-alwernia.pl\/wp-content\/uploads\/2019\/11\/73497945_1897012423778048_7622891545317867520_n.jpg' title=\"\" data-rl_title=\"\" class=\"rl-gallery-link\" data-rl_caption=\"\" data-rel=\"lightbox-gallery-1\"><img loading=\"lazy\" decoding=\"async\" width=\"150\" height=\"150\" src=\"https:\/\/przedszkole-alwernia.pl\/wp-content\/uploads\/2019\/11\/73497945_1897012423778048_7622891545317867520_n-150x150.jpg\" class=\"attachment-thumbnail size-thumbnail\" alt=\"\" \/><\/a>\n\t\t\t<\/dt><\/dl><dl class='gallery-item'>\n\t\t\t<dt class='gallery-icon portrait'>\n\t\t\t\t<a href='https:\/\/przedszkole-alwernia.pl\/wp-content\/uploads\/2019\/11\/74283858_2820626861280969_8794751265834795008_n.jpg' title=\"\" data-rl_title=\"\" class=\"rl-gallery-link\" data-rl_caption=\"\" data-rel=\"lightbox-gallery-1\"><img loading=\"lazy\" decoding=\"async\" width=\"150\" height=\"150\" src=\"https:\/\/przedszkole-alwernia.pl\/wp-content\/uploads\/2019\/11\/74283858_2820626861280969_8794751265834795008_n-150x150.jpg\" class=\"attachment-thumbnail size-thumbnail\" alt=\"\" \/><\/a>\n\t\t\t<\/dt><\/dl><dl class='gallery-item'>\n\t\t\t<dt class='gallery-icon portrait'>\n\t\t\t\t<a href='https:\/\/przedszkole-alwernia.pl\/wp-content\/uploads\/2019\/11\/74471937_505928313597231_9208371756199313408_n.jpg' title=\"\" data-rl_title=\"\" class=\"rl-gallery-link\" data-rl_caption=\"\" data-rel=\"lightbox-gallery-1\"><img loading=\"lazy\" decoding=\"async\" width=\"150\" height=\"150\" src=\"https:\/\/przedszkole-alwernia.pl\/wp-content\/uploads\/2019\/11\/74471937_505928313597231_9208371756199313408_n-150x150.jpg\" class=\"attachment-thumbnail size-thumbnail\" alt=\"\" \/><\/a>\n\t\t\t<\/dt><\/dl><br style=\"clear: both\" \/>\n\t\t<\/div>\n\n","protected":false},"excerpt":{"rendered":"<p>4 listopada w chrzanowskim domu kultury odby\u0142y si\u0119 Dzieci\u0119ce Spotkania Folklorystyczne ,,Bosa n\u00f3\u017cka&#8221;<\/p>\n","protected":false},"author":2,"featured_media":0,"comment_status":"open","ping_status":"closed","sticky":false,"template":"","format":"standard","meta":{"footnotes":""},"categories":[1],"tags":[],"class_list":["post-12166","post","type-post","status-publish","format-standard","hentry","category-uncategorized"],"_links":{"self":[{"href":"https:\/\/przedszkole-alwernia.pl\/index.php?rest_route=\/wp\/v2\/posts\/12166","targetHints":{"allow":["GET"]}}],"collection":[{"href":"https:\/\/przedszkole-alwernia.pl\/index.php?rest_route=\/wp\/v2\/posts"}],"about":[{"href":"https:\/\/przedszkole-alwernia.pl\/index.php?rest_route=\/wp\/v2\/types\/post"}],"author":[{"embeddable":true,"href":"https:\/\/przedszkole-alwernia.pl\/index.php?rest_route=\/wp\/v2\/users\/2"}],"replies":[{"embeddable":true,"href":"https:\/\/przedszkole-alwernia.pl\/index.php?rest_route=%2Fwp%2Fv2%2Fcomments&post=12166"}],"version-history":[{"count":3,"href":"https:\/\/przedszkole-alwernia.pl\/index.php?rest_route=\/wp\/v2\/posts\/12166\/revisions"}],"predecessor-version":[{"id":12171,"href":"https:\/\/przedszkole-alwernia.pl\/index.php?rest_route=\/wp\/v2\/posts\/12166\/revisions\/12171"}],"wp:attachment":[{"href":"https:\/\/przedszkole-alwernia.pl\/index.php?rest_route=%2Fwp%2Fv2%2Fmedia&parent=12166"}],"wp:term":[{"taxonomy":"category","embeddable":true,"href":"https:\/\/przedszkole-alwernia.pl\/index.php?rest_route=%2Fwp%2Fv2%2Fcategories&post=12166"},{"taxonomy":"post_tag","embeddable":true,"href":"https:\/\/przedszkole-alwernia.pl\/index.php?rest_route=%2Fwp%2Fv2%2Ftags&post=12166"}],"curies":[{"name":"wp","href":"https:\/\/api.w.org\/{rel}","templated":true}]}}