{"id":13319,"date":"2020-03-18T19:21:52","date_gmt":"2020-03-18T19:21:52","guid":{"rendered":"https:\/\/przedszkole-alwernia.pl\/?p=13319"},"modified":"2020-03-19T08:27:16","modified_gmt":"2020-03-19T08:27:16","slug":"materialy-edukacyjne-dla-grupa-viii","status":"publish","type":"post","link":"https:\/\/przedszkole-alwernia.pl\/?p=13319","title":{"rendered":"Materia\u0142y edukacyjne dla grupa VIII"},"content":{"rendered":"<p><!--more--><\/p>\n<p>Temat tygodnia \u201e Marcowa Pogoda\u201d<\/p>\n<ol>\n<li>Opowiadanie \u201e O marcu, pannie Juliannie i ptaszku\u201d<\/li>\n<\/ol>\n<p><strong><em>\u201eO marcu, pannie Julianie i o ptaszku\u201d<\/em><\/strong><em> Lucyna Krzemieniecka<\/em><br \/>\n(czyli marcowej psoty pogody)<\/p>\n<p>Zbudzi\u0142 raz marzec pann\u0119 Juliann\u0119.<\/p>\n<p>&#8211; Sp\u00f3jrz, jak s\u0142oneczko b\u0142yszczy poranne! Id\u017a\u017ce czym pr\u0119dzej na spacer mi\u0142y. Ju\u017c wszystkie panny to uczyni\u0142y.<\/p>\n<p>Pyta Julianna tu\u017c przed okienkiem:<\/p>\n<p>&#8211; A jak\u0105, Marcu wzi\u0105\u0107 mam sukienk\u0119?<\/p>\n<p>&#8211; We\u017a t\u0119 leciutk\u0105, t\u0119 w kwiatki, zwiewn\u0105, pogoda \u0142adna b\u0119dzie na pewno. I kapelusik \u2013 ten<br \/>\nz r\u00f3\u017cyczkami. I pantofelki \u2013 te z dziureczkami.<\/p>\n<p>Biegnie Kulisia weso\u0142a taka, zdejmuje lekk\u0105 sukni\u0119 z wieszaka.<\/p>\n<p>Bierze kapelusz pe\u0142en r\u00f3\u017cyczek. Frr&#8230; ju\u017c wybieg\u0142a.<\/p>\n<p>Mknie przez uliczk\u0119 i my\u015bli sobie:<\/p>\n<p>\u201eP\u00f3jd\u0119 w alej\u0119, ju\u017c si\u0119 tam wiosna na drzewach \u015bmieje\u201d<\/p>\n<p>Lecz marzec psotnik pann\u0119 dogania, chmurami szybko niebo zas\u0142ania. Namiesza\u0142 deszczu<br \/>\ni chlusn\u0105 z cebra. Bij\u0105 biczykami \u015bliczne ze srebra. Panna Julianna narobi krzyku:<\/p>\n<p>&#8211; Ej, psotny Marcu, psotny deszczyku! \u2013 M\u00f3j kapelusik nie na deszcze!<\/p>\n<p>I frr &#8230;.pobieg\u0142a przebra\u0107 si\u0119 jeszcze. Wzi\u0119\u0142a parasol, czapk\u0119 na s\u0142oty.<\/p>\n<p>&#8211; Nic mi ju\u017c teraz marcowe psoty!<\/p>\n<p>Lecz Marzec psotnik pann\u0119 dogania. Szepn\u0105\u0142 co\u015b s\u0142onku, bo si\u0119 wy\u0142ania i tak przygrzewa<br \/>\ni tak przypieka. Z panny pot sp\u0142ywa, panna narzeka:<\/p>\n<p>&#8211; Ej nie na s\u0142o\u0144ce grube ubiory. Ale\u017c ten Marzec do psoty skory!<\/p>\n<p>Miesza jak w garncu s\u0142o\u0144ce i deszcze. P\u00f3jd\u0119 si\u0119 chyba przebra\u0107 raz jeszcze.<\/p>\n<p>Zn\u00f3w si\u0119 przebra\u0142a, biegnie z podw\u00f3rka. Ujrza\u0142 j\u0105 ptaszek, ten w szarych pi\u00f3rkach i \u0107wierkn\u0105 g\u0142o\u015bno:<\/p>\n<p>&#8211; Dziwie si\u0119 pannie, \u017ce pi\u00f3rka zmienia tak nieustannie. Ja, kiedy deszczyk mam na ogonku, wysycham sobie na s\u0142onku.<\/p>\n<p>Narysuj ilustracj\u0119 do opowiadania<\/p>\n<p>2.Jak powstaj\u0105 deszczowe chmury- zabawy badawcze<\/p>\n<p><a href=\"https:\/\/www.youtube.com\/watch?v=PVGjzJYrMdM\" data-rel=\"lightbox-video-0\">https:\/\/www.youtube.com\/watch?v=PVGjzJYrMdM<\/a><\/p>\n<p>Narysuj szlaczek : du\u017ca chmura \u2013 ma\u0142a chmura \u2013 du\u017ca chmura\u2026\u2026\u2026.<\/p>\n<ol start=\"2\">\n<li>Naucz si\u0119 marcowej piosenki;<\/li>\n<\/ol>\n<p><a href=\"https:\/\/www.youtube.com\/watch?v=HEi4wz8L-6o\" data-rel=\"lightbox-video-1\">https:\/\/www.youtube.com\/watch?v=HEi4wz8L-6o<\/a><\/p>\n<p>Za\u015bpiewamy razem w przedszkolu<\/p>\n<ol start=\"3\">\n<li>Zr\u00f3b wiosenne krokusy z pestek<\/li>\n<\/ol>\n<p><a href=\"https:\/\/dzieciakiwdomu.pl\/2016\/03\/krokusy.html\">https:\/\/dzieciakiwdomu.pl\/2016\/03\/krokusy.html<\/a><\/p>\n<p>Przynie\u015b do przedszkola<\/p>\n<ol start=\"4\">\n<li>\u0107wicz wesolo<\/li>\n<\/ol>\n<p><a href=\"https:\/\/www.youtube.com\/watch?v=FZ3pj_ZkldQ\" data-rel=\"lightbox-video-2\">https:\/\/www.youtube.com\/watch?v=FZ3pj_ZkldQ<\/a><\/p>\n<ol start=\"5\">\n<li>znaczenie wody dla cz\u0142owieka<\/li>\n<\/ol>\n<p><a href=\"https:\/\/www.youtube.com\/watch?v=ekNGEh4A3o8\" data-rel=\"lightbox-video-3\">https:\/\/www.youtube.com\/watch?v=ekNGEh4A3o8<\/a><\/p>\n","protected":false},"excerpt":{"rendered":"","protected":false},"author":2,"featured_media":0,"comment_status":"open","ping_status":"closed","sticky":false,"template":"","format":"standard","meta":{"footnotes":""},"categories":[1],"tags":[],"class_list":["post-13319","post","type-post","status-publish","format-standard","hentry","category-uncategorized"],"_links":{"self":[{"href":"https:\/\/przedszkole-alwernia.pl\/index.php?rest_route=\/wp\/v2\/posts\/13319","targetHints":{"allow":["GET"]}}],"collection":[{"href":"https:\/\/przedszkole-alwernia.pl\/index.php?rest_route=\/wp\/v2\/posts"}],"about":[{"href":"https:\/\/przedszkole-alwernia.pl\/index.php?rest_route=\/wp\/v2\/types\/post"}],"author":[{"embeddable":true,"href":"https:\/\/przedszkole-alwernia.pl\/index.php?rest_route=\/wp\/v2\/users\/2"}],"replies":[{"embeddable":true,"href":"https:\/\/przedszkole-alwernia.pl\/index.php?rest_route=%2Fwp%2Fv2%2Fcomments&post=13319"}],"version-history":[{"count":3,"href":"https:\/\/przedszkole-alwernia.pl\/index.php?rest_route=\/wp\/v2\/posts\/13319\/revisions"}],"predecessor-version":[{"id":13356,"href":"https:\/\/przedszkole-alwernia.pl\/index.php?rest_route=\/wp\/v2\/posts\/13319\/revisions\/13356"}],"wp:attachment":[{"href":"https:\/\/przedszkole-alwernia.pl\/index.php?rest_route=%2Fwp%2Fv2%2Fmedia&parent=13319"}],"wp:term":[{"taxonomy":"category","embeddable":true,"href":"https:\/\/przedszkole-alwernia.pl\/index.php?rest_route=%2Fwp%2Fv2%2Fcategories&post=13319"},{"taxonomy":"post_tag","embeddable":true,"href":"https:\/\/przedszkole-alwernia.pl\/index.php?rest_route=%2Fwp%2Fv2%2Ftags&post=13319"}],"curies":[{"name":"wp","href":"https:\/\/api.w.org\/{rel}","templated":true}]}}