{"id":13321,"date":"2020-03-18T19:25:15","date_gmt":"2020-03-18T19:25:15","guid":{"rendered":"https:\/\/przedszkole-alwernia.pl\/?p=13321"},"modified":"2020-03-18T19:25:15","modified_gmt":"2020-03-18T19:25:15","slug":"materialy-edukacyjne-dla-grupy-vii","status":"publish","type":"post","link":"https:\/\/przedszkole-alwernia.pl\/?p=13321","title":{"rendered":"Materia\u0142y edukacyjne dla grupy VII"},"content":{"rendered":"<div>Drodzy\u00a0 Rodzice !<\/div>\n<p><!--more--><\/p>\n<div>Zachecamy\u00a0do skorzystania z naszych podpowiedzi. Przygotowujemy na bie\u017caco\u00a0tematy\u00a0<u>zaj\u0119\u0107\u00a0na dany tydzie\u0144<\/u>\u00a0i propozycje stron, z kt\u00f3rych mo\u017cna czerpa\u0107 inspiracje.<\/div>\n<div>\u00a0<a href=\"https:\/\/www.domowyprzedszkolak.pl\/\" target=\"_blank\" rel=\"noopener noreferrer\">https:\/\/www.domowyprzedszkolak.pl\/<\/a><\/div>\n<div><\/div>\n<div>W tym tygodniu rozmawiamy o marcowej pogodzie ale wzbogacamy r\u00f3wniez wiadomo\u015bci naszych dzieci na temat zjawisk atmosferycznych i\u00a0 aktualnej aurze.<\/div>\n<div><a href=\"https:\/\/www.youtube.com\/watch?v=uZD8-5JoUXI\" data-rel=\"lightbox-video-0\" target=\"_blank\" rel=\"noopener noreferrer\">https:\/\/www.youtube.com\/watch?v=uZD8-5JoUXI<\/a>\u00a0&#8211; film edukacyjny &#8222;Ubu poznaje \u015bwiat&#8221;<\/div>\n<div><a href=\"https:\/\/www.youtube.com\/watch?v=yYva6w_cZ8A\" data-rel=\"lightbox-video-1\" target=\"_blank\" rel=\"noopener noreferrer\">https:\/\/www.youtube.com\/watch?v=yYva6w_cZ8A<\/a>\u00a0&#8211; Bingo i Bongo<\/div>\n<div><\/div>\n<div>h<a href=\"https:\/\/www.youtube.com\/watch?v=2XA-1126500\" data-rel=\"lightbox-video-2\" target=\"_blank\" rel=\"noopener noreferrer\">ttps:\/\/www.youtube.com\/watch?v=2XA-1126500<\/a>\u00a0\u00a0\u00a0 &#8211; zabawa rytmiczna<\/div>\n<div><a href=\"https:\/\/www.youtube.com\/watch?v=aHP4c32S6tc\" data-rel=\"lightbox-video-3\" target=\"_blank\" rel=\"noopener noreferrer\">https:\/\/www.youtube.com\/watch?v=aHP4c32S6tc<\/a>\u00a0 &#8211; zabawa rytmiczna<\/div>\n<div><a href=\"https:\/\/www.youtube.com\/watch?v=pptRuejoWOY\" data-rel=\"lightbox-video-4\" target=\"_blank\" rel=\"noopener noreferrer\">https:\/\/www.youtube.com\/watch?v=pptRuejoWOY<\/a>\u00a0&#8211; s\u0142uchamy i bawimy si\u0119 przy piosence<\/div>\n<div>Sluchamy piosenki &#8221; Kasza marcowa &#8221; i uczymy sie refrenu.<\/div>\n<div><a href=\"https:\/\/www.youtube.com\/watch?v=mSGgJIbdWO8\" data-rel=\"lightbox-video-5\" target=\"_blank\" rel=\"noopener noreferrer\">https:\/\/www.youtube.com\/watch?v=mSGgJIbdWO8<\/a>\u00a0&#8211; piosenka &#8222;Kasza Marcowa&#8221;<\/div>\n<div><\/div>\n<div>\n<ul>\n<li>zadanie dla dzieci<\/li>\n<\/ul>\n<\/div>\n<div>Popro\u015b Rodzic\u00f3w aby narysowali na kartce symbole pogody marcowej<\/div>\n<div>S\u0142oneczko, chmurk\u0119, wiatr, deszcz, \u015bnieg. Codziennie zaznaczaj w dowolny spos\u00f3b, jaka w w danym dniu jest pogoda.Gdy spotkamy si\u0119 w przedszkolu pochwalicie si\u0119 swoj\u0105 systematyczn\u0105 obserwacj\u0105 .<\/div>\n<div><\/div>\n<div>i pami\u0119tajcie- myjemy r\u0119ce<\/div>\n<div><\/div>\n<div><a href=\"https:\/\/www.youtube.com\/watch?v=fxxx2myt_eI\" data-rel=\"lightbox-video-6\" target=\"_blank\" rel=\"noopener noreferrer\">https:\/\/www.youtube.com\/watch?v=fxxx2myt_eI<\/a>\u00a0 &#8211;\u00a0 &#8211; myjemy r\u0119ce\u00a0 z Myszk\u0105 w Paski<\/div>\n<div><\/div>\n<div>Do zobaczenia !<\/div>\n","protected":false},"excerpt":{"rendered":"<p>Drodzy\u00a0 Rodzice !<\/p>\n","protected":false},"author":2,"featured_media":0,"comment_status":"open","ping_status":"closed","sticky":false,"template":"","format":"standard","meta":{"footnotes":""},"categories":[1],"tags":[],"class_list":["post-13321","post","type-post","status-publish","format-standard","hentry","category-uncategorized"],"_links":{"self":[{"href":"https:\/\/przedszkole-alwernia.pl\/index.php?rest_route=\/wp\/v2\/posts\/13321","targetHints":{"allow":["GET"]}}],"collection":[{"href":"https:\/\/przedszkole-alwernia.pl\/index.php?rest_route=\/wp\/v2\/posts"}],"about":[{"href":"https:\/\/przedszkole-alwernia.pl\/index.php?rest_route=\/wp\/v2\/types\/post"}],"author":[{"embeddable":true,"href":"https:\/\/przedszkole-alwernia.pl\/index.php?rest_route=\/wp\/v2\/users\/2"}],"replies":[{"embeddable":true,"href":"https:\/\/przedszkole-alwernia.pl\/index.php?rest_route=%2Fwp%2Fv2%2Fcomments&post=13321"}],"version-history":[{"count":1,"href":"https:\/\/przedszkole-alwernia.pl\/index.php?rest_route=\/wp\/v2\/posts\/13321\/revisions"}],"predecessor-version":[{"id":13322,"href":"https:\/\/przedszkole-alwernia.pl\/index.php?rest_route=\/wp\/v2\/posts\/13321\/revisions\/13322"}],"wp:attachment":[{"href":"https:\/\/przedszkole-alwernia.pl\/index.php?rest_route=%2Fwp%2Fv2%2Fmedia&parent=13321"}],"wp:term":[{"taxonomy":"category","embeddable":true,"href":"https:\/\/przedszkole-alwernia.pl\/index.php?rest_route=%2Fwp%2Fv2%2Fcategories&post=13321"},{"taxonomy":"post_tag","embeddable":true,"href":"https:\/\/przedszkole-alwernia.pl\/index.php?rest_route=%2Fwp%2Fv2%2Ftags&post=13321"}],"curies":[{"name":"wp","href":"https:\/\/api.w.org\/{rel}","templated":true}]}}