{"id":13328,"date":"2020-03-18T20:24:31","date_gmt":"2020-03-18T20:24:31","guid":{"rendered":"https:\/\/przedszkole-alwernia.pl\/?p=13328"},"modified":"2020-03-18T20:41:09","modified_gmt":"2020-03-18T20:41:09","slug":"materialy-edukacyjne-dla-grupy-iv","status":"publish","type":"post","link":"https:\/\/przedszkole-alwernia.pl\/?p=13328","title":{"rendered":"Materia\u0142y edukacyjne dla grupy IV"},"content":{"rendered":"<p><!--more--><\/p>\n<p>Drodzy\u00a0 Rodzice !<\/p>\n<p>Zach\u0119camy do skorzystania z naszych podpowiedzi.<\/p>\n<p>Propozycje stron, z kt\u00f3rych mo\u017cna czerpa\u0107 inspiracje.<\/p>\n<p><a href=\"https:\/\/www.domowyprzedszkolak.pl\/\">https:\/\/www.domowyprzedszkolak.pl\/<\/a><\/p>\n<p><a href=\"https:\/\/mail.mailnews.pl\/c\/hk7oysq0hv\/66afxjotuh\/\" target=\"_blank\" rel=\"noopener noreferrer\">bit.ly\/ZadaniaBezNudy1<\/a><\/p>\n<p><a href=\"https:\/\/mail.mailnews.pl\/c\/xrihbdo1gi\/66afxjotuh\/\" target=\"_blank\" rel=\"noopener noreferrer\">ZadaniaBezNudy02<\/a><\/p>\n<p>Czytajmy razem!<\/p>\n<p><a href=\"https:\/\/przedszkole-alwernia.pl\/wp-content\/uploads\/2020\/03\/poczytajmy-razem.png\" data-rel=\"lightbox-image-0\" data-rl_title=\"\" data-rl_caption=\"\" title=\"\"><img loading=\"lazy\" decoding=\"async\" class=\"alignnone size-medium wp-image-13329\" src=\"https:\/\/przedszkole-alwernia.pl\/wp-content\/uploads\/2020\/03\/poczytajmy-razem-242x300.png\" alt=\"\" width=\"242\" height=\"300\" srcset=\"https:\/\/przedszkole-alwernia.pl\/wp-content\/uploads\/2020\/03\/poczytajmy-razem-242x300.png 242w, https:\/\/przedszkole-alwernia.pl\/wp-content\/uploads\/2020\/03\/poczytajmy-razem.png 515w\" sizes=\"auto, (max-width: 242px) 100vw, 242px\" \/><\/a><\/p>\n<p>Pos\u0142uchaj wiersza i narysuj ilustracj\u0119 .<\/p>\n<p class=\"sp_size\">\u00a0<\/p>\n<p class=\"sp_size\"><strong class=\"sp_size\">WIERSZ &#8211; ,,Pierwiosnek&#8221; W. Broniewski<\/strong><\/p>\n<p class=\"sp_size\">Jeszcze w polu tyle \u015bniegu,<\/p>\n<p class=\"sp_size\">Jeszcze strumyk lodem \u015bci\u0119ty,<\/p>\n<p class=\"sp_size\">A pierwiosnek ju\u017c na brzegu<\/p>\n<p class=\"sp_size\">Wyr\u00f3s\u0142\u00a0\u015bliczny, u\u015bmiechni\u0119ty.<\/p>\n<p class=\"sp_size\">Witaj, witaj kwiatku bia\u0142y,<\/p>\n<p class=\"sp_size\">G\u0142\u00f3wk\u0119 jasn\u0105 zwr\u00f3\u0107 do s\u0142onka,<\/p>\n<p class=\"sp_size\">Ju\u017c bociany przylecia\u0142y,<\/p>\n<p class=\"sp_size\">W niebie s\u0142ycha\u0107 \u015bpiew skowronka.<\/p>\n<p class=\"sp_size\">Stare wierzby nachyli\u0142y<\/p>\n<p class=\"sp_size\">Mi\u0119kkie bazie ponad kwiatkiem:<\/p>\n<p class=\"sp_size\">\u201eGdzie jest wiosna? Powiedz, mi\u0142y,<\/p>\n<p class=\"sp_size\">Czy\u015b nie widzia\u0142 jej przypadkiem?\u201d<\/p>\n<p class=\"sp_size\">Lecz on wida\u0107 milcze\u0107 wola\u0142.<\/p>\n<p class=\"sp_size\">O czym my\u015bla\u0142 \u2013 kt\u00f3\u017c to zgadnie?<\/p>\n<p class=\"sp_size\">Spojrza\u0142 w niebo, spojrza\u0142 w pola,<\/p>\n<p class=\"sp_size\">Szepn\u0105\u0142 cicho: \u201eJak tu \u0142adnie\u2026\u201d<\/p>\n<p class=\"sp_size\">Pos\u0142uchaj piosenki i naucz si\u0119 j\u0105 \u015bpiewa\u0107 . Po powrocie do przedszkola wsp\u00f3lnie j\u0105 za\u015bpiewamy!<\/p>\n<p>Marcowe \u017caby!<\/p>\n<p><iframe loading=\"lazy\" title=\"MARCOWE \u017bABY\" width=\"793\" height=\"446\" src=\"https:\/\/www.youtube.com\/embed\/HEi4wz8L-6o?feature=oembed\" frameborder=\"0\" allow=\"accelerometer; autoplay; encrypted-media; gyroscope; picture-in-picture\" allowfullscreen><\/iframe><\/p>\n<p>Zabawy z pogod\u0105<\/p>\n<p><iframe loading=\"lazy\" title=\"Zabawy z pogod\u0105 - Ubu poznaje \u015bwiat - piosenka o pogodzie\" width=\"793\" height=\"446\" src=\"https:\/\/www.youtube.com\/embed\/uZD8-5JoUXI?feature=oembed\" frameborder=\"0\" allow=\"accelerometer; autoplay; encrypted-media; gyroscope; picture-in-picture\" allowfullscreen><\/iframe><\/p>\n<p><a href=\"https:\/\/przedszkole-alwernia.pl\/wp-content\/uploads\/2020\/03\/ceula.png\" data-rel=\"lightbox-image-1\" data-rl_title=\"\" data-rl_caption=\"\" title=\"\"><img loading=\"lazy\" decoding=\"async\" class=\"alignnone size-medium wp-image-13330\" src=\"https:\/\/przedszkole-alwernia.pl\/wp-content\/uploads\/2020\/03\/ceula-216x300.png\" alt=\"\" width=\"216\" height=\"300\" srcset=\"https:\/\/przedszkole-alwernia.pl\/wp-content\/uploads\/2020\/03\/ceula-216x300.png 216w, https:\/\/przedszkole-alwernia.pl\/wp-content\/uploads\/2020\/03\/ceula.png 368w\" sizes=\"auto, (max-width: 216px) 100vw, 216px\" \/><\/a><a href=\"https:\/\/przedszkole-alwernia.pl\/wp-content\/uploads\/2020\/03\/znajdz_slowa_3.jpg\" data-rel=\"lightbox-image-2\" data-rl_title=\"\" data-rl_caption=\"\" title=\"\"><img loading=\"lazy\" decoding=\"async\" class=\"alignnone size-medium wp-image-13332\" src=\"https:\/\/przedszkole-alwernia.pl\/wp-content\/uploads\/2020\/03\/znajdz_slowa_3-210x300.jpg\" alt=\"\" width=\"210\" height=\"300\" srcset=\"https:\/\/przedszkole-alwernia.pl\/wp-content\/uploads\/2020\/03\/znajdz_slowa_3-210x300.jpg 210w, https:\/\/przedszkole-alwernia.pl\/wp-content\/uploads\/2020\/03\/znajdz_slowa_3.jpg 562w\" sizes=\"auto, (max-width: 210px) 100vw, 210px\" \/><\/a><\/p>\n<p>Pobaw si\u0119 z Panem Mi\u0142oszem 19 marca o godzinie 11.00<\/p>\n<p><iframe loading=\"lazy\" title=\"TUPTAJ, MALUSZKU - PAN MI\u0141OSZ\" width=\"793\" height=\"446\" src=\"https:\/\/www.youtube.com\/embed\/_cht9rDfYXg?feature=oembed\" frameborder=\"0\" allow=\"accelerometer; autoplay; encrypted-media; gyroscope; picture-in-picture\" allowfullscreen><\/iframe><\/p>\n\n\n<p><\/p>\n","protected":false},"excerpt":{"rendered":"","protected":false},"author":2,"featured_media":0,"comment_status":"open","ping_status":"closed","sticky":false,"template":"","format":"standard","meta":{"footnotes":""},"categories":[1],"tags":[],"class_list":["post-13328","post","type-post","status-publish","format-standard","hentry","category-uncategorized"],"_links":{"self":[{"href":"https:\/\/przedszkole-alwernia.pl\/index.php?rest_route=\/wp\/v2\/posts\/13328","targetHints":{"allow":["GET"]}}],"collection":[{"href":"https:\/\/przedszkole-alwernia.pl\/index.php?rest_route=\/wp\/v2\/posts"}],"about":[{"href":"https:\/\/przedszkole-alwernia.pl\/index.php?rest_route=\/wp\/v2\/types\/post"}],"author":[{"embeddable":true,"href":"https:\/\/przedszkole-alwernia.pl\/index.php?rest_route=\/wp\/v2\/users\/2"}],"replies":[{"embeddable":true,"href":"https:\/\/przedszkole-alwernia.pl\/index.php?rest_route=%2Fwp%2Fv2%2Fcomments&post=13328"}],"version-history":[{"count":4,"href":"https:\/\/przedszkole-alwernia.pl\/index.php?rest_route=\/wp\/v2\/posts\/13328\/revisions"}],"predecessor-version":[{"id":15868,"href":"https:\/\/przedszkole-alwernia.pl\/index.php?rest_route=\/wp\/v2\/posts\/13328\/revisions\/15868"}],"wp:attachment":[{"href":"https:\/\/przedszkole-alwernia.pl\/index.php?rest_route=%2Fwp%2Fv2%2Fmedia&parent=13328"}],"wp:term":[{"taxonomy":"category","embeddable":true,"href":"https:\/\/przedszkole-alwernia.pl\/index.php?rest_route=%2Fwp%2Fv2%2Fcategories&post=13328"},{"taxonomy":"post_tag","embeddable":true,"href":"https:\/\/przedszkole-alwernia.pl\/index.php?rest_route=%2Fwp%2Fv2%2Ftags&post=13328"}],"curies":[{"name":"wp","href":"https:\/\/api.w.org\/{rel}","templated":true}]}}