{"id":13335,"date":"2020-03-18T20:31:42","date_gmt":"2020-03-18T20:31:42","guid":{"rendered":"https:\/\/przedszkole-alwernia.pl\/?p=13335"},"modified":"2020-03-18T20:47:42","modified_gmt":"2020-03-18T20:47:42","slug":"materialy-edukacyjne-dla-grupy-iii","status":"publish","type":"post","link":"https:\/\/przedszkole-alwernia.pl\/?p=13335","title":{"rendered":"Materia\u0142y edukacyjne dla grupy III"},"content":{"rendered":"<p><!--more--><\/p>\n<p><strong><u>Marcowa pogoda<\/u><\/strong><\/p>\n<p>Witam pa\u0144stwa w tych trudnych warunkach.<\/p>\n<p>Proponuj\u0119 dla pa\u0144stwa i dzieci zabawy, kt\u00f3rych nie mog\u0105 wykona\u0107<\/p>\n<p>w przedszkolu, je\u017celi pa\u0144stwo zechc\u0105 o to kilka propozycji.<\/p>\n<p><strong>&#8222;Marcowa pogoda&#8221; B.Forma <\/strong><\/p>\n<table>\n<tbody>\n<tr>\n<td>Ja jestem marzec, ja wam poka\u017c\u0119,<br \/>\njak dobrze miesza\u0107 pogod\u0119 w garze.<br \/>\nZanim na dobre wiosna przyb\u0119dzie,<br \/>\nja \u015blady zimy zostawi\u0119 wsz\u0119dzie.<\/p>\n<p>Zmarzn\u0105 wam nosy i zmarzn\u0105 uszy,<br \/>\ni jeszcze troch\u0119 \u015bnie\u017cek popr\u00f3szy.<br \/>\nI chocia\u017c s\u0142o\u0144ce mocniej przygrzeje,<br \/>\nto jeszcze ch\u0142odnym wiatrem powieje.<\/p>\n<\/td>\n<\/tr>\n<\/tbody>\n<\/table>\n<p><strong><u>Zagadki dla dzieci <\/u><\/strong><\/p>\n<p>Widzisz je za dnia na pogodnym niebie,<br \/>\nza to w dzie\u0144 pochmurny chmurka chowa je za siebie (s\u0142o\u0144ce)<\/p>\n<p>Gdy jest ciemna, to wiesz,<br \/>\n\u017ce lada moment spadnie z niej deszcz.(chmura)<\/p>\n<p>Gdy go d\u0142ugo nie ma, wszyscy narzekaj\u0105.<br \/>\nA gdy przyjdzie pod parasol si\u0119 chowaj\u0105. (deszcz)<\/p>\n<p>To ma\u0142a gwiazdka, bia\u0142a, niewielka.<br \/>\nChuchniesz, zostanie wody kropelka. (\u015bnieg)<\/p>\n<p>Szumi, \u015bwiszcze, zagarnia li\u015bcie.<br \/>\nCzasem deszczem nas opry\u015bnie. (wiatr)<\/p>\n<p><strong><u>Masa\u017cyk relaksacyjny <\/u><\/strong><\/p>\n<p><u>Deszczowy masa\u017cyk <\/u><\/p>\n<p>Na niebie pokaza\u0142 si\u0119 ma\u0142y k\u0142\u0119buszek&nbsp; &#8212;&nbsp; rysujemy na plecach spiral\u0119.<\/p>\n<p>Psotny wiatr dmucha\u0142 mocno &#8212; przesuwa my palcami obu r\u0105k po plecach.<\/p>\n<p>Przegoni\u0142 du\u017co chmurek &#8212; rysujemy palcami wskazuj\u0105cymi wiele spiralek<\/p>\n<p>Chmurki uderza\u0142y o siebie i pop\u0142akiwa\u0142y &#8212; stawiamy kreski w r\u00f3\u017cnych<\/p>\n<p>miejscach na plecach<\/p>\n<p>Z daleka by\u0142o s\u0142ycha\u0107 pomrukiwanie zbli\u017caj\u0105cej si\u0119 burzy &#8212; uderzamy<br \/>\npi\u0105stkami.<\/p>\n<p>Nagle pojawi\u0142 si\u0119 b\u0142ysk &#8212; rysujemy zygzak pioruna.<\/p>\n<p>Wystraszone chmurki zacz\u0119\u0142y la\u0107 \u0142zy &#8212; uderzamy wszystkimi palcami jak przy<br \/>\ngrze na pianinie.<\/p>\n<p>Rozbieg\u0142y si\u0119 po ca\u0142ym niebie i znikn\u0119\u0142y &#8212; przesuwamy po plecach<\/p>\n<p>wewn\u0119trzn\u0105 stron\u0105 d\u0142oni<\/p>\n<p>Deszcz by\u0142 coraz s\u0142abszy &#8212; wykonujemy pojedyncze stukni\u0119cia palcami<br \/>\nwskazuj\u0105cymi<\/p>\n<p>A na niebie rozb\u0142ys\u0142o s\u0142o\u0144ce &#8212; rysujemy ko\u0142o i promyki.<\/p>\n<p>Proponuj\u0119 zabawy muzyczne&nbsp; Kasza marcowa &#8211; www.youtube.com<\/p>\n<p><iframe loading=\"lazy\" title=\"TUPTAJ, MALUSZKU - PAN MI\u0141OSZ\" width=\"793\" height=\"446\" src=\"https:\/\/www.youtube.com\/embed\/_cht9rDfYXg?feature=oembed\" frameborder=\"0\" allow=\"accelerometer; autoplay; encrypted-media; gyroscope; picture-in-picture\" allowfullscreen><\/iframe><\/p>\n<p><a href=\"https:\/\/przedszkole-alwernia.pl\/wp-content\/uploads\/2020\/03\/pokoloruj-wedlug-numerow-obrazek-slimak-v.jpg\" data-rel=\"lightbox-image-0\" data-rl_title=\"\" data-rl_caption=\"\" title=\"\"><img loading=\"lazy\" decoding=\"async\" class=\"alignnone size-full wp-image-13351\" src=\"https:\/\/przedszkole-alwernia.pl\/wp-content\/uploads\/2020\/03\/pokoloruj-wedlug-numerow-obrazek-slimak-v.jpg\" alt=\"\" width=\"170\" height=\"210\" \/><\/a><\/p>\n","protected":false},"excerpt":{"rendered":"","protected":false},"author":2,"featured_media":0,"comment_status":"open","ping_status":"closed","sticky":false,"template":"","format":"standard","meta":{"footnotes":""},"categories":[1],"tags":[],"class_list":["post-13335","post","type-post","status-publish","format-standard","hentry","category-uncategorized"],"_links":{"self":[{"href":"https:\/\/przedszkole-alwernia.pl\/index.php?rest_route=\/wp\/v2\/posts\/13335","targetHints":{"allow":["GET"]}}],"collection":[{"href":"https:\/\/przedszkole-alwernia.pl\/index.php?rest_route=\/wp\/v2\/posts"}],"about":[{"href":"https:\/\/przedszkole-alwernia.pl\/index.php?rest_route=\/wp\/v2\/types\/post"}],"author":[{"embeddable":true,"href":"https:\/\/przedszkole-alwernia.pl\/index.php?rest_route=\/wp\/v2\/users\/2"}],"replies":[{"embeddable":true,"href":"https:\/\/przedszkole-alwernia.pl\/index.php?rest_route=%2Fwp%2Fv2%2Fcomments&post=13335"}],"version-history":[{"count":5,"href":"https:\/\/przedszkole-alwernia.pl\/index.php?rest_route=\/wp\/v2\/posts\/13335\/revisions"}],"predecessor-version":[{"id":13352,"href":"https:\/\/przedszkole-alwernia.pl\/index.php?rest_route=\/wp\/v2\/posts\/13335\/revisions\/13352"}],"wp:attachment":[{"href":"https:\/\/przedszkole-alwernia.pl\/index.php?rest_route=%2Fwp%2Fv2%2Fmedia&parent=13335"}],"wp:term":[{"taxonomy":"category","embeddable":true,"href":"https:\/\/przedszkole-alwernia.pl\/index.php?rest_route=%2Fwp%2Fv2%2Fcategories&post=13335"},{"taxonomy":"post_tag","embeddable":true,"href":"https:\/\/przedszkole-alwernia.pl\/index.php?rest_route=%2Fwp%2Fv2%2Ftags&post=13335"}],"curies":[{"name":"wp","href":"https:\/\/api.w.org\/{rel}","templated":true}]}}