{"id":13337,"date":"2020-03-18T20:38:06","date_gmt":"2020-03-18T20:38:06","guid":{"rendered":"https:\/\/przedszkole-alwernia.pl\/?p=13337"},"modified":"2020-03-18T20:43:04","modified_gmt":"2020-03-18T20:43:04","slug":"materialy-edukacyjne-dla-grupy-i-i-ii","status":"publish","type":"post","link":"https:\/\/przedszkole-alwernia.pl\/?p=13337","title":{"rendered":"Materia\u0142y edukacyjne dla grupy I i II"},"content":{"rendered":"<p><!--more--><\/p>\n<p>&#8222;Marzec&#8221; Joanna Kulmowa<\/p>\n<p>Marzec ma ogromny garniec. Mieszka w nim przez ca\u0142e noce, Wieje w garncu nieustannie Syczy cos i bulgocze. &#8211; Powied\u017a, Marcu, Co masz w garncu? &#8211; Mam sk\u0142adniki r\u00f3\u017cnorodne: Wiatry ciep\u0142e, wiatry ch\u0142odne, Chmury, s\u0142o\u0144ce, \u015bnieg i wod\u0119 z nich przyrz\u0105dzam Wam pogod\u0119.<\/p>\n<p>Wiersz do karty pracy &#8222;W marcu jak w garncu&#8221;.<\/p>\n<p>\u00a0<\/p>\n\n\n<div class=\"wp-block-file\"><a href=\"https:\/\/przedszkole-alwernia.pl\/wp-content\/uploads\/2020\/03\/Parasol-wiosenny-skonwertowany-2.pdf\">Parasol-wiosenny-skonwertowany-2<\/a><a href=\"https:\/\/przedszkole-alwernia.pl\/wp-content\/uploads\/2020\/03\/Parasol-wiosenny-skonwertowany-2.pdf\" class=\"wp-block-file__button\" download>Pobierz<\/a><\/div>\n\n\n\n<div class=\"wp-block-file\"><a href=\"https:\/\/przedszkole-alwernia.pl\/wp-content\/uploads\/2020\/03\/CCF_000010-2.pdf\">CCF_000010-2<\/a><a href=\"https:\/\/przedszkole-alwernia.pl\/wp-content\/uploads\/2020\/03\/CCF_000010-2.pdf\" class=\"wp-block-file__button\" download>Pobierz<\/a><\/div>\n\n\n\n<figure class=\"wp-block-image\"><img loading=\"lazy\" decoding=\"async\" width=\"553\" height=\"558\" src=\"https:\/\/przedszkole-alwernia.pl\/wp-content\/uploads\/2020\/03\/received_854285128370457-1.gif\" alt=\"\" class=\"wp-image-13340\"\/><\/figure>\n\n\n\n<figure class=\"wp-block-image\"><img loading=\"lazy\" decoding=\"async\" width=\"725\" height=\"1024\" src=\"https:\/\/przedszkole-alwernia.pl\/wp-content\/uploads\/2020\/03\/received_212503706506491.jpeg-1-725x1024.jpg\" alt=\"\" class=\"wp-image-13341\" srcset=\"https:\/\/przedszkole-alwernia.pl\/wp-content\/uploads\/2020\/03\/received_212503706506491.jpeg-1-725x1024.jpg 725w, https:\/\/przedszkole-alwernia.pl\/wp-content\/uploads\/2020\/03\/received_212503706506491.jpeg-1-213x300.jpg 213w, https:\/\/przedszkole-alwernia.pl\/wp-content\/uploads\/2020\/03\/received_212503706506491.jpeg-1-768x1084.jpg 768w, https:\/\/przedszkole-alwernia.pl\/wp-content\/uploads\/2020\/03\/received_212503706506491.jpeg-1.jpg 782w\" sizes=\"auto, (max-width: 725px) 100vw, 725px\" \/><\/figure>\n\n\n\n<figure class=\"wp-block-image\"><img loading=\"lazy\" decoding=\"async\" width=\"1024\" height=\"727\" src=\"https:\/\/przedszkole-alwernia.pl\/wp-content\/uploads\/2020\/03\/received_2088820294596749.jpeg-1-1024x727.jpg\" alt=\"\" class=\"wp-image-13342\" srcset=\"https:\/\/przedszkole-alwernia.pl\/wp-content\/uploads\/2020\/03\/received_2088820294596749.jpeg-1-1024x727.jpg 1024w, https:\/\/przedszkole-alwernia.pl\/wp-content\/uploads\/2020\/03\/received_2088820294596749.jpeg-1-300x213.jpg 300w, https:\/\/przedszkole-alwernia.pl\/wp-content\/uploads\/2020\/03\/received_2088820294596749.jpeg-1-768x545.jpg 768w\" sizes=\"auto, (max-width: 1024px) 100vw, 1024px\" \/><\/figure>\n","protected":false},"excerpt":{"rendered":"","protected":false},"author":2,"featured_media":0,"comment_status":"open","ping_status":"closed","sticky":false,"template":"","format":"standard","meta":{"footnotes":""},"categories":[1],"tags":[],"class_list":["post-13337","post","type-post","status-publish","format-standard","hentry","category-uncategorized"],"_links":{"self":[{"href":"https:\/\/przedszkole-alwernia.pl\/index.php?rest_route=\/wp\/v2\/posts\/13337","targetHints":{"allow":["GET"]}}],"collection":[{"href":"https:\/\/przedszkole-alwernia.pl\/index.php?rest_route=\/wp\/v2\/posts"}],"about":[{"href":"https:\/\/przedszkole-alwernia.pl\/index.php?rest_route=\/wp\/v2\/types\/post"}],"author":[{"embeddable":true,"href":"https:\/\/przedszkole-alwernia.pl\/index.php?rest_route=\/wp\/v2\/users\/2"}],"replies":[{"embeddable":true,"href":"https:\/\/przedszkole-alwernia.pl\/index.php?rest_route=%2Fwp%2Fv2%2Fcomments&post=13337"}],"version-history":[{"count":3,"href":"https:\/\/przedszkole-alwernia.pl\/index.php?rest_route=\/wp\/v2\/posts\/13337\/revisions"}],"predecessor-version":[{"id":13349,"href":"https:\/\/przedszkole-alwernia.pl\/index.php?rest_route=\/wp\/v2\/posts\/13337\/revisions\/13349"}],"wp:attachment":[{"href":"https:\/\/przedszkole-alwernia.pl\/index.php?rest_route=%2Fwp%2Fv2%2Fmedia&parent=13337"}],"wp:term":[{"taxonomy":"category","embeddable":true,"href":"https:\/\/przedszkole-alwernia.pl\/index.php?rest_route=%2Fwp%2Fv2%2Fcategories&post=13337"},{"taxonomy":"post_tag","embeddable":true,"href":"https:\/\/przedszkole-alwernia.pl\/index.php?rest_route=%2Fwp%2Fv2%2Ftags&post=13337"}],"curies":[{"name":"wp","href":"https:\/\/api.w.org\/{rel}","templated":true}]}}