{"id":13359,"date":"2020-03-19T15:48:51","date_gmt":"2020-03-19T15:48:51","guid":{"rendered":"https:\/\/przedszkole-alwernia.pl\/?p=13359"},"modified":"2020-03-20T15:55:34","modified_gmt":"2020-03-20T15:55:34","slug":"dzien-kolorowej-skarpetki","status":"publish","type":"post","link":"https:\/\/przedszkole-alwernia.pl\/?p=13359","title":{"rendered":"Dzie\u0144 Kolorowej Skarpetki"},"content":{"rendered":"<p>Szanowni Rodzice<\/p>\n<p>21 marca, to nie tylko pierwszy dzie\u0144 wiosny.<br \/>\nTo r\u00f3wnie\u017c \u015awiatowy Dzie\u0144 Zespo\u0142u Downa.<!--more--><br \/>\nMieli\u015bmy go wsp\u00f3lnie obchodzi\u0107 w przedszkolu.<br \/>\nTo nie jest przypadkowa data &#8211; osoby z t\u0105 chorob\u0105 w 21. parze chromosom\u00f3w maj\u0105 trzy chromosomy, zamiast dw\u00f3ch.<br \/>\n21 marca, to pi\u0119kny dzie\u0144 Skarpet nie do pary ! <img decoding=\"async\" class=\"_1ift _2560 img\" src=\"https:\/\/static.xx.fbcdn.net\/images\/emoji.php\/v9\/t6c\/1\/16\/2764.png\" alt=\"\u2764\" \/><br \/>\nW ten dzie\u0144 na znak solidarno\u015bci z chorymi zach\u0119camy do za\u0142o\u017cenia kolorowych skarpetek w r\u00f3\u017cnych, weso\u0142ych kolorach. Skarpetki mog\u0105 by\u0107 w paski, w kropki, d\u0142ugie lub kr\u00f3tkie, mog\u0105 by\u0107 z r\u00f3\u017cnych, niepasuj\u0105cych do siebie par. Im dziwniej, tym lepiej, bo wygl\u0105daj\u0105c nieco odmiennie wysy\u0142amy sygna\u0142, \u017ce akceptujemy odmienno\u015b\u0107 os\u00f3b z Zespo\u0142em Downa.<br \/>\nCharakter tego gestu jest weso\u0142y i przyjazny!<br \/>\nMile widziane zdj\u0119cia!<\/p>\n","protected":false},"excerpt":{"rendered":"<p>Szanowni Rodzice 21 marca, to nie tylko pierwszy dzie\u0144 wiosny. To r\u00f3wnie\u017c \u015awiatowy Dzie\u0144 Zespo\u0142u Downa.<\/p>\n","protected":false},"author":2,"featured_media":0,"comment_status":"open","ping_status":"closed","sticky":false,"template":"","format":"standard","meta":{"footnotes":""},"categories":[1],"tags":[],"class_list":["post-13359","post","type-post","status-publish","format-standard","hentry","category-uncategorized"],"_links":{"self":[{"href":"https:\/\/przedszkole-alwernia.pl\/index.php?rest_route=\/wp\/v2\/posts\/13359","targetHints":{"allow":["GET"]}}],"collection":[{"href":"https:\/\/przedszkole-alwernia.pl\/index.php?rest_route=\/wp\/v2\/posts"}],"about":[{"href":"https:\/\/przedszkole-alwernia.pl\/index.php?rest_route=\/wp\/v2\/types\/post"}],"author":[{"embeddable":true,"href":"https:\/\/przedszkole-alwernia.pl\/index.php?rest_route=\/wp\/v2\/users\/2"}],"replies":[{"embeddable":true,"href":"https:\/\/przedszkole-alwernia.pl\/index.php?rest_route=%2Fwp%2Fv2%2Fcomments&post=13359"}],"version-history":[{"count":1,"href":"https:\/\/przedszkole-alwernia.pl\/index.php?rest_route=\/wp\/v2\/posts\/13359\/revisions"}],"predecessor-version":[{"id":13360,"href":"https:\/\/przedszkole-alwernia.pl\/index.php?rest_route=\/wp\/v2\/posts\/13359\/revisions\/13360"}],"wp:attachment":[{"href":"https:\/\/przedszkole-alwernia.pl\/index.php?rest_route=%2Fwp%2Fv2%2Fmedia&parent=13359"}],"wp:term":[{"taxonomy":"category","embeddable":true,"href":"https:\/\/przedszkole-alwernia.pl\/index.php?rest_route=%2Fwp%2Fv2%2Fcategories&post=13359"},{"taxonomy":"post_tag","embeddable":true,"href":"https:\/\/przedszkole-alwernia.pl\/index.php?rest_route=%2Fwp%2Fv2%2Ftags&post=13359"}],"curies":[{"name":"wp","href":"https:\/\/api.w.org\/{rel}","templated":true}]}}