{"id":17235,"date":"2021-03-28T10:39:00","date_gmt":"2021-03-28T10:39:00","guid":{"rendered":"https:\/\/przedszkole-alwernia.pl\/?p=17235"},"modified":"2021-04-08T22:26:20","modified_gmt":"2021-04-08T22:26:20","slug":"ogloszenie-7","status":"publish","type":"post","link":"https:\/\/przedszkole-alwernia.pl\/?p=17235","title":{"rendered":"Og\u0142oszenie w sprawie czasowego ograniczenia funkcjonowania przedszkola"},"content":{"rendered":"<p><a href=\"https:\/\/przedszkole-alwernia.pl\/wp-content\/uploads\/2021\/03\/wniosek-1.doc\">wniosek<\/a><\/p>\n<p><!--more--><\/p>\n<p><strong><u>Uwaga rodzice!!!<\/u><\/strong><\/p>\n<p>Zgodnie z tre\u015bci\u0105 <em><a href=\"https:\/\/www.gov.pl\/attachment\/aea5b8af-b183-46e4-8641-0cb334fc71ed\">Rozporz\u0105dzenia Ministra Edukacji i Nauki z dnia 26 marca 2021 r.<br \/>w sprawie czasowego ograniczenia funkcjonowania jednostek systemu o\u015bwiaty w zwi\u0105zku<br \/>z zapobieganiem, przeciwdzia\u0142aniem i zwalczaniem COVID-19<\/a> <\/em>od 29 marca do 11 kwietnia ograniczone b\u0119dzie stacjonarne funkcjonowanie przedszkola.<\/p>\n<p><strong>Przedszkole b\u0119dzie prowadzi\u0107 zaj\u0119cia stacjonarne dla dzieci:<\/strong><\/p>\n<p>1) rodzic\u00f3w dzieci posiadaj\u0105cych orzeczenie o potrzebie kszta\u0142cenia specjalnego,<br \/>2) rodzic\u00f3w dzieci, kt\u00f3rzy:<br \/>a) s\u0105 zatrudnieni w podmiotach wykonuj\u0105cych dzia\u0142alno\u015b\u0107 lecznicz\u0105,<br \/>b) realizuj\u0105 zadania dotycz\u0105ce koordynacji ratownictwa medycznego,<br \/>c) realizuj\u0105 zadania publiczne w zwi\u0105zku z zapobieganiem, przeciwdzia\u0142aniem i zwalczaniem COVID-19,<br \/>d) pe\u0142ni\u0105 s\u0142u\u017cb\u0119 w jednostkach zapewniaj\u0105cych bezpiecze\u0144stwo i porz\u0105dek publiczny,<br \/>e) wykonuj\u0105 dzia\u0142ania ratownicze,<br \/>f) s\u0105 zatrudnieni w jednostkach organizacyjnych pomocy spo\u0142ecznej w rozumieniu art. 6 pkt 5 ustawy z dnia 12 marca 2004 r. o pomocy spo\u0142ecznej (Dz. U. z 2020 r. poz. 1876 i 2369),<br \/>g) s\u0105 zatrudnieni w ogrzewalniach i noclegowniach, o kt\u00f3rych mowa w art. 48a ustawy z dnia 12 marca 2004 r. o pomocy spo\u0142ecznej,<br \/>h) s\u0105 zatrudnieni w plac\u00f3wkach zapewniaj\u0105cych ca\u0142odobow\u0105 opiek\u0119 osobom niepe\u0142nosprawnym, przewlekle chorym lub osobom w podesz\u0142ym wieku, o kt\u00f3rych mowa<br \/>w art. 67 i art. 69 ustawy z dnia 12 marca 2004 r. o pomocy spo\u0142ecznej,<br \/>i) s\u0105 zatrudnieni w plac\u00f3wkach opieku\u0144czo-wychowawczych, regionalnych plac\u00f3wkach opieku\u0144czo-terapeutycznych oraz w interwencyjnych o\u015brodkach preadopcyjnych,<br \/>j) s\u0105 zatrudnieni w formach opieki nad dzie\u0107mi w wieku do lat 3,<br \/>k) s\u0105 zatrudnieni w jednostkach systemu o\u015bwiaty, o kt\u00f3rych mowa w art. 2 ustawy z dnia 14 grudnia 2016 r. \u2013 Prawo o\u015bwiatowe i realizuj\u0105 zadania na terenie tych jednostek<\/p>\n<p><strong><u>Warunek \u2013 wniosek rodzic\u00f3w z\u0142o\u017cony do dyrektora przedszkola<\/u><\/strong>.<\/p>\n<p><a href=\"https:\/\/przedszkole-alwernia.pl\/wp-content\/uploads\/2021\/03\/wniosek-1.doc\">wniosek<\/a><\/p>\n","protected":false},"excerpt":{"rendered":"<p>wniosek<\/p>\n","protected":false},"author":2,"featured_media":0,"comment_status":"open","ping_status":"closed","sticky":false,"template":"","format":"standard","meta":{"footnotes":""},"categories":[1],"tags":[],"class_list":["post-17235","post","type-post","status-publish","format-standard","hentry","category-uncategorized"],"_links":{"self":[{"href":"https:\/\/przedszkole-alwernia.pl\/index.php?rest_route=\/wp\/v2\/posts\/17235","targetHints":{"allow":["GET"]}}],"collection":[{"href":"https:\/\/przedszkole-alwernia.pl\/index.php?rest_route=\/wp\/v2\/posts"}],"about":[{"href":"https:\/\/przedszkole-alwernia.pl\/index.php?rest_route=\/wp\/v2\/types\/post"}],"author":[{"embeddable":true,"href":"https:\/\/przedszkole-alwernia.pl\/index.php?rest_route=\/wp\/v2\/users\/2"}],"replies":[{"embeddable":true,"href":"https:\/\/przedszkole-alwernia.pl\/index.php?rest_route=%2Fwp%2Fv2%2Fcomments&post=17235"}],"version-history":[{"count":5,"href":"https:\/\/przedszkole-alwernia.pl\/index.php?rest_route=\/wp\/v2\/posts\/17235\/revisions"}],"predecessor-version":[{"id":17595,"href":"https:\/\/przedszkole-alwernia.pl\/index.php?rest_route=\/wp\/v2\/posts\/17235\/revisions\/17595"}],"wp:attachment":[{"href":"https:\/\/przedszkole-alwernia.pl\/index.php?rest_route=%2Fwp%2Fv2%2Fmedia&parent=17235"}],"wp:term":[{"taxonomy":"category","embeddable":true,"href":"https:\/\/przedszkole-alwernia.pl\/index.php?rest_route=%2Fwp%2Fv2%2Fcategories&post=17235"},{"taxonomy":"post_tag","embeddable":true,"href":"https:\/\/przedszkole-alwernia.pl\/index.php?rest_route=%2Fwp%2Fv2%2Ftags&post=17235"}],"curies":[{"name":"wp","href":"https:\/\/api.w.org\/{rel}","templated":true}]}}