{"id":17280,"date":"2021-03-27T12:02:00","date_gmt":"2021-03-27T12:02:00","guid":{"rendered":"https:\/\/przedszkole-alwernia.pl\/?p=17280"},"modified":"2021-03-29T12:19:36","modified_gmt":"2021-03-29T12:19:36","slug":"lista-kandydatow-przyjetych-i-nieprzyjetych-do-przedszkola-na-rok-szkolny-2021-2022","status":"publish","type":"post","link":"https:\/\/przedszkole-alwernia.pl\/?p=17280","title":{"rendered":"Lista kandydat\u00f3w przyj\u0119tych i nieprzyj\u0119tych do Przedszkola Samorz\u0105dowego ,,T\u0119czowa Kraina&#8221; w Alwerni z fili\u0105 w Grojcu na rok szkolny 2021\/2022"},"content":{"rendered":"<p>Lista dzieci przyj\u0119tych i nieprzyj\u0119tych do przedszkola <!--more--><\/p>\n<p>Alwernia<\/p>\n<p><a href=\"https:\/\/przedszkole-alwernia.pl\/wp-content\/uploads\/2021\/03\/lista-dzieci.pdf\">lista dzieci Alwernia<\/a><\/p>\n<p>Grojec<\/p>\n<p><a href=\"https:\/\/przedszkole-alwernia.pl\/wp-content\/uploads\/2021\/03\/29.03.pdf\">29.03 lista dzieci Grojec<\/a><\/p>\n\n\n<p><\/p>\n","protected":false},"excerpt":{"rendered":"<p>Lista dzieci przyj\u0119tych i nieprzyj\u0119tych do przedszkola<\/p>\n","protected":false},"author":2,"featured_media":0,"comment_status":"open","ping_status":"closed","sticky":false,"template":"","format":"standard","meta":{"footnotes":""},"categories":[1],"tags":[],"class_list":["post-17280","post","type-post","status-publish","format-standard","hentry","category-uncategorized"],"_links":{"self":[{"href":"https:\/\/przedszkole-alwernia.pl\/index.php?rest_route=\/wp\/v2\/posts\/17280","targetHints":{"allow":["GET"]}}],"collection":[{"href":"https:\/\/przedszkole-alwernia.pl\/index.php?rest_route=\/wp\/v2\/posts"}],"about":[{"href":"https:\/\/przedszkole-alwernia.pl\/index.php?rest_route=\/wp\/v2\/types\/post"}],"author":[{"embeddable":true,"href":"https:\/\/przedszkole-alwernia.pl\/index.php?rest_route=\/wp\/v2\/users\/2"}],"replies":[{"embeddable":true,"href":"https:\/\/przedszkole-alwernia.pl\/index.php?rest_route=%2Fwp%2Fv2%2Fcomments&post=17280"}],"version-history":[{"count":3,"href":"https:\/\/przedszkole-alwernia.pl\/index.php?rest_route=\/wp\/v2\/posts\/17280\/revisions"}],"predecessor-version":[{"id":17285,"href":"https:\/\/przedszkole-alwernia.pl\/index.php?rest_route=\/wp\/v2\/posts\/17280\/revisions\/17285"}],"wp:attachment":[{"href":"https:\/\/przedszkole-alwernia.pl\/index.php?rest_route=%2Fwp%2Fv2%2Fmedia&parent=17280"}],"wp:term":[{"taxonomy":"category","embeddable":true,"href":"https:\/\/przedszkole-alwernia.pl\/index.php?rest_route=%2Fwp%2Fv2%2Fcategories&post=17280"},{"taxonomy":"post_tag","embeddable":true,"href":"https:\/\/przedszkole-alwernia.pl\/index.php?rest_route=%2Fwp%2Fv2%2Ftags&post=17280"}],"curies":[{"name":"wp","href":"https:\/\/api.w.org\/{rel}","templated":true}]}}