{"id":17917,"date":"2021-04-06T05:23:00","date_gmt":"2021-04-06T05:23:00","guid":{"rendered":"https:\/\/przedszkole-alwernia.pl\/?p=17917"},"modified":"2021-05-11T05:31:55","modified_gmt":"2021-05-11T05:31:55","slug":"wielkanocny-konkurs-na-palme","status":"publish","type":"post","link":"https:\/\/przedszkole-alwernia.pl\/?p=17917","title":{"rendered":"Wielkanocny konkurs na palm\u0119"},"content":{"rendered":"<p><a href=\"https:\/\/przedszkole-alwernia.pl\/wp-content\/uploads\/2021\/05\/164340244_463083841570277_2174938901609350279_n.jpg\" data-rel=\"lightbox-image-0\" data-rl_title=\"\" data-rl_caption=\"\" title=\"\"><img loading=\"lazy\" decoding=\"async\" class=\"alignnone size-medium wp-image-17918\" src=\"https:\/\/przedszkole-alwernia.pl\/wp-content\/uploads\/2021\/05\/164340244_463083841570277_2174938901609350279_n-225x300.jpg\" alt=\"\" width=\"225\" height=\"300\" srcset=\"https:\/\/przedszkole-alwernia.pl\/wp-content\/uploads\/2021\/05\/164340244_463083841570277_2174938901609350279_n-225x300.jpg 225w, https:\/\/przedszkole-alwernia.pl\/wp-content\/uploads\/2021\/05\/164340244_463083841570277_2174938901609350279_n-768x1024.jpg 768w, https:\/\/przedszkole-alwernia.pl\/wp-content\/uploads\/2021\/05\/164340244_463083841570277_2174938901609350279_n-1152x1536.jpg 1152w, https:\/\/przedszkole-alwernia.pl\/wp-content\/uploads\/2021\/05\/164340244_463083841570277_2174938901609350279_n.jpg 1536w\" sizes=\"auto, (max-width: 225px) 100vw, 225px\" \/><\/a><\/p>\n<p>Samorz\u0105dowy O\u015brodek Kultury w Alwerni zorganizowa\u0142 konkurs na wielkanocn\u0105 palm\u0119 <!--more-->pod \u00a0honorowym patronatem pani Burmistrz Gminy Alwernia &#8211; Beata Nadzieja-Szpila<\/p>\n<p><u>NAGRODY otrzymali :<\/u><\/p>\n<p><u>Kategoria I &#8211; Urodzeni w 2013 r. i p\u00f3\u017aniej:<\/u><\/p>\n<p><u>II miejsce:<\/u><br \/>\n<strong>NATALIA CIO\u0141EK &#8211;\u00a0<\/strong>Przedszkole Samorz\u0105dowe w Alwerni o. Grojec<br \/>\n<strong>MARLENA G\u0141OWNIA &#8211;\u00a0<\/strong>Przedszkole Samorz\u0105dowe w Alwerni o. Grojec<br \/>\n<u>III miejsce:<\/u><br \/>\n<strong>JAGODA KOWALSKA &#8211;\u00a0<\/strong>Przedszkole Samorz\u0105dowe w Alwerni<br \/>\n<strong>ALICJA KURZA\u0143SKA &#8211;\u00a0<\/strong>Przedszkole Samorz\u0105dowe w Alwerni<\/p>\n<p><u>Wyr\u00f3\u017cnienia:<\/u><br \/>\n<strong>MARTYNA MACUDA &#8211;\u00a0<\/strong>Przedszkole Samorz\u0105dowe w Alwerni<br \/>\n<strong>RAFA\u0141 KASPERCZYK &#8211;\u00a0<\/strong>Przedszkole Samorz\u0105dowe w Alwerni o. Grojec<br \/>\n<strong>ANTONI KRAMARZ &#8211;\u00a0<\/strong>Przedszkole Samorz\u0105dowe w Alwerni<br \/>\n<strong>BARTOSZ BUCZEK &#8211;\u00a0<\/strong>Przedszkole Samorz\u0105dowe w Alwerni<\/p>\n<p>Gratulujemy!<\/p>\n","protected":false},"excerpt":{"rendered":"<p>Samorz\u0105dowy O\u015brodek Kultury w Alwerni zorganizowa\u0142 konkurs na wielkanocn\u0105 palm\u0119<\/p>\n","protected":false},"author":2,"featured_media":0,"comment_status":"open","ping_status":"closed","sticky":false,"template":"","format":"standard","meta":{"footnotes":""},"categories":[1],"tags":[],"class_list":["post-17917","post","type-post","status-publish","format-standard","hentry","category-uncategorized"],"_links":{"self":[{"href":"https:\/\/przedszkole-alwernia.pl\/index.php?rest_route=\/wp\/v2\/posts\/17917","targetHints":{"allow":["GET"]}}],"collection":[{"href":"https:\/\/przedszkole-alwernia.pl\/index.php?rest_route=\/wp\/v2\/posts"}],"about":[{"href":"https:\/\/przedszkole-alwernia.pl\/index.php?rest_route=\/wp\/v2\/types\/post"}],"author":[{"embeddable":true,"href":"https:\/\/przedszkole-alwernia.pl\/index.php?rest_route=\/wp\/v2\/users\/2"}],"replies":[{"embeddable":true,"href":"https:\/\/przedszkole-alwernia.pl\/index.php?rest_route=%2Fwp%2Fv2%2Fcomments&post=17917"}],"version-history":[{"count":1,"href":"https:\/\/przedszkole-alwernia.pl\/index.php?rest_route=\/wp\/v2\/posts\/17917\/revisions"}],"predecessor-version":[{"id":17919,"href":"https:\/\/przedszkole-alwernia.pl\/index.php?rest_route=\/wp\/v2\/posts\/17917\/revisions\/17919"}],"wp:attachment":[{"href":"https:\/\/przedszkole-alwernia.pl\/index.php?rest_route=%2Fwp%2Fv2%2Fmedia&parent=17917"}],"wp:term":[{"taxonomy":"category","embeddable":true,"href":"https:\/\/przedszkole-alwernia.pl\/index.php?rest_route=%2Fwp%2Fv2%2Fcategories&post=17917"},{"taxonomy":"post_tag","embeddable":true,"href":"https:\/\/przedszkole-alwernia.pl\/index.php?rest_route=%2Fwp%2Fv2%2Ftags&post=17917"}],"curies":[{"name":"wp","href":"https:\/\/api.w.org\/{rel}","templated":true}]}}