{"id":17940,"date":"2021-05-24T05:16:07","date_gmt":"2021-05-24T05:16:07","guid":{"rendered":"https:\/\/przedszkole-alwernia.pl\/?p=17940"},"modified":"2021-05-24T05:18:22","modified_gmt":"2021-05-24T05:18:22","slug":"projekt-zbieram-to-w-szkole","status":"publish","type":"post","link":"https:\/\/przedszkole-alwernia.pl\/?p=17940","title":{"rendered":"Projekt,, Zbieram to w szkole&#8221;"},"content":{"rendered":"<p align=\"LEFT\"><a href=\"https:\/\/przedszkole-alwernia.pl\/wp-content\/uploads\/2021\/05\/logo_zbieramto_w_szkole-1-400x205-1.jpg\" data-rel=\"lightbox-image-0\" data-rl_title=\"\" data-rl_caption=\"\" title=\"\"><img loading=\"lazy\" decoding=\"async\" class=\"alignnone size-medium wp-image-17943\" src=\"https:\/\/przedszkole-alwernia.pl\/wp-content\/uploads\/2021\/05\/logo_zbieramto_w_szkole-1-400x205-1-300x154.jpg\" alt=\"\" width=\"300\" height=\"154\" srcset=\"https:\/\/przedszkole-alwernia.pl\/wp-content\/uploads\/2021\/05\/logo_zbieramto_w_szkole-1-400x205-1-300x154.jpg 300w, https:\/\/przedszkole-alwernia.pl\/wp-content\/uploads\/2021\/05\/logo_zbieramto_w_szkole-1-400x205-1.jpg 400w\" sizes=\"auto, (max-width: 300px) 100vw, 300px\" \/><\/a><\/p>\n<p align=\"LEFT\"><span style=\"color: #ce181e;\"><span style=\"font-size: x-large;\"><span lang=\"\"><b>Przedsz<\/b><\/span><\/span><\/span><span style=\"color: #ce181e;\"><span style=\"font-size: x-large;\"><span lang=\"\"><b>kole Samorz\u0105dowe &#8222;T\u0119czowa Kraina&#8221; w Alwerni<\/b><\/span><\/span><\/span><\/p>\n<p align=\"LEFT\"><span style=\"color: #ce181e;\"><span style=\"font-family: Times New Roman, serif;\"><span style=\"font-size: large;\"><b>Szanowni Rodzice!<\/b><\/span><\/span><\/span><\/p>\n<p align=\"JUSTIFY\"><span style=\"font-family: Times New Roman, serif;\"><span style=\"font-size: large;\">Nasze przedszkole przyst\u0105pi\u0142o do og\u00f3lnopolskiego projektu <\/span><\/span><\/p>\n<p align=\"CENTER\"><span style=\"color: #232629;\">\u201e<span style=\"font-family: Times New Roman, serif;\"><span style=\"font-size: large;\"><b>Zbieram to w szkole\u201d.<\/b><\/span><\/span><\/span><!--more--><\/p>\n<p align=\"JUSTIFY\"><span style=\"font-family: Times New Roman, serif;\"><span style=\"font-size: large;\"><b>Celem edukacyjnym<\/b><\/span><\/span><span style=\"font-family: Times New Roman, serif;\"><span style=\"font-size: large;\"> Projektu jest uwra\u017cliwienie dzieci na potrzeb\u0119 ochrony \u015brodowiska oraz promowanie postaw dobroczynnych w\u015br\u00f3d uczni\u00f3w szk\u00f3\u0142 i przedszkoli. <\/span><\/span><\/p>\n<p align=\"JUSTIFY\"><span style=\"font-family: Times New Roman, serif;\"><span style=\"font-size: large;\"><b>Celem charytatywnym<\/b><\/span><\/span><span style=\"font-family: Times New Roman, serif;\"><span style=\"font-size: large;\"> jest zbi\u00f3rka \u015brodk\u00f3w na prowadzenie dzie\u0142 socjalnych i realizacj\u0119 pomocy misjonarzy \u2013 ksi\u0119\u017cy sercan\u00f3w pracuj\u0105cych w Afryce i Azji.<\/span><\/span><\/p>\n<p align=\"JUSTIFY\"><span style=\"font-family: Times New Roman, serif;\"><span style=\"font-size: large;\">Dzi\u0119ki naszemu wsparciu jeste\u015bmy w stanie do\u0142\u0105czy\u0107 si\u0119 do budowania studni g\u0142\u0119binowych, daj\u0105cych dost\u0119p do czystej wody tysi\u0105com ludzi. Wspomagamy dzieci z Domu Dziecka w Boliwii i do\u017cywianiu dzieci na Filipinach.<\/span><\/span><\/p>\n<p align=\"JUSTIFY\"><span style=\"font-family: Times New Roman, serif;\"><span style=\"font-size: large;\">W ramach projektu <\/span><\/span><span style=\"font-family: Times New Roman, serif;\"><span style=\"font-size: large;\"><b>\u201eZbieram to w szkole\u201d<\/b><\/span><\/span><span style=\"font-family: Times New Roman, serif;\"><span style=\"font-size: large;\"> zbieramy <\/span><\/span><span style=\"font-family: Times New Roman, serif;\"><span style=\"font-size: large;\"><b>zu\u017cyte baterie,<\/b><\/span><\/span><span style=\"font-family: Times New Roman, serif;\"><span style=\"font-size: large;\"> s<\/span><\/span><span style=\"font-family: Times New Roman, serif;\"><span style=\"font-size: large;\"><b>tare telefony kom\u00f3rkowe <\/b><\/span><\/span><span style=\"font-family: Times New Roman, serif;\"><span style=\"font-size: large;\">oraz <\/span><\/span><span style=\"font-family: Times New Roman, serif;\"><span style=\"font-size: large;\"><b>niepotrzebne zegarki tarczowe<\/b><\/span><\/span><span style=\"font-family: Times New Roman, serif;\"><span style=\"font-size: large;\">. Pojemniki na baterie, telefony oraz zegarki s\u0105 dost\u0119pne w ma\u0142ym holu przedszkola (po wej\u015bciu do przedszkola po lewej stronie). <\/span><\/span><\/p>\n<p align=\"CENTER\"><span style=\"font-family: Times New Roman, serif;\"><span style=\"font-size: large;\"><b>Serdecznie zach\u0119camy i z g\u00f3ry dzi\u0119kujemy za w\u0142\u0105czenie si\u0119 do akcji.<\/b><\/span><\/span><\/p>\n<p align=\"CENTER\"><span style=\"font-family: Times New Roman, serif;\"><span style=\"font-size: large;\"><b>Ca\u0142y regulamin dost\u0119pny na stronie <\/b><\/span><\/span><\/p>\n<p align=\"CENTER\"><cite><a href=\"https:\/\/www.zbieramtowszkole.pl\/\"><span style=\"color: #ce181e;\"><span style=\"font-family: arial, sans-serif;\"><span style=\"font-size: large;\"><u>https:\/\/www.zbieramtowszkole.pl<\/u><\/span><\/span><\/span><\/a><\/cite><\/p>\n","protected":false},"excerpt":{"rendered":"<p>Przedszkole Samorz\u0105dowe &#8222;T\u0119czowa Kraina&#8221; w Alwerni Szanowni Rodzice! Nasze przedszkole przyst\u0105pi\u0142o do og\u00f3lnopolskiego projektu \u201eZbieram to w szkole\u201d.<\/p>\n","protected":false},"author":2,"featured_media":0,"comment_status":"open","ping_status":"closed","sticky":false,"template":"","format":"standard","meta":{"footnotes":""},"categories":[1],"tags":[],"class_list":["post-17940","post","type-post","status-publish","format-standard","hentry","category-uncategorized"],"_links":{"self":[{"href":"https:\/\/przedszkole-alwernia.pl\/index.php?rest_route=\/wp\/v2\/posts\/17940","targetHints":{"allow":["GET"]}}],"collection":[{"href":"https:\/\/przedszkole-alwernia.pl\/index.php?rest_route=\/wp\/v2\/posts"}],"about":[{"href":"https:\/\/przedszkole-alwernia.pl\/index.php?rest_route=\/wp\/v2\/types\/post"}],"author":[{"embeddable":true,"href":"https:\/\/przedszkole-alwernia.pl\/index.php?rest_route=\/wp\/v2\/users\/2"}],"replies":[{"embeddable":true,"href":"https:\/\/przedszkole-alwernia.pl\/index.php?rest_route=%2Fwp%2Fv2%2Fcomments&post=17940"}],"version-history":[{"count":3,"href":"https:\/\/przedszkole-alwernia.pl\/index.php?rest_route=\/wp\/v2\/posts\/17940\/revisions"}],"predecessor-version":[{"id":17944,"href":"https:\/\/przedszkole-alwernia.pl\/index.php?rest_route=\/wp\/v2\/posts\/17940\/revisions\/17944"}],"wp:attachment":[{"href":"https:\/\/przedszkole-alwernia.pl\/index.php?rest_route=%2Fwp%2Fv2%2Fmedia&parent=17940"}],"wp:term":[{"taxonomy":"category","embeddable":true,"href":"https:\/\/przedszkole-alwernia.pl\/index.php?rest_route=%2Fwp%2Fv2%2Fcategories&post=17940"},{"taxonomy":"post_tag","embeddable":true,"href":"https:\/\/przedszkole-alwernia.pl\/index.php?rest_route=%2Fwp%2Fv2%2Ftags&post=17940"}],"curies":[{"name":"wp","href":"https:\/\/api.w.org\/{rel}","templated":true}]}}