{"id":17961,"date":"2021-05-26T20:41:55","date_gmt":"2021-05-26T20:41:55","guid":{"rendered":"https:\/\/przedszkole-alwernia.pl\/?p=17961"},"modified":"2021-05-26T22:06:57","modified_gmt":"2021-05-26T22:06:57","slug":"dzien-mamy-i-taty","status":"publish","type":"post","link":"https:\/\/przedszkole-alwernia.pl\/?p=17961","title":{"rendered":"Dzie\u0144 Mamy i Taty"},"content":{"rendered":"<p>&#8221; Dwa najpi\u0119kniejsze s\u0142owa \u015bwiata, we wszystkich j\u0119zykach to Mama i Tata (&#8230;) &#8222;<\/p>\n<p><a href=\"https:\/\/przedszkole-alwernia.pl\/wp-content\/uploads\/2020\/05\/IMG_20200525_170139.jpg\" data-rel=\"lightbox-image-0\" data-rl_title=\"\" data-rl_caption=\"\" title=\"\"><img loading=\"lazy\" decoding=\"async\" class=\"alignnone size-medium wp-image-16160\" src=\"https:\/\/przedszkole-alwernia.pl\/wp-content\/uploads\/2020\/05\/IMG_20200525_170139-225x300.jpg\" alt=\"\" width=\"225\" height=\"300\" srcset=\"https:\/\/przedszkole-alwernia.pl\/wp-content\/uploads\/2020\/05\/IMG_20200525_170139-225x300.jpg 225w, https:\/\/przedszkole-alwernia.pl\/wp-content\/uploads\/2020\/05\/IMG_20200525_170139-768x1024.jpg 768w\" sizes=\"auto, (max-width: 225px) 100vw, 225px\" \/><\/a><\/p>\n<p><!--more-->. Dla ka\u017cdego dziecka,\u00a0 rodzice odgrywaj\u0105 najwa\u017cniejsz\u0105 rol\u0119 w ich \u017cyciu. Rodzice ka\u017cdego dnia dok\u0142adaj\u0105 wielu stara\u0144 w ich wychowanie, aby wyros\u0142y na m\u0105drych i dobrych ludzi. Dlatego z ca\u0142ego serca chcemy im podzi\u0119kowa\u0107 za bezgraniczn\u0105 mi\u0142o\u015b\u0107 i po\u015bwi\u0119cenie. Z tej okazji w naszym przedszkolu odby\u0142a si\u0119 akademia, na kt\u00f3rej dzieci za\u015bpiewa\u0142y piosenki, wyrecytowa\u0142y wierszyki, a nawet zata\u0144czy\u0142y !\u00a0<\/p>\n\n\n<figure class=\"wp-block-video\"><video controls src=\"https:\/\/przedszkole-alwernia.pl\/wp-content\/uploads\/2021\/05\/VID20210525103408-1.mp4\"><\/video><\/figure>\n\n\n\n<figure class=\"wp-block-video\"><video controls src=\"https:\/\/przedszkole-alwernia.pl\/wp-content\/uploads\/2021\/05\/VID20210525110121-2.mp4\"><\/video><\/figure>\n\n\n\n<figure class=\"wp-block-video\"><video controls src=\"https:\/\/przedszkole-alwernia.pl\/wp-content\/uploads\/2021\/05\/VID20210525104350-3.mp4\"><\/video><\/figure>\n\n\n\n<figure class=\"wp-block-video\"><video controls src=\"https:\/\/przedszkole-alwernia.pl\/wp-content\/uploads\/2021\/05\/VID20210525110449-4.mp4\"><\/video><\/figure>\n\n\n\n<figure class=\"wp-block-video\"><video controls src=\"https:\/\/przedszkole-alwernia.pl\/wp-content\/uploads\/2021\/05\/VID20210525105032-5.mp4\"><\/video><\/figure>\n\n\n\n<figure class=\"wp-block-video\"><video controls src=\"https:\/\/przedszkole-alwernia.pl\/wp-content\/uploads\/2021\/05\/VID20210525110709-6.mp4\"><\/video><\/figure>\n\n\n\n<figure class=\"wp-block-video\"><video controls src=\"https:\/\/przedszkole-alwernia.pl\/wp-content\/uploads\/2021\/05\/VID2021052510555-8.mp4\"><\/video><\/figure>\n\n\n\n<figure class=\"wp-block-video\"><video controls src=\"https:\/\/przedszkole-alwernia.pl\/wp-content\/uploads\/2021\/05\/VID20210525111126.mp4\"><\/video><\/figure>\n\n\n\n<figure class=\"wp-block-video\"><video controls src=\"https:\/\/przedszkole-alwernia.pl\/wp-content\/uploads\/2021\/05\/VID202105251117542.mp4\"><\/video><\/figure>\n\n\n<p><iframe loading=\"lazy\" title=\"Grupa 1\" width=\"793\" height=\"446\" src=\"https:\/\/www.youtube.com\/embed\/uSbA16_dS-g?feature=oembed\" frameborder=\"0\" allow=\"accelerometer; autoplay; clipboard-write; encrypted-media; gyroscope; picture-in-picture\" allowfullscreen><\/iframe><\/p>\n<p><iframe loading=\"lazy\" title=\"Grupa 2\" width=\"793\" height=\"446\" src=\"https:\/\/www.youtube.com\/embed\/MTEnv1IWstg?feature=oembed\" frameborder=\"0\" allow=\"accelerometer; autoplay; clipboard-write; encrypted-media; gyroscope; picture-in-picture\" allowfullscreen><\/iframe><\/p>\n<p><iframe loading=\"lazy\" title=\"Grupa 3\" width=\"793\" height=\"446\" src=\"https:\/\/www.youtube.com\/embed\/_UFioxzyHVs?feature=oembed\" frameborder=\"0\" allow=\"accelerometer; autoplay; clipboard-write; encrypted-media; gyroscope; picture-in-picture\" allowfullscreen><\/iframe><\/p>\n<p><iframe loading=\"lazy\" title=\"Grupa 4\" width=\"793\" height=\"446\" src=\"https:\/\/www.youtube.com\/embed\/V8-Jn1oeDHQ?feature=oembed\" frameborder=\"0\" allow=\"accelerometer; autoplay; clipboard-write; encrypted-media; gyroscope; picture-in-picture\" allowfullscreen><\/iframe><\/p>\n<p><iframe loading=\"lazy\" title=\"Grupa 5\" width=\"793\" height=\"446\" src=\"https:\/\/www.youtube.com\/embed\/nPZlKr_pNTQ?feature=oembed\" frameborder=\"0\" allow=\"accelerometer; autoplay; clipboard-write; encrypted-media; gyroscope; picture-in-picture\" allowfullscreen><\/iframe><\/p>\n<p><iframe loading=\"lazy\" title=\"Grupa 6\" width=\"793\" height=\"446\" src=\"https:\/\/www.youtube.com\/embed\/9rDdnGfA0zg?feature=oembed\" frameborder=\"0\" allow=\"accelerometer; autoplay; clipboard-write; encrypted-media; gyroscope; picture-in-picture\" allowfullscreen><\/iframe><\/p>","protected":false},"excerpt":{"rendered":"<p>&#8221; Dwa najpi\u0119kniejsze s\u0142owa \u015bwiata, we wszystkich j\u0119zykach to Mama i Tata (&#8230;) &#8222;<\/p>\n","protected":false},"author":3,"featured_media":0,"comment_status":"open","ping_status":"closed","sticky":false,"template":"","format":"standard","meta":{"footnotes":""},"categories":[1],"tags":[],"class_list":["post-17961","post","type-post","status-publish","format-standard","hentry","category-uncategorized"],"_links":{"self":[{"href":"https:\/\/przedszkole-alwernia.pl\/index.php?rest_route=\/wp\/v2\/posts\/17961","targetHints":{"allow":["GET"]}}],"collection":[{"href":"https:\/\/przedszkole-alwernia.pl\/index.php?rest_route=\/wp\/v2\/posts"}],"about":[{"href":"https:\/\/przedszkole-alwernia.pl\/index.php?rest_route=\/wp\/v2\/types\/post"}],"author":[{"embeddable":true,"href":"https:\/\/przedszkole-alwernia.pl\/index.php?rest_route=\/wp\/v2\/users\/3"}],"replies":[{"embeddable":true,"href":"https:\/\/przedszkole-alwernia.pl\/index.php?rest_route=%2Fwp%2Fv2%2Fcomments&post=17961"}],"version-history":[{"count":7,"href":"https:\/\/przedszkole-alwernia.pl\/index.php?rest_route=\/wp\/v2\/posts\/17961\/revisions"}],"predecessor-version":[{"id":17969,"href":"https:\/\/przedszkole-alwernia.pl\/index.php?rest_route=\/wp\/v2\/posts\/17961\/revisions\/17969"}],"wp:attachment":[{"href":"https:\/\/przedszkole-alwernia.pl\/index.php?rest_route=%2Fwp%2Fv2%2Fmedia&parent=17961"}],"wp:term":[{"taxonomy":"category","embeddable":true,"href":"https:\/\/przedszkole-alwernia.pl\/index.php?rest_route=%2Fwp%2Fv2%2Fcategories&post=17961"},{"taxonomy":"post_tag","embeddable":true,"href":"https:\/\/przedszkole-alwernia.pl\/index.php?rest_route=%2Fwp%2Fv2%2Ftags&post=17961"}],"curies":[{"name":"wp","href":"https:\/\/api.w.org\/{rel}","templated":true}]}}