{"id":17973,"date":"2021-05-30T18:49:24","date_gmt":"2021-05-30T18:49:24","guid":{"rendered":"https:\/\/przedszkole-alwernia.pl\/?p=17973"},"modified":"2021-05-30T18:54:30","modified_gmt":"2021-05-30T18:54:30","slug":"jak-chronic-dziecko-przed-zagrozeniami-cyfrowego-swiata","status":"publish","type":"post","link":"https:\/\/przedszkole-alwernia.pl\/?p=17973","title":{"rendered":"JAK CHRONI\u0106 DZIECKO PRZED ZAGRO\u017bENIAMI CYFROWEGO \u015aWIATA?"},"content":{"rendered":"<h5><span style=\"color: #000000;\">\u00a0Drodzy Rodzice<\/span><\/h5>\n<h5><span style=\"color: #000000;\">Prosimy o zapoznanie si\u0119 tre\u015bci\u0105 broszury informacyjnej: &#8222;Dzieci w wirtualnej sieci&#8221;. Przekazujemy j\u0105 Pa\u0144stwu na pro\u015bb\u0119 MEiN oraz Kuratorium O\u015bwiaty w Krakowie.\u00a0<\/span><\/h5>\n<p><span style=\"color: #0000ff;\"><a style=\"color: #0000ff;\" href=\"https:\/\/przedszkole-alwernia.pl\/wp-content\/uploads\/2021\/05\/Dzieci-w-wirtualnej-sieci_2021.pdf\">Dzieci-w-wirtualnej-sieci_2021<\/a><\/span><\/p>\n","protected":false},"excerpt":{"rendered":"<p>\u00a0Drodzy Rodzice Prosimy o zapoznanie si\u0119 tre\u015bci\u0105 broszury informacyjnej: &#8222;Dzieci w wirtualnej sieci&#8221;. Przekazujemy j\u0105 Pa\u0144stwu na pro\u015bb\u0119 MEiN oraz Kuratorium O\u015bwiaty w Krakowie.\u00a0 Dzieci-w-wirtualnej-sieci_2021<\/p>\n","protected":false},"author":2,"featured_media":0,"comment_status":"open","ping_status":"closed","sticky":false,"template":"","format":"standard","meta":{"footnotes":""},"categories":[1],"tags":[],"class_list":["post-17973","post","type-post","status-publish","format-standard","hentry","category-uncategorized"],"_links":{"self":[{"href":"https:\/\/przedszkole-alwernia.pl\/index.php?rest_route=\/wp\/v2\/posts\/17973","targetHints":{"allow":["GET"]}}],"collection":[{"href":"https:\/\/przedszkole-alwernia.pl\/index.php?rest_route=\/wp\/v2\/posts"}],"about":[{"href":"https:\/\/przedszkole-alwernia.pl\/index.php?rest_route=\/wp\/v2\/types\/post"}],"author":[{"embeddable":true,"href":"https:\/\/przedszkole-alwernia.pl\/index.php?rest_route=\/wp\/v2\/users\/2"}],"replies":[{"embeddable":true,"href":"https:\/\/przedszkole-alwernia.pl\/index.php?rest_route=%2Fwp%2Fv2%2Fcomments&post=17973"}],"version-history":[{"count":3,"href":"https:\/\/przedszkole-alwernia.pl\/index.php?rest_route=\/wp\/v2\/posts\/17973\/revisions"}],"predecessor-version":[{"id":17977,"href":"https:\/\/przedszkole-alwernia.pl\/index.php?rest_route=\/wp\/v2\/posts\/17973\/revisions\/17977"}],"wp:attachment":[{"href":"https:\/\/przedszkole-alwernia.pl\/index.php?rest_route=%2Fwp%2Fv2%2Fmedia&parent=17973"}],"wp:term":[{"taxonomy":"category","embeddable":true,"href":"https:\/\/przedszkole-alwernia.pl\/index.php?rest_route=%2Fwp%2Fv2%2Fcategories&post=17973"},{"taxonomy":"post_tag","embeddable":true,"href":"https:\/\/przedszkole-alwernia.pl\/index.php?rest_route=%2Fwp%2Fv2%2Ftags&post=17973"}],"curies":[{"name":"wp","href":"https:\/\/api.w.org\/{rel}","templated":true}]}}