{"id":17984,"date":"2021-06-02T08:35:00","date_gmt":"2021-06-02T08:35:00","guid":{"rendered":"https:\/\/przedszkole-alwernia.pl\/?p=17984"},"modified":"2021-06-02T09:53:28","modified_gmt":"2021-06-02T09:53:28","slug":"dzien-dziecka-2","status":"publish","type":"post","link":"https:\/\/przedszkole-alwernia.pl\/?p=17984","title":{"rendered":"Dzie\u0144 Dziecka"},"content":{"rendered":"<p><a href=\"https:\/\/przedszkole-alwernia.pl\/wp-content\/uploads\/2021\/06\/194174479_318789049746635_2720008998490399308_n.jpg\" data-rel=\"lightbox-image-0\" data-rl_title=\"\" data-rl_caption=\"\" title=\"\"><img loading=\"lazy\" decoding=\"async\" class=\"alignnone size-medium wp-image-17995\" src=\"https:\/\/przedszkole-alwernia.pl\/wp-content\/uploads\/2021\/06\/194174479_318789049746635_2720008998490399308_n-220x300.jpg\" alt=\"\" width=\"220\" height=\"300\" srcset=\"https:\/\/przedszkole-alwernia.pl\/wp-content\/uploads\/2021\/06\/194174479_318789049746635_2720008998490399308_n-220x300.jpg 220w, https:\/\/przedszkole-alwernia.pl\/wp-content\/uploads\/2021\/06\/194174479_318789049746635_2720008998490399308_n.jpg 352w\" sizes=\"auto, (max-width: 220px) 100vw, 220px\" \/><\/a><\/p>\n<p>Z okazji Dnia Dziecka Pani Burmistrz Beata Nadzieja &#8211; Szpila odwiedzi\u0142a nasze przedszkolaki.<!--more--> \u017byczy\u0142a dzieciom samych radosnych chwil, spe\u0142nienia marze\u0144 i aby u\u015bmiech zawsze go\u015bci\u0142 na ich twarzach. Dzieci otrzyma\u0142y ksi\u0105\u017ceczki z wierszami o kotach !<\/p>\n<p>Pani Dyrektor Jolanta Biel r\u00f3wnie\u017c pami\u0119ta\u0142a o naszych dzieciach , ka\u017cdy otrzyma\u0142 zdrowy, smaczny upominek!<\/p>\n<p><a href=\"https:\/\/przedszkole-alwernia.pl\/wp-content\/uploads\/2021\/06\/196190876_813463166275944_2113514825729910496_n.jpg\" data-rel=\"lightbox-image-1\" data-rl_title=\"\" data-rl_caption=\"\" title=\"\"><img loading=\"lazy\" decoding=\"async\" class=\"alignnone size-medium wp-image-18005\" src=\"https:\/\/przedszkole-alwernia.pl\/wp-content\/uploads\/2021\/06\/196190876_813463166275944_2113514825729910496_n-224x300.jpg\" alt=\"\" width=\"224\" height=\"300\" srcset=\"https:\/\/przedszkole-alwernia.pl\/wp-content\/uploads\/2021\/06\/196190876_813463166275944_2113514825729910496_n-224x300.jpg 224w, https:\/\/przedszkole-alwernia.pl\/wp-content\/uploads\/2021\/06\/196190876_813463166275944_2113514825729910496_n-766x1024.jpg 766w, https:\/\/przedszkole-alwernia.pl\/wp-content\/uploads\/2021\/06\/196190876_813463166275944_2113514825729910496_n-768x1027.jpg 768w, https:\/\/przedszkole-alwernia.pl\/wp-content\/uploads\/2021\/06\/196190876_813463166275944_2113514825729910496_n-1149x1536.jpg 1149w, https:\/\/przedszkole-alwernia.pl\/wp-content\/uploads\/2021\/06\/196190876_813463166275944_2113514825729910496_n.jpg 1532w\" sizes=\"auto, (max-width: 224px) 100vw, 224px\" \/><\/a><\/p>\n<div id='gallery-1' class='gallery galleryid-17984 gallery-columns-3 gallery-size-thumbnail'><dl class='gallery-item'>\n\t\t\t<dt class='gallery-icon portrait'>\n\t\t\t\t<a href='https:\/\/przedszkole-alwernia.pl\/wp-content\/uploads\/2021\/06\/194174479_318789049746635_2720008998490399308_n.jpg' title=\"\" data-rl_title=\"\" class=\"rl-gallery-link\" data-rl_caption=\"\" data-rel=\"lightbox-gallery-1\"><img loading=\"lazy\" decoding=\"async\" width=\"150\" height=\"150\" src=\"https:\/\/przedszkole-alwernia.pl\/wp-content\/uploads\/2021\/06\/194174479_318789049746635_2720008998490399308_n-150x150.jpg\" class=\"attachment-thumbnail size-thumbnail\" alt=\"\" \/><\/a>\n\t\t\t<\/dt><\/dl><dl class='gallery-item'>\n\t\t\t<dt class='gallery-icon portrait'>\n\t\t\t\t<a href='https:\/\/przedszkole-alwernia.pl\/wp-content\/uploads\/2021\/06\/194829155_322852025910171_5604868767536765653_n.jpg' title=\"\" data-rl_title=\"\" class=\"rl-gallery-link\" data-rl_caption=\"\" data-rel=\"lightbox-gallery-1\"><img loading=\"lazy\" decoding=\"async\" width=\"150\" height=\"150\" src=\"https:\/\/przedszkole-alwernia.pl\/wp-content\/uploads\/2021\/06\/194829155_322852025910171_5604868767536765653_n-150x150.jpg\" class=\"attachment-thumbnail size-thumbnail\" alt=\"\" \/><\/a>\n\t\t\t<\/dt><\/dl><dl class='gallery-item'>\n\t\t\t<dt class='gallery-icon portrait'>\n\t\t\t\t<a href='https:\/\/przedszkole-alwernia.pl\/wp-content\/uploads\/2021\/06\/194619812_106159108250582_1676053487883271030_n.jpg' title=\"\" data-rl_title=\"\" class=\"rl-gallery-link\" data-rl_caption=\"\" data-rel=\"lightbox-gallery-1\"><img loading=\"lazy\" decoding=\"async\" width=\"150\" height=\"150\" src=\"https:\/\/przedszkole-alwernia.pl\/wp-content\/uploads\/2021\/06\/194619812_106159108250582_1676053487883271030_n-150x150.jpg\" class=\"attachment-thumbnail size-thumbnail\" alt=\"\" \/><\/a>\n\t\t\t<\/dt><\/dl><br style=\"clear: both\" \/><dl class='gallery-item'>\n\t\t\t<dt class='gallery-icon portrait'>\n\t\t\t\t<a href='https:\/\/przedszkole-alwernia.pl\/wp-content\/uploads\/2021\/06\/195036431_1010139556411827_570696371731147412_n.jpg' title=\"\" data-rl_title=\"\" class=\"rl-gallery-link\" data-rl_caption=\"\" data-rel=\"lightbox-gallery-1\"><img loading=\"lazy\" decoding=\"async\" width=\"150\" height=\"150\" src=\"https:\/\/przedszkole-alwernia.pl\/wp-content\/uploads\/2021\/06\/195036431_1010139556411827_570696371731147412_n-150x150.jpg\" class=\"attachment-thumbnail size-thumbnail\" alt=\"\" \/><\/a>\n\t\t\t<\/dt><\/dl>\n\t\t\t<br style='clear: both' \/>\n\t\t<\/div>\n\n\n\n\n\n<p><\/p>\n","protected":false},"excerpt":{"rendered":"<p>Z okazji Dnia Dziecka Pani Burmistrz Beata Nadzieja &#8211; Szpila odwiedzi\u0142a nasze przedszkolaki.<\/p>\n","protected":false},"author":2,"featured_media":0,"comment_status":"open","ping_status":"closed","sticky":false,"template":"","format":"standard","meta":{"footnotes":""},"categories":[1],"tags":[],"class_list":["post-17984","post","type-post","status-publish","format-standard","hentry","category-uncategorized"],"_links":{"self":[{"href":"https:\/\/przedszkole-alwernia.pl\/index.php?rest_route=\/wp\/v2\/posts\/17984","targetHints":{"allow":["GET"]}}],"collection":[{"href":"https:\/\/przedszkole-alwernia.pl\/index.php?rest_route=\/wp\/v2\/posts"}],"about":[{"href":"https:\/\/przedszkole-alwernia.pl\/index.php?rest_route=\/wp\/v2\/types\/post"}],"author":[{"embeddable":true,"href":"https:\/\/przedszkole-alwernia.pl\/index.php?rest_route=\/wp\/v2\/users\/2"}],"replies":[{"embeddable":true,"href":"https:\/\/przedszkole-alwernia.pl\/index.php?rest_route=%2Fwp%2Fv2%2Fcomments&post=17984"}],"version-history":[{"count":3,"href":"https:\/\/przedszkole-alwernia.pl\/index.php?rest_route=\/wp\/v2\/posts\/17984\/revisions"}],"predecessor-version":[{"id":18007,"href":"https:\/\/przedszkole-alwernia.pl\/index.php?rest_route=\/wp\/v2\/posts\/17984\/revisions\/18007"}],"wp:attachment":[{"href":"https:\/\/przedszkole-alwernia.pl\/index.php?rest_route=%2Fwp%2Fv2%2Fmedia&parent=17984"}],"wp:term":[{"taxonomy":"category","embeddable":true,"href":"https:\/\/przedszkole-alwernia.pl\/index.php?rest_route=%2Fwp%2Fv2%2Fcategories&post=17984"},{"taxonomy":"post_tag","embeddable":true,"href":"https:\/\/przedszkole-alwernia.pl\/index.php?rest_route=%2Fwp%2Fv2%2Ftags&post=17984"}],"curies":[{"name":"wp","href":"https:\/\/api.w.org\/{rel}","templated":true}]}}