{"id":18002,"date":"2021-05-24T08:48:00","date_gmt":"2021-05-24T08:48:00","guid":{"rendered":"https:\/\/przedszkole-alwernia.pl\/?p=18002"},"modified":"2021-06-02T08:54:55","modified_gmt":"2021-06-02T08:54:55","slug":"przygody-tosi-podrozniczki","status":"publish","type":"post","link":"https:\/\/przedszkole-alwernia.pl\/?p=18002","title":{"rendered":"Przygody Tosi podr\u00f3\u017cniczki"},"content":{"rendered":"<p><a href=\"https:\/\/przedszkole-alwernia.pl\/wp-content\/uploads\/2021\/06\/191585587_2691478254491358_836203828513561170_n.jpg\" data-rel=\"lightbox-image-0\" data-rl_title=\"\" data-rl_caption=\"\" title=\"\"><img loading=\"lazy\" decoding=\"async\" class=\"alignnone size-medium wp-image-17986\" src=\"https:\/\/przedszkole-alwernia.pl\/wp-content\/uploads\/2021\/06\/191585587_2691478254491358_836203828513561170_n-300x225.jpg\" alt=\"\" width=\"300\" height=\"225\" srcset=\"https:\/\/przedszkole-alwernia.pl\/wp-content\/uploads\/2021\/06\/191585587_2691478254491358_836203828513561170_n-300x225.jpg 300w, https:\/\/przedszkole-alwernia.pl\/wp-content\/uploads\/2021\/06\/191585587_2691478254491358_836203828513561170_n-1024x768.jpg 1024w, https:\/\/przedszkole-alwernia.pl\/wp-content\/uploads\/2021\/06\/191585587_2691478254491358_836203828513561170_n-768x576.jpg 768w, https:\/\/przedszkole-alwernia.pl\/wp-content\/uploads\/2021\/06\/191585587_2691478254491358_836203828513561170_n-1536x1152.jpg 1536w, https:\/\/przedszkole-alwernia.pl\/wp-content\/uploads\/2021\/06\/191585587_2691478254491358_836203828513561170_n.jpg 2048w\" sizes=\"auto, (max-width: 300px) 100vw, 300px\" \/><\/a><\/p>\n<p>Agencja Artystyczna ,,U\u015bmiech&#8221; przedstawi\u0142a w naszym przedszkolu teatrzyk pt.,, Przygody Tosi podr\u00f3\u017cniczki&#8221;<!--more--><\/p>\n<p>Tosia to bystra i ciekawa \u015bwiata dziewczynka. Wyrusza w najdalsze zak\u0105tki naszego globu gdzie poznaje niesamowite tradycje i zwyczaje r\u00f3\u017cnych kultur.<\/p>\n<p>\u00a0<\/p>\n<div id='gallery-1' class='gallery galleryid-18002 gallery-columns-3 gallery-size-thumbnail'><dl class='gallery-item'>\n\t\t\t<dt class='gallery-icon landscape'>\n\t\t\t\t<a href='https:\/\/przedszkole-alwernia.pl\/wp-content\/uploads\/2021\/06\/191166304_296638992110379_3067216482256197442_n.jpg' title=\"\" data-rl_title=\"\" class=\"rl-gallery-link\" data-rl_caption=\"\" data-rel=\"lightbox-gallery-1\"><img loading=\"lazy\" decoding=\"async\" width=\"150\" height=\"150\" src=\"https:\/\/przedszkole-alwernia.pl\/wp-content\/uploads\/2021\/06\/191166304_296638992110379_3067216482256197442_n-150x150.jpg\" class=\"attachment-thumbnail size-thumbnail\" alt=\"\" \/><\/a>\n\t\t\t<\/dt><\/dl><dl class='gallery-item'>\n\t\t\t<dt class='gallery-icon landscape'>\n\t\t\t\t<a href='https:\/\/przedszkole-alwernia.pl\/wp-content\/uploads\/2021\/06\/191585587_2691478254491358_836203828513561170_n.jpg' title=\"\" data-rl_title=\"\" class=\"rl-gallery-link\" data-rl_caption=\"\" data-rel=\"lightbox-gallery-1\"><img loading=\"lazy\" decoding=\"async\" width=\"150\" height=\"150\" src=\"https:\/\/przedszkole-alwernia.pl\/wp-content\/uploads\/2021\/06\/191585587_2691478254491358_836203828513561170_n-150x150.jpg\" class=\"attachment-thumbnail size-thumbnail\" alt=\"\" \/><\/a>\n\t\t\t<\/dt><\/dl><dl class='gallery-item'>\n\t\t\t<dt class='gallery-icon portrait'>\n\t\t\t\t<a href='https:\/\/przedszkole-alwernia.pl\/wp-content\/uploads\/2021\/06\/189939342_277724000715567_2238428229819815687_n.jpg' title=\"\" data-rl_title=\"\" class=\"rl-gallery-link\" data-rl_caption=\"\" data-rel=\"lightbox-gallery-1\"><img loading=\"lazy\" decoding=\"async\" width=\"150\" height=\"150\" src=\"https:\/\/przedszkole-alwernia.pl\/wp-content\/uploads\/2021\/06\/189939342_277724000715567_2238428229819815687_n-150x150.jpg\" class=\"attachment-thumbnail size-thumbnail\" alt=\"\" \/><\/a>\n\t\t\t<\/dt><\/dl><br style=\"clear: both\" \/><dl class='gallery-item'>\n\t\t\t<dt class='gallery-icon landscape'>\n\t\t\t\t<a href='https:\/\/przedszkole-alwernia.pl\/wp-content\/uploads\/2021\/06\/191225137_970663353705379_916755090122600507_n.jpg' title=\"\" data-rl_title=\"\" class=\"rl-gallery-link\" data-rl_caption=\"\" data-rel=\"lightbox-gallery-1\"><img loading=\"lazy\" decoding=\"async\" width=\"150\" height=\"150\" src=\"https:\/\/przedszkole-alwernia.pl\/wp-content\/uploads\/2021\/06\/191225137_970663353705379_916755090122600507_n-150x150.jpg\" class=\"attachment-thumbnail size-thumbnail\" alt=\"\" \/><\/a>\n\t\t\t<\/dt><\/dl>\n\t\t\t<br style='clear: both' \/>\n\t\t<\/div>\n\n","protected":false},"excerpt":{"rendered":"<p>Agencja Artystyczna ,,U\u015bmiech&#8221; przedstawi\u0142a w naszym przedszkolu teatrzyk pt.,, Przygody Tosi podr\u00f3\u017cniczki&#8221;<\/p>\n","protected":false},"author":2,"featured_media":0,"comment_status":"open","ping_status":"closed","sticky":false,"template":"","format":"standard","meta":{"footnotes":""},"categories":[1],"tags":[],"class_list":["post-18002","post","type-post","status-publish","format-standard","hentry","category-uncategorized"],"_links":{"self":[{"href":"https:\/\/przedszkole-alwernia.pl\/index.php?rest_route=\/wp\/v2\/posts\/18002","targetHints":{"allow":["GET"]}}],"collection":[{"href":"https:\/\/przedszkole-alwernia.pl\/index.php?rest_route=\/wp\/v2\/posts"}],"about":[{"href":"https:\/\/przedszkole-alwernia.pl\/index.php?rest_route=\/wp\/v2\/types\/post"}],"author":[{"embeddable":true,"href":"https:\/\/przedszkole-alwernia.pl\/index.php?rest_route=\/wp\/v2\/users\/2"}],"replies":[{"embeddable":true,"href":"https:\/\/przedszkole-alwernia.pl\/index.php?rest_route=%2Fwp%2Fv2%2Fcomments&post=18002"}],"version-history":[{"count":1,"href":"https:\/\/przedszkole-alwernia.pl\/index.php?rest_route=\/wp\/v2\/posts\/18002\/revisions"}],"predecessor-version":[{"id":18003,"href":"https:\/\/przedszkole-alwernia.pl\/index.php?rest_route=\/wp\/v2\/posts\/18002\/revisions\/18003"}],"wp:attachment":[{"href":"https:\/\/przedszkole-alwernia.pl\/index.php?rest_route=%2Fwp%2Fv2%2Fmedia&parent=18002"}],"wp:term":[{"taxonomy":"category","embeddable":true,"href":"https:\/\/przedszkole-alwernia.pl\/index.php?rest_route=%2Fwp%2Fv2%2Fcategories&post=18002"},{"taxonomy":"post_tag","embeddable":true,"href":"https:\/\/przedszkole-alwernia.pl\/index.php?rest_route=%2Fwp%2Fv2%2Ftags&post=18002"}],"curies":[{"name":"wp","href":"https:\/\/api.w.org\/{rel}","templated":true}]}}