{"id":18067,"date":"2021-06-08T08:41:00","date_gmt":"2021-06-08T08:41:00","guid":{"rendered":"https:\/\/przedszkole-alwernia.pl\/?p=18067"},"modified":"2021-06-11T08:57:43","modified_gmt":"2021-06-11T08:57:43","slug":"serce-za-odwage","status":"publish","type":"post","link":"https:\/\/przedszkole-alwernia.pl\/?p=18067","title":{"rendered":"Serce za odwag\u0119"},"content":{"rendered":"<p><a href=\"https:\/\/przedszkole-alwernia.pl\/wp-content\/uploads\/2021\/06\/198744276_280991123726105_1969668767788339125_n.jpg\" data-rel=\"lightbox-image-0\" data-rl_title=\"\" data-rl_caption=\"\" title=\"\"><img loading=\"lazy\" decoding=\"async\" class=\"alignnone size-medium wp-image-18068\" src=\"https:\/\/przedszkole-alwernia.pl\/wp-content\/uploads\/2021\/06\/198744276_280991123726105_1969668767788339125_n-202x300.jpg\" alt=\"\" width=\"202\" height=\"300\" srcset=\"https:\/\/przedszkole-alwernia.pl\/wp-content\/uploads\/2021\/06\/198744276_280991123726105_1969668767788339125_n-202x300.jpg 202w, https:\/\/przedszkole-alwernia.pl\/wp-content\/uploads\/2021\/06\/198744276_280991123726105_1969668767788339125_n-689x1024.jpg 689w, https:\/\/przedszkole-alwernia.pl\/wp-content\/uploads\/2021\/06\/198744276_280991123726105_1969668767788339125_n-768x1141.jpg 768w, https:\/\/przedszkole-alwernia.pl\/wp-content\/uploads\/2021\/06\/198744276_280991123726105_1969668767788339125_n-1033x1536.jpg 1033w, https:\/\/przedszkole-alwernia.pl\/wp-content\/uploads\/2021\/06\/198744276_280991123726105_1969668767788339125_n.jpg 1277w\" sizes=\"auto, (max-width: 202px) 100vw, 202px\" \/><\/a><\/p>\n<p>,Nasze dzieci zaanga\u017cowa\u0142y si\u0119 w akcje ,,Bohateron&#8221; i ,, Serce za odwag\u0119&#8221;. W odpowiedzi na nasze \u017cyczenia oraz pami\u0119\u0107 o powsta\u0144cach otrzymali\u015bmy pi\u0119kne podzi\u0119kowanie od ppor. Jana Maciejowskiego.<\/p>\n\n\n<p><\/p>\n","protected":false},"excerpt":{"rendered":"<p>,Nasze dzieci zaanga\u017cowa\u0142y si\u0119 w akcje ,,Bohateron&#8221; i ,, Serce za odwag\u0119&#8221;. W odpowiedzi na nasze \u017cyczenia oraz pami\u0119\u0107 o powsta\u0144cach otrzymali\u015bmy pi\u0119kne podzi\u0119kowanie od ppor. Jana Maciejowskiego.<\/p>\n","protected":false},"author":2,"featured_media":0,"comment_status":"open","ping_status":"closed","sticky":false,"template":"","format":"standard","meta":{"footnotes":""},"categories":[1],"tags":[],"class_list":["post-18067","post","type-post","status-publish","format-standard","hentry","category-uncategorized"],"_links":{"self":[{"href":"https:\/\/przedszkole-alwernia.pl\/index.php?rest_route=\/wp\/v2\/posts\/18067","targetHints":{"allow":["GET"]}}],"collection":[{"href":"https:\/\/przedszkole-alwernia.pl\/index.php?rest_route=\/wp\/v2\/posts"}],"about":[{"href":"https:\/\/przedszkole-alwernia.pl\/index.php?rest_route=\/wp\/v2\/types\/post"}],"author":[{"embeddable":true,"href":"https:\/\/przedszkole-alwernia.pl\/index.php?rest_route=\/wp\/v2\/users\/2"}],"replies":[{"embeddable":true,"href":"https:\/\/przedszkole-alwernia.pl\/index.php?rest_route=%2Fwp%2Fv2%2Fcomments&post=18067"}],"version-history":[{"count":1,"href":"https:\/\/przedszkole-alwernia.pl\/index.php?rest_route=\/wp\/v2\/posts\/18067\/revisions"}],"predecessor-version":[{"id":18069,"href":"https:\/\/przedszkole-alwernia.pl\/index.php?rest_route=\/wp\/v2\/posts\/18067\/revisions\/18069"}],"wp:attachment":[{"href":"https:\/\/przedszkole-alwernia.pl\/index.php?rest_route=%2Fwp%2Fv2%2Fmedia&parent=18067"}],"wp:term":[{"taxonomy":"category","embeddable":true,"href":"https:\/\/przedszkole-alwernia.pl\/index.php?rest_route=%2Fwp%2Fv2%2Fcategories&post=18067"},{"taxonomy":"post_tag","embeddable":true,"href":"https:\/\/przedszkole-alwernia.pl\/index.php?rest_route=%2Fwp%2Fv2%2Ftags&post=18067"}],"curies":[{"name":"wp","href":"https:\/\/api.w.org\/{rel}","templated":true}]}}