{"id":19116,"date":"2022-02-01T19:26:36","date_gmt":"2022-02-01T19:26:36","guid":{"rendered":"https:\/\/przedszkole-alwernia.pl\/?p=19116"},"modified":"2022-02-01T19:26:36","modified_gmt":"2022-02-01T19:26:36","slug":"ogloszenie-o-rekrutacji-do-przedszkola-na-rok-szkolny-2022-2023","status":"publish","type":"post","link":"https:\/\/przedszkole-alwernia.pl\/?p=19116","title":{"rendered":"Og\u0142oszenie o rekrutacji do przedszkola na rok szkolny 2022\/2023"},"content":{"rendered":"<p><a href=\"https:\/\/przedszkole-alwernia.pl\/wp-content\/uploads\/2022\/02\/ogloszenie-rekrutacja-2022_2023.pdf\">og\u0142oszenie rekrutacja 2022\/2023<\/a><\/p>\n\n\n<p>wi\u0119cej informacji znajduje si\u0119 w zak\u0142adce:<\/p>\n\n\n\n<p>,,Przedszkole-rekrutacja&#8221;<\/p>\n","protected":false},"excerpt":{"rendered":"<p>og\u0142oszenie rekrutacja 2022\/2023 wi\u0119cej informacji znajduje si\u0119 w zak\u0142adce: ,,Przedszkole-rekrutacja&#8221;<\/p>\n","protected":false},"author":2,"featured_media":0,"comment_status":"open","ping_status":"closed","sticky":false,"template":"","format":"standard","meta":{"footnotes":""},"categories":[1],"tags":[],"class_list":["post-19116","post","type-post","status-publish","format-standard","hentry","category-uncategorized"],"_links":{"self":[{"href":"https:\/\/przedszkole-alwernia.pl\/index.php?rest_route=\/wp\/v2\/posts\/19116","targetHints":{"allow":["GET"]}}],"collection":[{"href":"https:\/\/przedszkole-alwernia.pl\/index.php?rest_route=\/wp\/v2\/posts"}],"about":[{"href":"https:\/\/przedszkole-alwernia.pl\/index.php?rest_route=\/wp\/v2\/types\/post"}],"author":[{"embeddable":true,"href":"https:\/\/przedszkole-alwernia.pl\/index.php?rest_route=\/wp\/v2\/users\/2"}],"replies":[{"embeddable":true,"href":"https:\/\/przedszkole-alwernia.pl\/index.php?rest_route=%2Fwp%2Fv2%2Fcomments&post=19116"}],"version-history":[{"count":1,"href":"https:\/\/przedszkole-alwernia.pl\/index.php?rest_route=\/wp\/v2\/posts\/19116\/revisions"}],"predecessor-version":[{"id":19117,"href":"https:\/\/przedszkole-alwernia.pl\/index.php?rest_route=\/wp\/v2\/posts\/19116\/revisions\/19117"}],"wp:attachment":[{"href":"https:\/\/przedszkole-alwernia.pl\/index.php?rest_route=%2Fwp%2Fv2%2Fmedia&parent=19116"}],"wp:term":[{"taxonomy":"category","embeddable":true,"href":"https:\/\/przedszkole-alwernia.pl\/index.php?rest_route=%2Fwp%2Fv2%2Fcategories&post=19116"},{"taxonomy":"post_tag","embeddable":true,"href":"https:\/\/przedszkole-alwernia.pl\/index.php?rest_route=%2Fwp%2Fv2%2Ftags&post=19116"}],"curies":[{"name":"wp","href":"https:\/\/api.w.org\/{rel}","templated":true}]}}