{"id":19288,"date":"2022-02-17T06:02:09","date_gmt":"2022-02-17T06:02:09","guid":{"rendered":"https:\/\/przedszkole-alwernia.pl\/?p=19288"},"modified":"2022-02-17T07:18:27","modified_gmt":"2022-02-17T07:18:27","slug":"koncert-kapeli-ze-szczyrku-goralska-hora","status":"publish","type":"post","link":"https:\/\/przedszkole-alwernia.pl\/?p=19288","title":{"rendered":"Koncert Kapeli ze Szczyrku ,,G\u00f3ralska Hora\u201d"},"content":{"rendered":"<p><a href=\"https:\/\/przedszkole-alwernia.pl\/wp-content\/uploads\/2022\/02\/EF4ED959-9190-46D8-921D-6FF569DA6BE6.jpeg\" data-rel=\"lightbox-image-0\" data-rl_title=\"\" data-rl_caption=\"\" title=\"\"><img loading=\"lazy\" decoding=\"async\" class=\"alignnone size-medium wp-image-19299\" src=\"https:\/\/przedszkole-alwernia.pl\/wp-content\/uploads\/2022\/02\/EF4ED959-9190-46D8-921D-6FF569DA6BE6-300x225.jpeg\" alt=\"\" width=\"300\" height=\"225\" srcset=\"https:\/\/przedszkole-alwernia.pl\/wp-content\/uploads\/2022\/02\/EF4ED959-9190-46D8-921D-6FF569DA6BE6-300x225.jpeg 300w, https:\/\/przedszkole-alwernia.pl\/wp-content\/uploads\/2022\/02\/EF4ED959-9190-46D8-921D-6FF569DA6BE6-1024x768.jpeg 1024w, https:\/\/przedszkole-alwernia.pl\/wp-content\/uploads\/2022\/02\/EF4ED959-9190-46D8-921D-6FF569DA6BE6-768x576.jpeg 768w, https:\/\/przedszkole-alwernia.pl\/wp-content\/uploads\/2022\/02\/EF4ED959-9190-46D8-921D-6FF569DA6BE6-1536x1152.jpeg 1536w, https:\/\/przedszkole-alwernia.pl\/wp-content\/uploads\/2022\/02\/EF4ED959-9190-46D8-921D-6FF569DA6BE6.jpeg 1600w\" sizes=\"auto, (max-width: 300px) 100vw, 300px\" \/><\/a><br \/>\nW naszym przedszkolu go\u015bcili\u015bmy kapel\u0119 g\u00f3ralsk\u0105 ze Szczyrku ,,G\u00f3ralska Hora\u201d. By\u0142 to wspania\u0142y i niezapomniany koncert!<!--more--><\/p>\n<div id='gallery-1' class='gallery galleryid-19288 gallery-columns-3 gallery-size-thumbnail'><dl class='gallery-item'>\n\t\t\t<dt class='gallery-icon portrait'>\n\t\t\t\t<a href='https:\/\/przedszkole-alwernia.pl\/wp-content\/uploads\/2022\/02\/0D943AD6-C973-478C-8986-860D11AD4C0C.jpeg' title=\"\" data-rl_title=\"\" class=\"rl-gallery-link\" data-rl_caption=\"\" data-rel=\"lightbox-gallery-1\"><img loading=\"lazy\" decoding=\"async\" width=\"150\" height=\"150\" src=\"https:\/\/przedszkole-alwernia.pl\/wp-content\/uploads\/2022\/02\/0D943AD6-C973-478C-8986-860D11AD4C0C-150x150.jpeg\" class=\"attachment-thumbnail size-thumbnail\" alt=\"\" \/><\/a>\n\t\t\t<\/dt><\/dl><dl class='gallery-item'>\n\t\t\t<dt class='gallery-icon portrait'>\n\t\t\t\t<a href='https:\/\/przedszkole-alwernia.pl\/wp-content\/uploads\/2022\/02\/3F061491-A76A-4A52-84D9-F732FA8CE2DB.jpeg' title=\"\" data-rl_title=\"\" class=\"rl-gallery-link\" data-rl_caption=\"\" data-rel=\"lightbox-gallery-1\"><img loading=\"lazy\" decoding=\"async\" width=\"150\" height=\"150\" src=\"https:\/\/przedszkole-alwernia.pl\/wp-content\/uploads\/2022\/02\/3F061491-A76A-4A52-84D9-F732FA8CE2DB-150x150.jpeg\" class=\"attachment-thumbnail size-thumbnail\" alt=\"\" \/><\/a>\n\t\t\t<\/dt><\/dl><dl class='gallery-item'>\n\t\t\t<dt class='gallery-icon portrait'>\n\t\t\t\t<a href='https:\/\/przedszkole-alwernia.pl\/wp-content\/uploads\/2022\/02\/F0E9B971-B715-4216-909E-70D776FB39BB.jpeg' title=\"\" data-rl_title=\"\" class=\"rl-gallery-link\" data-rl_caption=\"\" data-rel=\"lightbox-gallery-1\"><img loading=\"lazy\" decoding=\"async\" width=\"150\" height=\"150\" src=\"https:\/\/przedszkole-alwernia.pl\/wp-content\/uploads\/2022\/02\/F0E9B971-B715-4216-909E-70D776FB39BB-150x150.jpeg\" class=\"attachment-thumbnail size-thumbnail\" alt=\"\" \/><\/a>\n\t\t\t<\/dt><\/dl><br style=\"clear: both\" \/><dl class='gallery-item'>\n\t\t\t<dt class='gallery-icon portrait'>\n\t\t\t\t<a href='https:\/\/przedszkole-alwernia.pl\/wp-content\/uploads\/2022\/02\/D7007B2F-FF05-4B02-836D-3A339AADBA30.jpeg' title=\"\" data-rl_title=\"\" class=\"rl-gallery-link\" data-rl_caption=\"\" data-rel=\"lightbox-gallery-1\"><img loading=\"lazy\" decoding=\"async\" width=\"150\" height=\"150\" src=\"https:\/\/przedszkole-alwernia.pl\/wp-content\/uploads\/2022\/02\/D7007B2F-FF05-4B02-836D-3A339AADBA30-150x150.jpeg\" class=\"attachment-thumbnail size-thumbnail\" alt=\"\" \/><\/a>\n\t\t\t<\/dt><\/dl><dl class='gallery-item'>\n\t\t\t<dt class='gallery-icon portrait'>\n\t\t\t\t<a href='https:\/\/przedszkole-alwernia.pl\/wp-content\/uploads\/2022\/02\/259E92E2-43C9-4BC3-85E6-BF03783C2906.jpeg' title=\"\" data-rl_title=\"\" class=\"rl-gallery-link\" data-rl_caption=\"\" data-rel=\"lightbox-gallery-1\"><img loading=\"lazy\" decoding=\"async\" width=\"150\" height=\"150\" src=\"https:\/\/przedszkole-alwernia.pl\/wp-content\/uploads\/2022\/02\/259E92E2-43C9-4BC3-85E6-BF03783C2906-150x150.jpeg\" class=\"attachment-thumbnail size-thumbnail\" alt=\"\" \/><\/a>\n\t\t\t<\/dt><\/dl><dl class='gallery-item'>\n\t\t\t<dt class='gallery-icon portrait'>\n\t\t\t\t<a href='https:\/\/przedszkole-alwernia.pl\/wp-content\/uploads\/2022\/02\/44DAEDD4-6ADD-4A8B-8D39-475F13D6EF7E.jpeg' title=\"\" data-rl_title=\"\" class=\"rl-gallery-link\" data-rl_caption=\"\" data-rel=\"lightbox-gallery-1\"><img loading=\"lazy\" decoding=\"async\" width=\"150\" height=\"150\" src=\"https:\/\/przedszkole-alwernia.pl\/wp-content\/uploads\/2022\/02\/44DAEDD4-6ADD-4A8B-8D39-475F13D6EF7E-150x150.jpeg\" class=\"attachment-thumbnail size-thumbnail\" alt=\"\" \/><\/a>\n\t\t\t<\/dt><\/dl><br style=\"clear: both\" \/><dl class='gallery-item'>\n\t\t\t<dt class='gallery-icon portrait'>\n\t\t\t\t<a href='https:\/\/przedszkole-alwernia.pl\/wp-content\/uploads\/2022\/02\/3FE77EFF-56C9-4148-AD50-F5D3D21B8180.jpeg' title=\"\" data-rl_title=\"\" class=\"rl-gallery-link\" data-rl_caption=\"\" data-rel=\"lightbox-gallery-1\"><img loading=\"lazy\" decoding=\"async\" width=\"150\" height=\"150\" src=\"https:\/\/przedszkole-alwernia.pl\/wp-content\/uploads\/2022\/02\/3FE77EFF-56C9-4148-AD50-F5D3D21B8180-150x150.jpeg\" class=\"attachment-thumbnail size-thumbnail\" alt=\"\" \/><\/a>\n\t\t\t<\/dt><\/dl><dl class='gallery-item'>\n\t\t\t<dt class='gallery-icon portrait'>\n\t\t\t\t<a href='https:\/\/przedszkole-alwernia.pl\/wp-content\/uploads\/2022\/02\/FFEB9601-B200-4E85-9687-EE32C85576A3.jpeg' title=\"\" data-rl_title=\"\" class=\"rl-gallery-link\" data-rl_caption=\"\" data-rel=\"lightbox-gallery-1\"><img loading=\"lazy\" decoding=\"async\" width=\"150\" height=\"150\" src=\"https:\/\/przedszkole-alwernia.pl\/wp-content\/uploads\/2022\/02\/FFEB9601-B200-4E85-9687-EE32C85576A3-150x150.jpeg\" class=\"attachment-thumbnail size-thumbnail\" alt=\"\" \/><\/a>\n\t\t\t<\/dt><\/dl><dl class='gallery-item'>\n\t\t\t<dt class='gallery-icon portrait'>\n\t\t\t\t<a href='https:\/\/przedszkole-alwernia.pl\/wp-content\/uploads\/2022\/02\/5A5A6BD3-B903-448A-94B8-F1458CD34402.jpeg' title=\"\" data-rl_title=\"\" class=\"rl-gallery-link\" data-rl_caption=\"\" data-rel=\"lightbox-gallery-1\"><img loading=\"lazy\" decoding=\"async\" width=\"150\" height=\"150\" src=\"https:\/\/przedszkole-alwernia.pl\/wp-content\/uploads\/2022\/02\/5A5A6BD3-B903-448A-94B8-F1458CD34402-150x150.jpeg\" class=\"attachment-thumbnail size-thumbnail\" alt=\"\" \/><\/a>\n\t\t\t<\/dt><\/dl><br style=\"clear: both\" \/><dl class='gallery-item'>\n\t\t\t<dt class='gallery-icon portrait'>\n\t\t\t\t<a href='https:\/\/przedszkole-alwernia.pl\/wp-content\/uploads\/2022\/02\/3DF2BE80-9D42-4783-AB9E-96E9B98C5A5B.jpeg' title=\"\" data-rl_title=\"\" class=\"rl-gallery-link\" data-rl_caption=\"\" data-rel=\"lightbox-gallery-1\"><img loading=\"lazy\" decoding=\"async\" width=\"150\" height=\"150\" src=\"https:\/\/przedszkole-alwernia.pl\/wp-content\/uploads\/2022\/02\/3DF2BE80-9D42-4783-AB9E-96E9B98C5A5B-150x150.jpeg\" class=\"attachment-thumbnail size-thumbnail\" alt=\"\" \/><\/a>\n\t\t\t<\/dt><\/dl><dl class='gallery-item'>\n\t\t\t<dt class='gallery-icon landscape'>\n\t\t\t\t<a href='https:\/\/przedszkole-alwernia.pl\/wp-content\/uploads\/2022\/02\/EF4ED959-9190-46D8-921D-6FF569DA6BE6.jpeg' title=\"\" data-rl_title=\"\" class=\"rl-gallery-link\" data-rl_caption=\"\" data-rel=\"lightbox-gallery-1\"><img loading=\"lazy\" decoding=\"async\" width=\"150\" height=\"150\" src=\"https:\/\/przedszkole-alwernia.pl\/wp-content\/uploads\/2022\/02\/EF4ED959-9190-46D8-921D-6FF569DA6BE6-150x150.jpeg\" class=\"attachment-thumbnail size-thumbnail\" alt=\"\" \/><\/a>\n\t\t\t<\/dt><\/dl><dl class='gallery-item'>\n\t\t\t<dt class='gallery-icon portrait'>\n\t\t\t\t<a href='https:\/\/przedszkole-alwernia.pl\/wp-content\/uploads\/2022\/02\/FC88A5AC-DAC9-404A-BBD9-34D69B61FCC0.jpeg' title=\"\" data-rl_title=\"\" class=\"rl-gallery-link\" data-rl_caption=\"\" data-rel=\"lightbox-gallery-1\"><img loading=\"lazy\" decoding=\"async\" width=\"150\" height=\"150\" src=\"https:\/\/przedszkole-alwernia.pl\/wp-content\/uploads\/2022\/02\/FC88A5AC-DAC9-404A-BBD9-34D69B61FCC0-150x150.jpeg\" class=\"attachment-thumbnail size-thumbnail\" alt=\"\" \/><\/a>\n\t\t\t<\/dt><\/dl><br style=\"clear: both\" \/><dl class='gallery-item'>\n\t\t\t<dt class='gallery-icon portrait'>\n\t\t\t\t<a href='https:\/\/przedszkole-alwernia.pl\/wp-content\/uploads\/2022\/02\/90688E85-FF04-46CC-80FD-58FB802482F3.jpeg' title=\"\" data-rl_title=\"\" class=\"rl-gallery-link\" data-rl_caption=\"\" data-rel=\"lightbox-gallery-1\"><img loading=\"lazy\" decoding=\"async\" width=\"150\" height=\"150\" src=\"https:\/\/przedszkole-alwernia.pl\/wp-content\/uploads\/2022\/02\/90688E85-FF04-46CC-80FD-58FB802482F3-150x150.jpeg\" class=\"attachment-thumbnail size-thumbnail\" alt=\"\" \/><\/a>\n\t\t\t<\/dt><\/dl><dl class='gallery-item'>\n\t\t\t<dt class='gallery-icon portrait'>\n\t\t\t\t<a href='https:\/\/przedszkole-alwernia.pl\/wp-content\/uploads\/2022\/02\/30538736-3EA0-4ACA-BC83-A66276D50072.jpeg' title=\"\" data-rl_title=\"\" class=\"rl-gallery-link\" data-rl_caption=\"\" data-rel=\"lightbox-gallery-1\"><img loading=\"lazy\" decoding=\"async\" width=\"150\" height=\"150\" src=\"https:\/\/przedszkole-alwernia.pl\/wp-content\/uploads\/2022\/02\/30538736-3EA0-4ACA-BC83-A66276D50072-150x150.jpeg\" class=\"attachment-thumbnail size-thumbnail\" alt=\"\" \/><\/a>\n\t\t\t<\/dt><\/dl><dl class='gallery-item'>\n\t\t\t<dt class='gallery-icon portrait'>\n\t\t\t\t<a href='https:\/\/przedszkole-alwernia.pl\/wp-content\/uploads\/2022\/02\/C42DEF07-BB85-4299-9D5C-41E9466E4E13.jpeg' title=\"\" data-rl_title=\"\" class=\"rl-gallery-link\" data-rl_caption=\"\" data-rel=\"lightbox-gallery-1\"><img loading=\"lazy\" decoding=\"async\" width=\"150\" height=\"150\" src=\"https:\/\/przedszkole-alwernia.pl\/wp-content\/uploads\/2022\/02\/C42DEF07-BB85-4299-9D5C-41E9466E4E13-150x150.jpeg\" class=\"attachment-thumbnail size-thumbnail\" alt=\"\" \/><\/a>\n\t\t\t<\/dt><\/dl><br style=\"clear: both\" \/><dl class='gallery-item'>\n\t\t\t<dt class='gallery-icon portrait'>\n\t\t\t\t<a href='https:\/\/przedszkole-alwernia.pl\/wp-content\/uploads\/2022\/02\/A0C6A444-3190-4432-8F05-77861DDF98A2.jpeg' title=\"\" data-rl_title=\"\" class=\"rl-gallery-link\" data-rl_caption=\"\" data-rel=\"lightbox-gallery-1\"><img loading=\"lazy\" decoding=\"async\" width=\"150\" height=\"150\" src=\"https:\/\/przedszkole-alwernia.pl\/wp-content\/uploads\/2022\/02\/A0C6A444-3190-4432-8F05-77861DDF98A2-150x150.jpeg\" class=\"attachment-thumbnail size-thumbnail\" alt=\"\" \/><\/a>\n\t\t\t<\/dt><\/dl><dl class='gallery-item'>\n\t\t\t<dt class='gallery-icon landscape'>\n\t\t\t\t<a href='https:\/\/przedszkole-alwernia.pl\/wp-content\/uploads\/2022\/02\/530D706E-5B2D-4349-829D-C5F72A92174A.jpeg' title=\"\" data-rl_title=\"\" class=\"rl-gallery-link\" data-rl_caption=\"\" data-rel=\"lightbox-gallery-1\"><img loading=\"lazy\" decoding=\"async\" width=\"150\" height=\"150\" src=\"https:\/\/przedszkole-alwernia.pl\/wp-content\/uploads\/2022\/02\/530D706E-5B2D-4349-829D-C5F72A92174A-150x150.jpeg\" class=\"attachment-thumbnail size-thumbnail\" alt=\"\" \/><\/a>\n\t\t\t<\/dt><\/dl><dl class='gallery-item'>\n\t\t\t<dt class='gallery-icon landscape'>\n\t\t\t\t<a href='https:\/\/przedszkole-alwernia.pl\/wp-content\/uploads\/2022\/02\/20901D53-8284-41CB-B685-710AC9F65D77.jpeg' title=\"\" data-rl_title=\"\" class=\"rl-gallery-link\" data-rl_caption=\"\" data-rel=\"lightbox-gallery-1\"><img loading=\"lazy\" decoding=\"async\" width=\"150\" height=\"150\" src=\"https:\/\/przedszkole-alwernia.pl\/wp-content\/uploads\/2022\/02\/20901D53-8284-41CB-B685-710AC9F65D77-150x150.jpeg\" class=\"attachment-thumbnail size-thumbnail\" alt=\"\" \/><\/a>\n\t\t\t<\/dt><\/dl><br style=\"clear: both\" \/><dl class='gallery-item'>\n\t\t\t<dt class='gallery-icon landscape'>\n\t\t\t\t<a href='https:\/\/przedszkole-alwernia.pl\/wp-content\/uploads\/2022\/02\/FB3347AD-15A7-4537-86BF-B488C0534898.jpeg' title=\"\" data-rl_title=\"\" class=\"rl-gallery-link\" data-rl_caption=\"\" data-rel=\"lightbox-gallery-1\"><img loading=\"lazy\" decoding=\"async\" width=\"150\" height=\"150\" src=\"https:\/\/przedszkole-alwernia.pl\/wp-content\/uploads\/2022\/02\/FB3347AD-15A7-4537-86BF-B488C0534898-150x150.jpeg\" class=\"attachment-thumbnail size-thumbnail\" alt=\"\" \/><\/a>\n\t\t\t<\/dt><\/dl>\n\t\t\t<br style='clear: both' \/>\n\t\t<\/div>\n\n","protected":false},"excerpt":{"rendered":"<p>W naszym przedszkolu go\u015bcili\u015bmy kapel\u0119 g\u00f3ralsk\u0105 ze Szczyrku ,,G\u00f3ralska Hora\u201d. By\u0142 to wspania\u0142y i niezapomniany koncert!<\/p>\n","protected":false},"author":2,"featured_media":0,"comment_status":"open","ping_status":"closed","sticky":false,"template":"","format":"standard","meta":{"footnotes":""},"categories":[1],"tags":[],"class_list":["post-19288","post","type-post","status-publish","format-standard","hentry","category-uncategorized"],"_links":{"self":[{"href":"https:\/\/przedszkole-alwernia.pl\/index.php?rest_route=\/wp\/v2\/posts\/19288","targetHints":{"allow":["GET"]}}],"collection":[{"href":"https:\/\/przedszkole-alwernia.pl\/index.php?rest_route=\/wp\/v2\/posts"}],"about":[{"href":"https:\/\/przedszkole-alwernia.pl\/index.php?rest_route=\/wp\/v2\/types\/post"}],"author":[{"embeddable":true,"href":"https:\/\/przedszkole-alwernia.pl\/index.php?rest_route=\/wp\/v2\/users\/2"}],"replies":[{"embeddable":true,"href":"https:\/\/przedszkole-alwernia.pl\/index.php?rest_route=%2Fwp%2Fv2%2Fcomments&post=19288"}],"version-history":[{"count":2,"href":"https:\/\/przedszkole-alwernia.pl\/index.php?rest_route=\/wp\/v2\/posts\/19288\/revisions"}],"predecessor-version":[{"id":19308,"href":"https:\/\/przedszkole-alwernia.pl\/index.php?rest_route=\/wp\/v2\/posts\/19288\/revisions\/19308"}],"wp:attachment":[{"href":"https:\/\/przedszkole-alwernia.pl\/index.php?rest_route=%2Fwp%2Fv2%2Fmedia&parent=19288"}],"wp:term":[{"taxonomy":"category","embeddable":true,"href":"https:\/\/przedszkole-alwernia.pl\/index.php?rest_route=%2Fwp%2Fv2%2Fcategories&post=19288"},{"taxonomy":"post_tag","embeddable":true,"href":"https:\/\/przedszkole-alwernia.pl\/index.php?rest_route=%2Fwp%2Fv2%2Ftags&post=19288"}],"curies":[{"name":"wp","href":"https:\/\/api.w.org\/{rel}","templated":true}]}}