{"id":19432,"date":"2022-02-28T15:22:03","date_gmt":"2022-02-28T15:22:03","guid":{"rendered":"https:\/\/przedszkole-alwernia.pl\/?p=19432"},"modified":"2022-03-05T09:26:02","modified_gmt":"2022-03-05T09:26:02","slug":"pomoc-dla-ukrainy","status":"publish","type":"post","link":"https:\/\/przedszkole-alwernia.pl\/?p=19432","title":{"rendered":"Pomoc dla Ukrainy"},"content":{"rendered":"<p><a href=\"https:\/\/przedszkole-alwernia.pl\/wp-content\/uploads\/2022\/02\/2CF340D9-74CD-4F58-B006-FFBD0E72BF1B-e1646061638613.jpeg\" data-rel=\"lightbox-image-0\" data-rl_title=\"\" data-rl_caption=\"\" title=\"\"><img loading=\"lazy\" decoding=\"async\" class=\"alignnone size-medium wp-image-19431\" src=\"https:\/\/przedszkole-alwernia.pl\/wp-content\/uploads\/2022\/02\/2CF340D9-74CD-4F58-B006-FFBD0E72BF1B-e1646061638613-300x171.jpeg\" alt=\"\" width=\"300\" height=\"171\" srcset=\"https:\/\/przedszkole-alwernia.pl\/wp-content\/uploads\/2022\/02\/2CF340D9-74CD-4F58-B006-FFBD0E72BF1B-e1646061638613-300x171.jpeg 300w, https:\/\/przedszkole-alwernia.pl\/wp-content\/uploads\/2022\/02\/2CF340D9-74CD-4F58-B006-FFBD0E72BF1B-e1646061638613-1024x585.jpeg 1024w, https:\/\/przedszkole-alwernia.pl\/wp-content\/uploads\/2022\/02\/2CF340D9-74CD-4F58-B006-FFBD0E72BF1B-e1646061638613-768x439.jpeg 768w, https:\/\/przedszkole-alwernia.pl\/wp-content\/uploads\/2022\/02\/2CF340D9-74CD-4F58-B006-FFBD0E72BF1B-e1646061638613-1536x877.jpeg 1536w, https:\/\/przedszkole-alwernia.pl\/wp-content\/uploads\/2022\/02\/2CF340D9-74CD-4F58-B006-FFBD0E72BF1B-e1646061638613.jpeg 1653w\" sizes=\"auto, (max-width: 300px) 100vw, 300px\" \/><\/a><\/p>\n<p>Nasze Przedszkole zbiera wszelkie \u015brodki opatrunkowe, takie jak:<!--more--><br \/>-Banda\u017ce<br \/>-Gazy opatrunkowe<br \/>-Plastry<br \/>-Dezynfekcja na rany<br \/>-B\u0142yskawiczne Szwy opatrunkowe<br \/>-Gaziki <br \/>I tym podobne.<br \/>R\u00f3wnie\u017c zbieramy:<br \/>-termosy<br \/>-odzie\u017c termiczna dla m\u0119\u017cczyzn.<br \/>Prosimy o du\u017ce zaanga\u017cowanie, Wspierajmy Potrzebuj\u0105cych w tych trudnych chwilach.<br \/>Zbieramy do 04.03 (pi\u0105tek) do godziny 13:00.<\/p>\n\n\n<p><\/p>\n","protected":false},"excerpt":{"rendered":"<p>Nasze Przedszkole zbiera wszelkie \u015brodki opatrunkowe, takie jak:<\/p>\n","protected":false},"author":2,"featured_media":0,"comment_status":"open","ping_status":"closed","sticky":false,"template":"","format":"standard","meta":{"footnotes":""},"categories":[1],"tags":[],"class_list":["post-19432","post","type-post","status-publish","format-standard","hentry","category-uncategorized"],"_links":{"self":[{"href":"https:\/\/przedszkole-alwernia.pl\/index.php?rest_route=\/wp\/v2\/posts\/19432","targetHints":{"allow":["GET"]}}],"collection":[{"href":"https:\/\/przedszkole-alwernia.pl\/index.php?rest_route=\/wp\/v2\/posts"}],"about":[{"href":"https:\/\/przedszkole-alwernia.pl\/index.php?rest_route=\/wp\/v2\/types\/post"}],"author":[{"embeddable":true,"href":"https:\/\/przedszkole-alwernia.pl\/index.php?rest_route=\/wp\/v2\/users\/2"}],"replies":[{"embeddable":true,"href":"https:\/\/przedszkole-alwernia.pl\/index.php?rest_route=%2Fwp%2Fv2%2Fcomments&post=19432"}],"version-history":[{"count":3,"href":"https:\/\/przedszkole-alwernia.pl\/index.php?rest_route=\/wp\/v2\/posts\/19432\/revisions"}],"predecessor-version":[{"id":19441,"href":"https:\/\/przedszkole-alwernia.pl\/index.php?rest_route=\/wp\/v2\/posts\/19432\/revisions\/19441"}],"wp:attachment":[{"href":"https:\/\/przedszkole-alwernia.pl\/index.php?rest_route=%2Fwp%2Fv2%2Fmedia&parent=19432"}],"wp:term":[{"taxonomy":"category","embeddable":true,"href":"https:\/\/przedszkole-alwernia.pl\/index.php?rest_route=%2Fwp%2Fv2%2Fcategories&post=19432"},{"taxonomy":"post_tag","embeddable":true,"href":"https:\/\/przedszkole-alwernia.pl\/index.php?rest_route=%2Fwp%2Fv2%2Ftags&post=19432"}],"curies":[{"name":"wp","href":"https:\/\/api.w.org\/{rel}","templated":true}]}}