{"id":19435,"date":"2022-03-05T09:25:12","date_gmt":"2022-03-05T09:25:12","guid":{"rendered":"https:\/\/przedszkole-alwernia.pl\/?p=19435"},"modified":"2022-03-05T09:28:28","modified_gmt":"2022-03-05T09:28:28","slug":"pomoc-dla-ukrainy-2","status":"publish","type":"post","link":"https:\/\/przedszkole-alwernia.pl\/?p=19435","title":{"rendered":"Pomoc dla Ukrainy"},"content":{"rendered":"<div id='gallery-1' class='gallery galleryid-19435 gallery-columns-3 gallery-size-thumbnail'><dl class='gallery-item'>\n\t\t\t<dt class='gallery-icon landscape'>\n\t\t\t\t<a href='https:\/\/przedszkole-alwernia.pl\/wp-content\/uploads\/2022\/03\/IMG_20220304_164002-1-scaled.jpg' title=\"\" data-rl_title=\"\" class=\"rl-gallery-link\" data-rl_caption=\"\" data-rel=\"lightbox-gallery-1\"><img loading=\"lazy\" decoding=\"async\" width=\"150\" height=\"150\" src=\"https:\/\/przedszkole-alwernia.pl\/wp-content\/uploads\/2022\/03\/IMG_20220304_164002-1-150x150.jpg\" class=\"attachment-thumbnail size-thumbnail\" alt=\"\" \/><\/a>\n\t\t\t<\/dt><\/dl><dl class='gallery-item'>\n\t\t\t<dt class='gallery-icon landscape'>\n\t\t\t\t<a href='https:\/\/przedszkole-alwernia.pl\/wp-content\/uploads\/2022\/03\/IMG_20220304_164027-scaled.jpg' title=\"\" data-rl_title=\"\" class=\"rl-gallery-link\" data-rl_caption=\"\" data-rel=\"lightbox-gallery-1\"><img loading=\"lazy\" decoding=\"async\" width=\"150\" height=\"150\" src=\"https:\/\/przedszkole-alwernia.pl\/wp-content\/uploads\/2022\/03\/IMG_20220304_164027-150x150.jpg\" class=\"attachment-thumbnail size-thumbnail\" alt=\"\" \/><\/a>\n\t\t\t<\/dt><\/dl>\n\t\t\t<br style='clear: both' \/>\n\t\t<\/div>\n\n<p>&#8222;Przedszkole Samorz\u0105dowe &#8222;T\u0119czowa Kraina&#8221; w Alwerni z fili\u0105 w Grojcu w\u0142\u0105czy\u0142o si\u0119 w akcj\u0119 charytatywn\u0105: &#8222;Pomoc dla Ukrainy&#8221;. <!--more-->W pi\u0105tek 4 marca roku przekazali\u015bmy do OSP w Alwerni zebrane \u015brodki opatrunkowe, \u015brodki przeciwb\u00f3lowe, opatrunki, \u015brodki antyseptyczne, produkty \u017cywno\u015bciowe nadaj\u0105ce si\u0119 do szybkiego przygotowania oraz termosy, zapalniczki, m\u0119sk\u0105 odzie\u017c termiczn\u0105. Jak zawsze mogli\u015bmy liczy\u0107 na du\u017ce zaanga\u017cowanie rodzic\u00f3w naszych przedszkolak\u00f3w z Alwerni i z Grojca.<\/p>\n<p>BARDZO DZI\u0118KUJEMY&#8221;<\/p>\n","protected":false},"excerpt":{"rendered":"<p>&#8222;Przedszkole Samorz\u0105dowe &#8222;T\u0119czowa Kraina&#8221; w Alwerni z fili\u0105 w Grojcu w\u0142\u0105czy\u0142o si\u0119 w akcj\u0119 charytatywn\u0105: &#8222;Pomoc dla Ukrainy&#8221;.<\/p>\n","protected":false},"author":2,"featured_media":0,"comment_status":"open","ping_status":"closed","sticky":false,"template":"","format":"standard","meta":{"footnotes":""},"categories":[1],"tags":[],"class_list":["post-19435","post","type-post","status-publish","format-standard","hentry","category-uncategorized"],"_links":{"self":[{"href":"https:\/\/przedszkole-alwernia.pl\/index.php?rest_route=\/wp\/v2\/posts\/19435","targetHints":{"allow":["GET"]}}],"collection":[{"href":"https:\/\/przedszkole-alwernia.pl\/index.php?rest_route=\/wp\/v2\/posts"}],"about":[{"href":"https:\/\/przedszkole-alwernia.pl\/index.php?rest_route=\/wp\/v2\/types\/post"}],"author":[{"embeddable":true,"href":"https:\/\/przedszkole-alwernia.pl\/index.php?rest_route=\/wp\/v2\/users\/2"}],"replies":[{"embeddable":true,"href":"https:\/\/przedszkole-alwernia.pl\/index.php?rest_route=%2Fwp%2Fv2%2Fcomments&post=19435"}],"version-history":[{"count":3,"href":"https:\/\/przedszkole-alwernia.pl\/index.php?rest_route=\/wp\/v2\/posts\/19435\/revisions"}],"predecessor-version":[{"id":19443,"href":"https:\/\/przedszkole-alwernia.pl\/index.php?rest_route=\/wp\/v2\/posts\/19435\/revisions\/19443"}],"wp:attachment":[{"href":"https:\/\/przedszkole-alwernia.pl\/index.php?rest_route=%2Fwp%2Fv2%2Fmedia&parent=19435"}],"wp:term":[{"taxonomy":"category","embeddable":true,"href":"https:\/\/przedszkole-alwernia.pl\/index.php?rest_route=%2Fwp%2Fv2%2Fcategories&post=19435"},{"taxonomy":"post_tag","embeddable":true,"href":"https:\/\/przedszkole-alwernia.pl\/index.php?rest_route=%2Fwp%2Fv2%2Ftags&post=19435"}],"curies":[{"name":"wp","href":"https:\/\/api.w.org\/{rel}","templated":true}]}}