{"id":19488,"date":"2022-03-17T14:05:32","date_gmt":"2022-03-17T14:05:32","guid":{"rendered":"https:\/\/przedszkole-alwernia.pl\/?p=19488"},"modified":"2022-03-17T14:05:32","modified_gmt":"2022-03-17T14:05:32","slug":"dzieci-w-wirtualnej-sieci","status":"publish","type":"post","link":"https:\/\/przedszkole-alwernia.pl\/?p=19488","title":{"rendered":"Dzieci w wirtualnej sieci"},"content":{"rendered":"<p>Drodzy Rodzice prosimy o zapoznanie si\u0119 z broszur\u0105 pt. ,,Dzieci w wirtualnej sieci&#8221; opracowanej przez Fundacj\u0119 Edukacji Zdrowotnej i Psychoterapii w Poznaniu.<\/p>\n<p><a href=\"https:\/\/przedszkole-alwernia.pl\/wp-content\/uploads\/2022\/03\/broszura-Dzieci-w-wirtualnej-sieci_wydanie-III_17.02.2022.pdf\">broszura-Dzieci w wirtualnej sieci_wydanie III_17.02.2022<\/a><\/p>\n","protected":false},"excerpt":{"rendered":"<p>Drodzy Rodzice prosimy o zapoznanie si\u0119 z broszur\u0105 pt. ,,Dzieci w wirtualnej sieci&#8221; opracowanej przez Fundacj\u0119 Edukacji Zdrowotnej i Psychoterapii w Poznaniu. broszura-Dzieci w wirtualnej sieci_wydanie III_17.02.2022<\/p>\n","protected":false},"author":2,"featured_media":0,"comment_status":"open","ping_status":"closed","sticky":false,"template":"","format":"standard","meta":{"footnotes":""},"categories":[1],"tags":[],"class_list":["post-19488","post","type-post","status-publish","format-standard","hentry","category-uncategorized"],"_links":{"self":[{"href":"https:\/\/przedszkole-alwernia.pl\/index.php?rest_route=\/wp\/v2\/posts\/19488","targetHints":{"allow":["GET"]}}],"collection":[{"href":"https:\/\/przedszkole-alwernia.pl\/index.php?rest_route=\/wp\/v2\/posts"}],"about":[{"href":"https:\/\/przedszkole-alwernia.pl\/index.php?rest_route=\/wp\/v2\/types\/post"}],"author":[{"embeddable":true,"href":"https:\/\/przedszkole-alwernia.pl\/index.php?rest_route=\/wp\/v2\/users\/2"}],"replies":[{"embeddable":true,"href":"https:\/\/przedszkole-alwernia.pl\/index.php?rest_route=%2Fwp%2Fv2%2Fcomments&post=19488"}],"version-history":[{"count":1,"href":"https:\/\/przedszkole-alwernia.pl\/index.php?rest_route=\/wp\/v2\/posts\/19488\/revisions"}],"predecessor-version":[{"id":19489,"href":"https:\/\/przedszkole-alwernia.pl\/index.php?rest_route=\/wp\/v2\/posts\/19488\/revisions\/19489"}],"wp:attachment":[{"href":"https:\/\/przedszkole-alwernia.pl\/index.php?rest_route=%2Fwp%2Fv2%2Fmedia&parent=19488"}],"wp:term":[{"taxonomy":"category","embeddable":true,"href":"https:\/\/przedszkole-alwernia.pl\/index.php?rest_route=%2Fwp%2Fv2%2Fcategories&post=19488"},{"taxonomy":"post_tag","embeddable":true,"href":"https:\/\/przedszkole-alwernia.pl\/index.php?rest_route=%2Fwp%2Fv2%2Ftags&post=19488"}],"curies":[{"name":"wp","href":"https:\/\/api.w.org\/{rel}","templated":true}]}}