{"id":20459,"date":"2022-06-13T20:35:37","date_gmt":"2022-06-13T20:35:37","guid":{"rendered":"https:\/\/przedszkole-alwernia.pl\/?p=20459"},"modified":"2022-06-13T20:35:37","modified_gmt":"2022-06-13T20:35:37","slug":"z-muzyka-wsrod-zwierzat","status":"publish","type":"post","link":"https:\/\/przedszkole-alwernia.pl\/?p=20459","title":{"rendered":"Z muzyk\u0105 w\u015br\u00f3d zwierz\u0105t"},"content":{"rendered":"<p><a href=\"https:\/\/przedszkole-alwernia.pl\/wp-content\/uploads\/2022\/06\/23EDDF4E-B9D5-4BCC-8E03-ED6061953176.jpeg\" data-rel=\"lightbox-image-0\" data-rl_title=\"\" data-rl_caption=\"\" title=\"\"><img loading=\"lazy\" decoding=\"async\" class=\"alignnone size-medium wp-image-20461\" src=\"https:\/\/przedszkole-alwernia.pl\/wp-content\/uploads\/2022\/06\/23EDDF4E-B9D5-4BCC-8E03-ED6061953176-300x169.jpeg\" alt=\"\" width=\"300\" height=\"169\" srcset=\"https:\/\/przedszkole-alwernia.pl\/wp-content\/uploads\/2022\/06\/23EDDF4E-B9D5-4BCC-8E03-ED6061953176-300x169.jpeg 300w, https:\/\/przedszkole-alwernia.pl\/wp-content\/uploads\/2022\/06\/23EDDF4E-B9D5-4BCC-8E03-ED6061953176-1024x576.jpeg 1024w, https:\/\/przedszkole-alwernia.pl\/wp-content\/uploads\/2022\/06\/23EDDF4E-B9D5-4BCC-8E03-ED6061953176-768x432.jpeg 768w, https:\/\/przedszkole-alwernia.pl\/wp-content\/uploads\/2022\/06\/23EDDF4E-B9D5-4BCC-8E03-ED6061953176.jpeg 1125w\" sizes=\"auto, (max-width: 300px) 100vw, 300px\" \/><\/a><\/p>\n<p>Przedszkolaki uczestniczy\u0142y w spektaklu teatru Blaszany B\u0119benek pt ,,Z muzyk\u0105 w\u015br\u00f3d zwierz\u0105t&#8221;, w kt\u00f3rym g\u0142\u00f3wn\u0105 rol\u0119 odgrywa\u0142a muzyka.<!--more--> Dzieci mog\u0142y us\u0142ysze\u0107 wybrzmiewaj\u0105c\u0105 melodie harmonijki ustnej na \u017cywo, \u015bpiewaj\u0105cych aktor\u00f3w . Dzieci mog\u0142y pobawi\u0107 si\u0119 w cz\u0142onk\u00f3w zespo\u0142u muzycznego i za pomoc\u0105 b\u0119benka, tamburyna, karimby wystuka\u0107 rytm do podk\u0142adu muzycznego oraz wy\u015bpiewa\u0107 gam\u0119.<\/p>\n<div id='gallery-1' class='gallery galleryid-20459 gallery-columns-3 gallery-size-thumbnail'><dl class='gallery-item'>\n\t\t\t<dt class='gallery-icon landscape'>\n\t\t\t\t<a href='https:\/\/przedszkole-alwernia.pl\/wp-content\/uploads\/2022\/06\/67C14191-E6A7-4DA0-B61B-23391FD54674.jpeg' title=\"\" data-rl_title=\"\" class=\"rl-gallery-link\" data-rl_caption=\"\" data-rel=\"lightbox-gallery-1\"><img loading=\"lazy\" decoding=\"async\" width=\"150\" height=\"150\" src=\"https:\/\/przedszkole-alwernia.pl\/wp-content\/uploads\/2022\/06\/67C14191-E6A7-4DA0-B61B-23391FD54674-150x150.jpeg\" class=\"attachment-thumbnail size-thumbnail\" alt=\"\" \/><\/a>\n\t\t\t<\/dt><\/dl><dl class='gallery-item'>\n\t\t\t<dt class='gallery-icon landscape'>\n\t\t\t\t<a href='https:\/\/przedszkole-alwernia.pl\/wp-content\/uploads\/2022\/06\/CD17072B-D608-4051-8BDD-1B4183A05778.jpeg' title=\"\" data-rl_title=\"\" class=\"rl-gallery-link\" data-rl_caption=\"\" data-rel=\"lightbox-gallery-1\"><img loading=\"lazy\" decoding=\"async\" width=\"150\" height=\"150\" src=\"https:\/\/przedszkole-alwernia.pl\/wp-content\/uploads\/2022\/06\/CD17072B-D608-4051-8BDD-1B4183A05778-150x150.jpeg\" class=\"attachment-thumbnail size-thumbnail\" alt=\"\" \/><\/a>\n\t\t\t<\/dt><\/dl><dl class='gallery-item'>\n\t\t\t<dt class='gallery-icon landscape'>\n\t\t\t\t<a href='https:\/\/przedszkole-alwernia.pl\/wp-content\/uploads\/2022\/06\/DC4D0166-8193-4E31-89D7-0C3B296CE9B3.jpeg' title=\"\" data-rl_title=\"\" class=\"rl-gallery-link\" data-rl_caption=\"\" data-rel=\"lightbox-gallery-1\"><img loading=\"lazy\" decoding=\"async\" width=\"150\" height=\"150\" src=\"https:\/\/przedszkole-alwernia.pl\/wp-content\/uploads\/2022\/06\/DC4D0166-8193-4E31-89D7-0C3B296CE9B3-150x150.jpeg\" class=\"attachment-thumbnail size-thumbnail\" alt=\"\" \/><\/a>\n\t\t\t<\/dt><\/dl><br style=\"clear: both\" \/><dl class='gallery-item'>\n\t\t\t<dt class='gallery-icon landscape'>\n\t\t\t\t<a href='https:\/\/przedszkole-alwernia.pl\/wp-content\/uploads\/2022\/06\/23EDDF4E-B9D5-4BCC-8E03-ED6061953176.jpeg' title=\"\" data-rl_title=\"\" class=\"rl-gallery-link\" data-rl_caption=\"\" data-rel=\"lightbox-gallery-1\"><img loading=\"lazy\" decoding=\"async\" width=\"150\" height=\"150\" src=\"https:\/\/przedszkole-alwernia.pl\/wp-content\/uploads\/2022\/06\/23EDDF4E-B9D5-4BCC-8E03-ED6061953176-150x150.jpeg\" class=\"attachment-thumbnail size-thumbnail\" alt=\"\" \/><\/a>\n\t\t\t<\/dt><\/dl>\n\t\t\t<br style='clear: both' \/>\n\t\t<\/div>\n\n","protected":false},"excerpt":{"rendered":"<p>Przedszkolaki uczestniczy\u0142y w spektaklu teatru Blaszany B\u0119benek pt ,,Z muzyk\u0105 w\u015br\u00f3d zwierz\u0105t&#8221;, w kt\u00f3rym g\u0142\u00f3wn\u0105 rol\u0119 odgrywa\u0142a muzyka.<\/p>\n","protected":false},"author":2,"featured_media":0,"comment_status":"open","ping_status":"closed","sticky":false,"template":"","format":"standard","meta":{"footnotes":""},"categories":[1],"tags":[],"class_list":["post-20459","post","type-post","status-publish","format-standard","hentry","category-uncategorized"],"_links":{"self":[{"href":"https:\/\/przedszkole-alwernia.pl\/index.php?rest_route=\/wp\/v2\/posts\/20459","targetHints":{"allow":["GET"]}}],"collection":[{"href":"https:\/\/przedszkole-alwernia.pl\/index.php?rest_route=\/wp\/v2\/posts"}],"about":[{"href":"https:\/\/przedszkole-alwernia.pl\/index.php?rest_route=\/wp\/v2\/types\/post"}],"author":[{"embeddable":true,"href":"https:\/\/przedszkole-alwernia.pl\/index.php?rest_route=\/wp\/v2\/users\/2"}],"replies":[{"embeddable":true,"href":"https:\/\/przedszkole-alwernia.pl\/index.php?rest_route=%2Fwp%2Fv2%2Fcomments&post=20459"}],"version-history":[{"count":1,"href":"https:\/\/przedszkole-alwernia.pl\/index.php?rest_route=\/wp\/v2\/posts\/20459\/revisions"}],"predecessor-version":[{"id":20465,"href":"https:\/\/przedszkole-alwernia.pl\/index.php?rest_route=\/wp\/v2\/posts\/20459\/revisions\/20465"}],"wp:attachment":[{"href":"https:\/\/przedszkole-alwernia.pl\/index.php?rest_route=%2Fwp%2Fv2%2Fmedia&parent=20459"}],"wp:term":[{"taxonomy":"category","embeddable":true,"href":"https:\/\/przedszkole-alwernia.pl\/index.php?rest_route=%2Fwp%2Fv2%2Fcategories&post=20459"},{"taxonomy":"post_tag","embeddable":true,"href":"https:\/\/przedszkole-alwernia.pl\/index.php?rest_route=%2Fwp%2Fv2%2Ftags&post=20459"}],"curies":[{"name":"wp","href":"https:\/\/api.w.org\/{rel}","templated":true}]}}