{"id":20661,"date":"2022-09-26T15:05:15","date_gmt":"2022-09-26T15:05:15","guid":{"rendered":"https:\/\/przedszkole-alwernia.pl\/?p=20661"},"modified":"2022-09-26T15:05:15","modified_gmt":"2022-09-26T15:05:15","slug":"ogloszenie-12","status":"publish","type":"post","link":"https:\/\/przedszkole-alwernia.pl\/?p=20661","title":{"rendered":"Og\u0142oszenie"},"content":{"rendered":"<p><strong>UWAGA RODZICE<\/strong><\/p>\n<p><strong><u>ZMIANA KONTA BANKOWEGO PRZEDSZKOLA<\/u><\/strong><\/p>\n<p>Od pa\u017adziernika 2022 roku zmieniony zosta\u0142 numer rachunku, na kt\u00f3ry nale\u017cy wp\u0142aca\u0107 nale\u017cno\u015bci za wy\u017cywienie i pobyt dziecka w przedszkolu powy\u017cej minimum dydaktycznego(tzw. \u201eczesne\u201d). Rodzice dokonuj\u0105cy op\u0142aty przelewem bankowym proszeni s\u0105 o uiszczanie nale\u017cno\u015bci na rachunek:<\/p>\n<p><strong>61 8444 0008 0040 0411 4156 0011<\/strong><\/p>\n","protected":false},"excerpt":{"rendered":"<p>UWAGA RODZICE ZMIANA KONTA BANKOWEGO PRZEDSZKOLA Od pa\u017adziernika 2022 roku zmieniony zosta\u0142 numer rachunku, na kt\u00f3ry nale\u017cy wp\u0142aca\u0107 nale\u017cno\u015bci za wy\u017cywienie i pobyt dziecka w przedszkolu powy\u017cej minimum dydaktycznego(tzw. \u201eczesne\u201d). Rodzice dokonuj\u0105cy op\u0142aty przelewem bankowym proszeni s\u0105 o uiszczanie nale\u017cno\u015bci na rachunek: 61 8444 0008 0040 0411 4156 0011<\/p>\n","protected":false},"author":2,"featured_media":0,"comment_status":"open","ping_status":"closed","sticky":false,"template":"","format":"standard","meta":{"footnotes":""},"categories":[1],"tags":[],"class_list":["post-20661","post","type-post","status-publish","format-standard","hentry","category-uncategorized"],"_links":{"self":[{"href":"https:\/\/przedszkole-alwernia.pl\/index.php?rest_route=\/wp\/v2\/posts\/20661","targetHints":{"allow":["GET"]}}],"collection":[{"href":"https:\/\/przedszkole-alwernia.pl\/index.php?rest_route=\/wp\/v2\/posts"}],"about":[{"href":"https:\/\/przedszkole-alwernia.pl\/index.php?rest_route=\/wp\/v2\/types\/post"}],"author":[{"embeddable":true,"href":"https:\/\/przedszkole-alwernia.pl\/index.php?rest_route=\/wp\/v2\/users\/2"}],"replies":[{"embeddable":true,"href":"https:\/\/przedszkole-alwernia.pl\/index.php?rest_route=%2Fwp%2Fv2%2Fcomments&post=20661"}],"version-history":[{"count":1,"href":"https:\/\/przedszkole-alwernia.pl\/index.php?rest_route=\/wp\/v2\/posts\/20661\/revisions"}],"predecessor-version":[{"id":20662,"href":"https:\/\/przedszkole-alwernia.pl\/index.php?rest_route=\/wp\/v2\/posts\/20661\/revisions\/20662"}],"wp:attachment":[{"href":"https:\/\/przedszkole-alwernia.pl\/index.php?rest_route=%2Fwp%2Fv2%2Fmedia&parent=20661"}],"wp:term":[{"taxonomy":"category","embeddable":true,"href":"https:\/\/przedszkole-alwernia.pl\/index.php?rest_route=%2Fwp%2Fv2%2Fcategories&post=20661"},{"taxonomy":"post_tag","embeddable":true,"href":"https:\/\/przedszkole-alwernia.pl\/index.php?rest_route=%2Fwp%2Fv2%2Ftags&post=20661"}],"curies":[{"name":"wp","href":"https:\/\/api.w.org\/{rel}","templated":true}]}}