{"id":20772,"date":"2022-10-16T19:48:28","date_gmt":"2022-10-16T19:48:28","guid":{"rendered":"https:\/\/przedszkole-alwernia.pl\/?p=20772"},"modified":"2022-10-16T19:50:41","modified_gmt":"2022-10-16T19:50:41","slug":"dzien-pieczonego-ziemniaka","status":"publish","type":"post","link":"https:\/\/przedszkole-alwernia.pl\/?p=20772","title":{"rendered":"Dzie\u0144 pieczonego ziemniaka"},"content":{"rendered":"<p><a href=\"https:\/\/przedszkole-alwernia.pl\/wp-content\/uploads\/2022\/10\/171D4411-9012-43C7-B1E2-7585FA91CA35.jpeg\" data-rel=\"lightbox-image-0\" data-rl_title=\"\" data-rl_caption=\"\" title=\"\"><img loading=\"lazy\" decoding=\"async\" class=\"alignnone size-medium wp-image-20768\" src=\"https:\/\/przedszkole-alwernia.pl\/wp-content\/uploads\/2022\/10\/171D4411-9012-43C7-B1E2-7585FA91CA35-168x300.jpeg\" alt=\"\" width=\"168\" height=\"300\" srcset=\"https:\/\/przedszkole-alwernia.pl\/wp-content\/uploads\/2022\/10\/171D4411-9012-43C7-B1E2-7585FA91CA35-168x300.jpeg 168w, https:\/\/przedszkole-alwernia.pl\/wp-content\/uploads\/2022\/10\/171D4411-9012-43C7-B1E2-7585FA91CA35-575x1024.jpeg 575w, https:\/\/przedszkole-alwernia.pl\/wp-content\/uploads\/2022\/10\/171D4411-9012-43C7-B1E2-7585FA91CA35-768x1368.jpeg 768w, https:\/\/przedszkole-alwernia.pl\/wp-content\/uploads\/2022\/10\/171D4411-9012-43C7-B1E2-7585FA91CA35-862x1536.jpeg 862w, https:\/\/przedszkole-alwernia.pl\/wp-content\/uploads\/2022\/10\/171D4411-9012-43C7-B1E2-7585FA91CA35.jpeg 1123w\" sizes=\"auto, (max-width: 168px) 100vw, 168px\" \/><\/a><br \/>Przypomnieli\u015bmy sobie sk\u0105d pochodzi ziemniak jak ro\u015bnie i co mo\u017cna z niego przygotowa\u0107 . <!--more-->Przygotowali\u015bmy r\u00f3wnie\u017c zabawy z ziemniakiem w roli g\u0142\u00f3wnej a na obiad zjedli\u015bmy pieczone!<\/p>\n<div id='gallery-1' class='gallery galleryid-20772 gallery-columns-3 gallery-size-thumbnail'><dl class='gallery-item'>\n\t\t\t<dt class='gallery-icon landscape'>\n\t\t\t\t<a href='https:\/\/przedszkole-alwernia.pl\/wp-content\/uploads\/2022\/10\/C10AC48E-3948-4F3F-BED4-E3C9673386A6.jpeg' title=\"\" data-rl_title=\"\" class=\"rl-gallery-link\" data-rl_caption=\"\" data-rel=\"lightbox-gallery-1\"><img loading=\"lazy\" decoding=\"async\" width=\"150\" height=\"150\" src=\"https:\/\/przedszkole-alwernia.pl\/wp-content\/uploads\/2022\/10\/C10AC48E-3948-4F3F-BED4-E3C9673386A6-150x150.jpeg\" class=\"attachment-thumbnail size-thumbnail\" alt=\"\" \/><\/a>\n\t\t\t<\/dt><\/dl><dl class='gallery-item'>\n\t\t\t<dt class='gallery-icon landscape'>\n\t\t\t\t<a href='https:\/\/przedszkole-alwernia.pl\/wp-content\/uploads\/2022\/10\/D863C458-82C1-4D55-8BF5-188E214698E6.jpeg' title=\"\" data-rl_title=\"\" class=\"rl-gallery-link\" data-rl_caption=\"\" data-rel=\"lightbox-gallery-1\"><img loading=\"lazy\" decoding=\"async\" width=\"150\" height=\"150\" src=\"https:\/\/przedszkole-alwernia.pl\/wp-content\/uploads\/2022\/10\/D863C458-82C1-4D55-8BF5-188E214698E6-150x150.jpeg\" class=\"attachment-thumbnail size-thumbnail\" alt=\"\" \/><\/a>\n\t\t\t<\/dt><\/dl><dl class='gallery-item'>\n\t\t\t<dt class='gallery-icon portrait'>\n\t\t\t\t<a href='https:\/\/przedszkole-alwernia.pl\/wp-content\/uploads\/2022\/10\/230FB6DA-A5AB-4005-936B-C579302D15A5.jpeg' title=\"\" data-rl_title=\"\" class=\"rl-gallery-link\" data-rl_caption=\"\" data-rel=\"lightbox-gallery-1\"><img loading=\"lazy\" decoding=\"async\" width=\"150\" height=\"150\" src=\"https:\/\/przedszkole-alwernia.pl\/wp-content\/uploads\/2022\/10\/230FB6DA-A5AB-4005-936B-C579302D15A5-150x150.jpeg\" class=\"attachment-thumbnail size-thumbnail\" alt=\"\" \/><\/a>\n\t\t\t<\/dt><\/dl><br style=\"clear: both\" \/><dl class='gallery-item'>\n\t\t\t<dt class='gallery-icon portrait'>\n\t\t\t\t<a href='https:\/\/przedszkole-alwernia.pl\/wp-content\/uploads\/2022\/10\/171D4411-9012-43C7-B1E2-7585FA91CA35.jpeg' title=\"\" data-rl_title=\"\" class=\"rl-gallery-link\" data-rl_caption=\"\" data-rel=\"lightbox-gallery-1\"><img loading=\"lazy\" decoding=\"async\" width=\"150\" height=\"150\" src=\"https:\/\/przedszkole-alwernia.pl\/wp-content\/uploads\/2022\/10\/171D4411-9012-43C7-B1E2-7585FA91CA35-150x150.jpeg\" class=\"attachment-thumbnail size-thumbnail\" alt=\"\" \/><\/a>\n\t\t\t<\/dt><\/dl><dl class='gallery-item'>\n\t\t\t<dt class='gallery-icon landscape'>\n\t\t\t\t<a href='https:\/\/przedszkole-alwernia.pl\/wp-content\/uploads\/2022\/10\/86F1F856-9A42-45AC-8782-D58E1E5A7A38.jpeg' title=\"\" data-rl_title=\"\" class=\"rl-gallery-link\" data-rl_caption=\"\" data-rel=\"lightbox-gallery-1\"><img loading=\"lazy\" decoding=\"async\" width=\"150\" height=\"150\" src=\"https:\/\/przedszkole-alwernia.pl\/wp-content\/uploads\/2022\/10\/86F1F856-9A42-45AC-8782-D58E1E5A7A38-150x150.jpeg\" class=\"attachment-thumbnail size-thumbnail\" alt=\"\" \/><\/a>\n\t\t\t<\/dt><\/dl><dl class='gallery-item'>\n\t\t\t<dt class='gallery-icon portrait'>\n\t\t\t\t<a href='https:\/\/przedszkole-alwernia.pl\/wp-content\/uploads\/2022\/10\/1D77253E-A671-408D-8813-2C1D254FEF32.jpeg' title=\"\" data-rl_title=\"\" class=\"rl-gallery-link\" data-rl_caption=\"\" data-rel=\"lightbox-gallery-1\"><img loading=\"lazy\" decoding=\"async\" width=\"150\" height=\"150\" src=\"https:\/\/przedszkole-alwernia.pl\/wp-content\/uploads\/2022\/10\/1D77253E-A671-408D-8813-2C1D254FEF32-150x150.jpeg\" class=\"attachment-thumbnail size-thumbnail\" alt=\"\" \/><\/a>\n\t\t\t<\/dt><\/dl><br style=\"clear: both\" \/><dl class='gallery-item'>\n\t\t\t<dt class='gallery-icon landscape'>\n\t\t\t\t<a href='https:\/\/przedszkole-alwernia.pl\/wp-content\/uploads\/2022\/10\/36FDE1C4-4601-4AAE-8B9D-98EB14C92E60.jpeg' title=\"\" data-rl_title=\"\" class=\"rl-gallery-link\" data-rl_caption=\"\" data-rel=\"lightbox-gallery-1\"><img loading=\"lazy\" decoding=\"async\" width=\"150\" height=\"150\" src=\"https:\/\/przedszkole-alwernia.pl\/wp-content\/uploads\/2022\/10\/36FDE1C4-4601-4AAE-8B9D-98EB14C92E60-150x150.jpeg\" class=\"attachment-thumbnail size-thumbnail\" alt=\"\" \/><\/a>\n\t\t\t<\/dt><\/dl><dl class='gallery-item'>\n\t\t\t<dt class='gallery-icon portrait'>\n\t\t\t\t<a href='https:\/\/przedszkole-alwernia.pl\/wp-content\/uploads\/2022\/10\/8421423D-F984-453D-A9BC-16E48F1A6CA9.jpeg' title=\"\" data-rl_title=\"\" class=\"rl-gallery-link\" data-rl_caption=\"\" data-rel=\"lightbox-gallery-1\"><img loading=\"lazy\" decoding=\"async\" width=\"150\" height=\"150\" src=\"https:\/\/przedszkole-alwernia.pl\/wp-content\/uploads\/2022\/10\/8421423D-F984-453D-A9BC-16E48F1A6CA9-150x150.jpeg\" class=\"attachment-thumbnail size-thumbnail\" alt=\"\" \/><\/a>\n\t\t\t<\/dt><\/dl><dl class='gallery-item'>\n\t\t\t<dt class='gallery-icon portrait'>\n\t\t\t\t<a href='https:\/\/przedszkole-alwernia.pl\/wp-content\/uploads\/2022\/10\/D1B0382A-6548-4BFA-823F-90F2E61B070F.jpeg' title=\"\" data-rl_title=\"\" class=\"rl-gallery-link\" data-rl_caption=\"\" data-rel=\"lightbox-gallery-1\"><img loading=\"lazy\" decoding=\"async\" width=\"150\" height=\"150\" src=\"https:\/\/przedszkole-alwernia.pl\/wp-content\/uploads\/2022\/10\/D1B0382A-6548-4BFA-823F-90F2E61B070F-150x150.jpeg\" class=\"attachment-thumbnail size-thumbnail\" alt=\"\" \/><\/a>\n\t\t\t<\/dt><\/dl><br style=\"clear: both\" \/><dl class='gallery-item'>\n\t\t\t<dt class='gallery-icon landscape'>\n\t\t\t\t<a href='https:\/\/przedszkole-alwernia.pl\/wp-content\/uploads\/2022\/10\/7C80B562-169C-48F2-A141-3BA72C4A86B0.jpeg' title=\"\" data-rl_title=\"\" class=\"rl-gallery-link\" data-rl_caption=\"\" data-rel=\"lightbox-gallery-1\"><img loading=\"lazy\" decoding=\"async\" width=\"150\" height=\"150\" src=\"https:\/\/przedszkole-alwernia.pl\/wp-content\/uploads\/2022\/10\/7C80B562-169C-48F2-A141-3BA72C4A86B0-150x150.jpeg\" class=\"attachment-thumbnail size-thumbnail\" alt=\"\" \/><\/a>\n\t\t\t<\/dt><\/dl><dl class='gallery-item'>\n\t\t\t<dt class='gallery-icon landscape'>\n\t\t\t\t<a href='https:\/\/przedszkole-alwernia.pl\/wp-content\/uploads\/2022\/10\/159F1430-0FED-4455-B992-FC9426546EB9.jpeg' title=\"\" data-rl_title=\"\" class=\"rl-gallery-link\" data-rl_caption=\"\" data-rel=\"lightbox-gallery-1\"><img loading=\"lazy\" decoding=\"async\" width=\"150\" height=\"150\" src=\"https:\/\/przedszkole-alwernia.pl\/wp-content\/uploads\/2022\/10\/159F1430-0FED-4455-B992-FC9426546EB9-150x150.jpeg\" class=\"attachment-thumbnail size-thumbnail\" alt=\"\" \/><\/a>\n\t\t\t<\/dt><\/dl><dl class='gallery-item'>\n\t\t\t<dt class='gallery-icon portrait'>\n\t\t\t\t<a href='https:\/\/przedszkole-alwernia.pl\/wp-content\/uploads\/2022\/10\/674943CA-6B09-4735-84A2-4CA151E02A92.jpeg' title=\"\" data-rl_title=\"\" class=\"rl-gallery-link\" data-rl_caption=\"\" data-rel=\"lightbox-gallery-1\"><img loading=\"lazy\" decoding=\"async\" width=\"150\" height=\"150\" src=\"https:\/\/przedszkole-alwernia.pl\/wp-content\/uploads\/2022\/10\/674943CA-6B09-4735-84A2-4CA151E02A92-150x150.jpeg\" class=\"attachment-thumbnail size-thumbnail\" alt=\"\" \/><\/a>\n\t\t\t<\/dt><\/dl><br style=\"clear: both\" \/><dl class='gallery-item'>\n\t\t\t<dt class='gallery-icon portrait'>\n\t\t\t\t<a href='https:\/\/przedszkole-alwernia.pl\/wp-content\/uploads\/2022\/10\/0379B45B-F974-4698-8FF9-58D9A9E5119A.jpeg' title=\"\" data-rl_title=\"\" class=\"rl-gallery-link\" data-rl_caption=\"\" data-rel=\"lightbox-gallery-1\"><img loading=\"lazy\" decoding=\"async\" width=\"150\" height=\"150\" src=\"https:\/\/przedszkole-alwernia.pl\/wp-content\/uploads\/2022\/10\/0379B45B-F974-4698-8FF9-58D9A9E5119A-150x150.jpeg\" class=\"attachment-thumbnail size-thumbnail\" alt=\"\" \/><\/a>\n\t\t\t<\/dt><\/dl><dl class='gallery-item'>\n\t\t\t<dt class='gallery-icon portrait'>\n\t\t\t\t<a href='https:\/\/przedszkole-alwernia.pl\/wp-content\/uploads\/2022\/10\/8AED1E69-CBE1-44BE-A58F-C4D0B87EF1FB.jpeg' title=\"\" data-rl_title=\"\" class=\"rl-gallery-link\" data-rl_caption=\"\" data-rel=\"lightbox-gallery-1\"><img loading=\"lazy\" decoding=\"async\" width=\"150\" height=\"150\" src=\"https:\/\/przedszkole-alwernia.pl\/wp-content\/uploads\/2022\/10\/8AED1E69-CBE1-44BE-A58F-C4D0B87EF1FB-150x150.jpeg\" class=\"attachment-thumbnail size-thumbnail\" alt=\"\" \/><\/a>\n\t\t\t<\/dt><\/dl><dl class='gallery-item'>\n\t\t\t<dt class='gallery-icon portrait'>\n\t\t\t\t<a href='https:\/\/przedszkole-alwernia.pl\/wp-content\/uploads\/2022\/10\/56D0997A-208B-497F-94A4-F17A21E5476A.jpeg' title=\"\" data-rl_title=\"\" class=\"rl-gallery-link\" data-rl_caption=\"\" data-rel=\"lightbox-gallery-1\"><img loading=\"lazy\" decoding=\"async\" width=\"150\" height=\"150\" src=\"https:\/\/przedszkole-alwernia.pl\/wp-content\/uploads\/2022\/10\/56D0997A-208B-497F-94A4-F17A21E5476A-150x150.jpeg\" class=\"attachment-thumbnail size-thumbnail\" alt=\"\" \/><\/a>\n\t\t\t<\/dt><\/dl><br style=\"clear: both\" \/><dl class='gallery-item'>\n\t\t\t<dt class='gallery-icon portrait'>\n\t\t\t\t<a href='https:\/\/przedszkole-alwernia.pl\/wp-content\/uploads\/2022\/10\/0E16DC6B-F5A9-4AE7-85C6-140DEC620925.jpeg' title=\"\" data-rl_title=\"\" class=\"rl-gallery-link\" data-rl_caption=\"\" data-rel=\"lightbox-gallery-1\"><img loading=\"lazy\" decoding=\"async\" width=\"150\" height=\"150\" src=\"https:\/\/przedszkole-alwernia.pl\/wp-content\/uploads\/2022\/10\/0E16DC6B-F5A9-4AE7-85C6-140DEC620925-150x150.jpeg\" class=\"attachment-thumbnail size-thumbnail\" alt=\"\" \/><\/a>\n\t\t\t<\/dt><\/dl><dl class='gallery-item'>\n\t\t\t<dt class='gallery-icon portrait'>\n\t\t\t\t<a href='https:\/\/przedszkole-alwernia.pl\/wp-content\/uploads\/2022\/10\/6DB149DF-1356-47FD-AAA0-238431C44146.jpeg' title=\"\" data-rl_title=\"\" class=\"rl-gallery-link\" data-rl_caption=\"\" data-rel=\"lightbox-gallery-1\"><img loading=\"lazy\" decoding=\"async\" width=\"150\" height=\"150\" src=\"https:\/\/przedszkole-alwernia.pl\/wp-content\/uploads\/2022\/10\/6DB149DF-1356-47FD-AAA0-238431C44146-150x150.jpeg\" class=\"attachment-thumbnail size-thumbnail\" alt=\"\" \/><\/a>\n\t\t\t<\/dt><\/dl><dl class='gallery-item'>\n\t\t\t<dt class='gallery-icon portrait'>\n\t\t\t\t<a href='https:\/\/przedszkole-alwernia.pl\/wp-content\/uploads\/2022\/10\/1EFCFBF6-8946-4BF7-9E60-C2E22ADC9C39.jpeg' title=\"\" data-rl_title=\"\" class=\"rl-gallery-link\" data-rl_caption=\"\" data-rel=\"lightbox-gallery-1\"><img loading=\"lazy\" decoding=\"async\" width=\"150\" height=\"150\" src=\"https:\/\/przedszkole-alwernia.pl\/wp-content\/uploads\/2022\/10\/1EFCFBF6-8946-4BF7-9E60-C2E22ADC9C39-150x150.jpeg\" class=\"attachment-thumbnail size-thumbnail\" alt=\"\" \/><\/a>\n\t\t\t<\/dt><\/dl><br style=\"clear: both\" \/><dl class='gallery-item'>\n\t\t\t<dt class='gallery-icon landscape'>\n\t\t\t\t<a href='https:\/\/przedszkole-alwernia.pl\/wp-content\/uploads\/2022\/10\/2C50F79C-A00C-4B47-9CC9-C0C08C8090F6.jpeg' title=\"\" data-rl_title=\"\" class=\"rl-gallery-link\" data-rl_caption=\"\" data-rel=\"lightbox-gallery-1\"><img loading=\"lazy\" decoding=\"async\" width=\"150\" height=\"150\" src=\"https:\/\/przedszkole-alwernia.pl\/wp-content\/uploads\/2022\/10\/2C50F79C-A00C-4B47-9CC9-C0C08C8090F6-150x150.jpeg\" class=\"attachment-thumbnail size-thumbnail\" alt=\"\" \/><\/a>\n\t\t\t<\/dt><\/dl><dl class='gallery-item'>\n\t\t\t<dt class='gallery-icon landscape'>\n\t\t\t\t<a href='https:\/\/przedszkole-alwernia.pl\/wp-content\/uploads\/2022\/10\/1186BD3D-724B-49BB-A86F-78034CAA25C1.jpeg' title=\"\" data-rl_title=\"\" class=\"rl-gallery-link\" data-rl_caption=\"\" data-rel=\"lightbox-gallery-1\"><img loading=\"lazy\" decoding=\"async\" width=\"150\" height=\"150\" src=\"https:\/\/przedszkole-alwernia.pl\/wp-content\/uploads\/2022\/10\/1186BD3D-724B-49BB-A86F-78034CAA25C1-150x150.jpeg\" class=\"attachment-thumbnail size-thumbnail\" alt=\"\" \/><\/a>\n\t\t\t<\/dt><\/dl><dl class='gallery-item'>\n\t\t\t<dt class='gallery-icon landscape'>\n\t\t\t\t<a href='https:\/\/przedszkole-alwernia.pl\/wp-content\/uploads\/2022\/10\/E8FA2CC5-12C6-49E4-9B07-DED36B169240.jpeg' title=\"\" data-rl_title=\"\" class=\"rl-gallery-link\" data-rl_caption=\"\" data-rel=\"lightbox-gallery-1\"><img loading=\"lazy\" decoding=\"async\" width=\"150\" height=\"150\" src=\"https:\/\/przedszkole-alwernia.pl\/wp-content\/uploads\/2022\/10\/E8FA2CC5-12C6-49E4-9B07-DED36B169240-150x150.jpeg\" class=\"attachment-thumbnail size-thumbnail\" alt=\"\" \/><\/a>\n\t\t\t<\/dt><\/dl><br style=\"clear: both\" \/><dl class='gallery-item'>\n\t\t\t<dt class='gallery-icon landscape'>\n\t\t\t\t<a href='https:\/\/przedszkole-alwernia.pl\/wp-content\/uploads\/2022\/10\/6A682E2B-3552-4757-8A86-AE3977FFE731.jpeg' title=\"\" data-rl_title=\"\" class=\"rl-gallery-link\" data-rl_caption=\"\" data-rel=\"lightbox-gallery-1\"><img loading=\"lazy\" decoding=\"async\" width=\"150\" height=\"150\" src=\"https:\/\/przedszkole-alwernia.pl\/wp-content\/uploads\/2022\/10\/6A682E2B-3552-4757-8A86-AE3977FFE731-150x150.jpeg\" class=\"attachment-thumbnail size-thumbnail\" alt=\"\" \/><\/a>\n\t\t\t<\/dt><\/dl><dl class='gallery-item'>\n\t\t\t<dt class='gallery-icon portrait'>\n\t\t\t\t<a href='https:\/\/przedszkole-alwernia.pl\/wp-content\/uploads\/2022\/10\/574A5975-5078-43A8-B389-77966178ACB5.jpeg' title=\"\" data-rl_title=\"\" class=\"rl-gallery-link\" data-rl_caption=\"\" data-rel=\"lightbox-gallery-1\"><img loading=\"lazy\" decoding=\"async\" width=\"150\" height=\"150\" src=\"https:\/\/przedszkole-alwernia.pl\/wp-content\/uploads\/2022\/10\/574A5975-5078-43A8-B389-77966178ACB5-150x150.jpeg\" class=\"attachment-thumbnail size-thumbnail\" alt=\"\" \/><\/a>\n\t\t\t<\/dt><\/dl><dl class='gallery-item'>\n\t\t\t<dt class='gallery-icon portrait'>\n\t\t\t\t<a href='https:\/\/przedszkole-alwernia.pl\/wp-content\/uploads\/2022\/10\/40EA62AC-B5DC-4C97-B56E-D5579694B61A.jpeg' title=\"\" data-rl_title=\"\" class=\"rl-gallery-link\" data-rl_caption=\"\" data-rel=\"lightbox-gallery-1\"><img loading=\"lazy\" decoding=\"async\" width=\"150\" height=\"150\" src=\"https:\/\/przedszkole-alwernia.pl\/wp-content\/uploads\/2022\/10\/40EA62AC-B5DC-4C97-B56E-D5579694B61A-150x150.jpeg\" class=\"attachment-thumbnail size-thumbnail\" alt=\"\" \/><\/a>\n\t\t\t<\/dt><\/dl><br style=\"clear: both\" \/><dl class='gallery-item'>\n\t\t\t<dt class='gallery-icon portrait'>\n\t\t\t\t<a href='https:\/\/przedszkole-alwernia.pl\/wp-content\/uploads\/2022\/10\/C7D580B0-7932-4518-84B1-DEB38CAA50A0.jpeg' title=\"\" data-rl_title=\"\" class=\"rl-gallery-link\" data-rl_caption=\"\" data-rel=\"lightbox-gallery-1\"><img loading=\"lazy\" decoding=\"async\" width=\"150\" height=\"150\" src=\"https:\/\/przedszkole-alwernia.pl\/wp-content\/uploads\/2022\/10\/C7D580B0-7932-4518-84B1-DEB38CAA50A0-150x150.jpeg\" class=\"attachment-thumbnail size-thumbnail\" alt=\"\" \/><\/a>\n\t\t\t<\/dt><\/dl>\n\t\t\t<br style='clear: both' \/>\n\t\t<\/div>\n\n\n\n<p><\/p>\n","protected":false},"excerpt":{"rendered":"<p>Przypomnieli\u015bmy sobie sk\u0105d pochodzi ziemniak jak ro\u015bnie i co mo\u017cna z niego przygotowa\u0107 .<\/p>\n","protected":false},"author":2,"featured_media":0,"comment_status":"open","ping_status":"closed","sticky":false,"template":"","format":"standard","meta":{"footnotes":""},"categories":[1],"tags":[],"class_list":["post-20772","post","type-post","status-publish","format-standard","hentry","category-uncategorized"],"_links":{"self":[{"href":"https:\/\/przedszkole-alwernia.pl\/index.php?rest_route=\/wp\/v2\/posts\/20772","targetHints":{"allow":["GET"]}}],"collection":[{"href":"https:\/\/przedszkole-alwernia.pl\/index.php?rest_route=\/wp\/v2\/posts"}],"about":[{"href":"https:\/\/przedszkole-alwernia.pl\/index.php?rest_route=\/wp\/v2\/types\/post"}],"author":[{"embeddable":true,"href":"https:\/\/przedszkole-alwernia.pl\/index.php?rest_route=\/wp\/v2\/users\/2"}],"replies":[{"embeddable":true,"href":"https:\/\/przedszkole-alwernia.pl\/index.php?rest_route=%2Fwp%2Fv2%2Fcomments&post=20772"}],"version-history":[{"count":3,"href":"https:\/\/przedszkole-alwernia.pl\/index.php?rest_route=\/wp\/v2\/posts\/20772\/revisions"}],"predecessor-version":[{"id":20776,"href":"https:\/\/przedszkole-alwernia.pl\/index.php?rest_route=\/wp\/v2\/posts\/20772\/revisions\/20776"}],"wp:attachment":[{"href":"https:\/\/przedszkole-alwernia.pl\/index.php?rest_route=%2Fwp%2Fv2%2Fmedia&parent=20772"}],"wp:term":[{"taxonomy":"category","embeddable":true,"href":"https:\/\/przedszkole-alwernia.pl\/index.php?rest_route=%2Fwp%2Fv2%2Fcategories&post=20772"},{"taxonomy":"post_tag","embeddable":true,"href":"https:\/\/przedszkole-alwernia.pl\/index.php?rest_route=%2Fwp%2Fv2%2Ftags&post=20772"}],"curies":[{"name":"wp","href":"https:\/\/api.w.org\/{rel}","templated":true}]}}