{"id":20783,"date":"2022-10-24T17:06:41","date_gmt":"2022-10-24T17:06:41","guid":{"rendered":"https:\/\/przedszkole-alwernia.pl\/?p=20783"},"modified":"2022-10-24T17:06:41","modified_gmt":"2022-10-24T17:06:41","slug":"dlaczego-lezka-jest-u-pieska-2","status":"publish","type":"post","link":"https:\/\/przedszkole-alwernia.pl\/?p=20783","title":{"rendered":"Dlaczego \u0142ezka jest u pieska"},"content":{"rendered":"<p><a href=\"https:\/\/przedszkole-alwernia.pl\/wp-content\/uploads\/2022\/10\/533F5269-4169-4F8E-A603-B7673B01EEFE.jpeg\" data-rel=\"lightbox-image-0\" data-rl_title=\"\" data-rl_caption=\"\" title=\"\"><img loading=\"lazy\" decoding=\"async\" class=\"alignnone size-medium wp-image-20784\" src=\"https:\/\/przedszkole-alwernia.pl\/wp-content\/uploads\/2022\/10\/533F5269-4169-4F8E-A603-B7673B01EEFE-225x300.jpeg\" alt=\"\" width=\"225\" height=\"300\" srcset=\"https:\/\/przedszkole-alwernia.pl\/wp-content\/uploads\/2022\/10\/533F5269-4169-4F8E-A603-B7673B01EEFE-225x300.jpeg 225w, https:\/\/przedszkole-alwernia.pl\/wp-content\/uploads\/2022\/10\/533F5269-4169-4F8E-A603-B7673B01EEFE-769x1024.jpeg 769w, https:\/\/przedszkole-alwernia.pl\/wp-content\/uploads\/2022\/10\/533F5269-4169-4F8E-A603-B7673B01EEFE-768x1022.jpeg 768w, https:\/\/przedszkole-alwernia.pl\/wp-content\/uploads\/2022\/10\/533F5269-4169-4F8E-A603-B7673B01EEFE-1154x1536.jpeg 1154w, https:\/\/przedszkole-alwernia.pl\/wp-content\/uploads\/2022\/10\/533F5269-4169-4F8E-A603-B7673B01EEFE.jpeg 1341w\" sizes=\"auto, (max-width: 225px) 100vw, 225px\" \/><\/a><\/p>\n<p>Szanowni Rodzice<\/p>\n<p>,zwracamy si\u0119 o pomoc w zbi\u00f3rce dla<\/p>\n<p>piesk\u00f3w.<!--more--><\/p>\n<p>Dzieci w pi\u0105tek mia\u0142y przeprowadzone zaj\u0119cie &#8221; Dlaczego \u0142ezka jest u pieska&#8221;.<\/p>\n<p>Chcia\u0142y\u015bmy uwra\u017cliwi\u0107 na krzywd\u0119 zwierz\u0105t.<\/p>\n<p>Zbi\u00f3rka dla piesk\u00f3w z tymczasowego domu opieki na podlasiu, prowadzonego przez pani\u0105 Ma\u0142gorzat\u0119 Kunda. ( info na fb link<\/p>\n<p>https:\/\/www.facebook.com\/kunda.malgorzata<\/p>\n<p>\u00a0<\/p>\n<p>&#8221; Przygarnij psiaka podlasiaka&#8221; &#8211; jesli mo\u017cesz- POM\u00d3\u017b!!!!!<\/p>\n<p>https:\/\/www.facebook.com\/Przygarnij-Psiaka-Podlasiaka-114439736615282\/<\/p>\n<p>Zbi\u00f3rka b\u0119dzie trwa\u0142a ca\u0142y tydzie\u0144 .<\/p>\n","protected":false},"excerpt":{"rendered":"<p>Szanowni Rodzice ,zwracamy si\u0119 o pomoc w zbi\u00f3rce dla piesk\u00f3w.<\/p>\n","protected":false},"author":2,"featured_media":0,"comment_status":"open","ping_status":"closed","sticky":false,"template":"","format":"standard","meta":{"footnotes":""},"categories":[1],"tags":[],"class_list":["post-20783","post","type-post","status-publish","format-standard","hentry","category-uncategorized"],"_links":{"self":[{"href":"https:\/\/przedszkole-alwernia.pl\/index.php?rest_route=\/wp\/v2\/posts\/20783","targetHints":{"allow":["GET"]}}],"collection":[{"href":"https:\/\/przedszkole-alwernia.pl\/index.php?rest_route=\/wp\/v2\/posts"}],"about":[{"href":"https:\/\/przedszkole-alwernia.pl\/index.php?rest_route=\/wp\/v2\/types\/post"}],"author":[{"embeddable":true,"href":"https:\/\/przedszkole-alwernia.pl\/index.php?rest_route=\/wp\/v2\/users\/2"}],"replies":[{"embeddable":true,"href":"https:\/\/przedszkole-alwernia.pl\/index.php?rest_route=%2Fwp%2Fv2%2Fcomments&post=20783"}],"version-history":[{"count":1,"href":"https:\/\/przedszkole-alwernia.pl\/index.php?rest_route=\/wp\/v2\/posts\/20783\/revisions"}],"predecessor-version":[{"id":20785,"href":"https:\/\/przedszkole-alwernia.pl\/index.php?rest_route=\/wp\/v2\/posts\/20783\/revisions\/20785"}],"wp:attachment":[{"href":"https:\/\/przedszkole-alwernia.pl\/index.php?rest_route=%2Fwp%2Fv2%2Fmedia&parent=20783"}],"wp:term":[{"taxonomy":"category","embeddable":true,"href":"https:\/\/przedszkole-alwernia.pl\/index.php?rest_route=%2Fwp%2Fv2%2Fcategories&post=20783"},{"taxonomy":"post_tag","embeddable":true,"href":"https:\/\/przedszkole-alwernia.pl\/index.php?rest_route=%2Fwp%2Fv2%2Ftags&post=20783"}],"curies":[{"name":"wp","href":"https:\/\/api.w.org\/{rel}","templated":true}]}}