{"id":20821,"date":"2022-11-01T21:14:59","date_gmt":"2022-11-01T21:14:59","guid":{"rendered":"https:\/\/przedszkole-alwernia.pl\/?p=20821"},"modified":"2022-11-01T21:14:59","modified_gmt":"2022-11-01T21:14:59","slug":"szkolapamieta","status":"publish","type":"post","link":"https:\/\/przedszkole-alwernia.pl\/?p=20821","title":{"rendered":"#Szko\u0142aPami\u0119ta"},"content":{"rendered":"<p><br \/><a href=\"https:\/\/przedszkole-alwernia.pl\/wp-content\/uploads\/2022\/11\/E65BB687-3308-47A6-8187-427ED00E1A33-scaled.jpeg\" data-rel=\"lightbox-image-0\" data-rl_title=\"\" data-rl_caption=\"\" title=\"\"><img loading=\"lazy\" decoding=\"async\" class=\"alignnone size-medium wp-image-20826\" src=\"https:\/\/przedszkole-alwernia.pl\/wp-content\/uploads\/2022\/11\/E65BB687-3308-47A6-8187-427ED00E1A33-224x300.jpeg\" alt=\"\" width=\"224\" height=\"300\" srcset=\"https:\/\/przedszkole-alwernia.pl\/wp-content\/uploads\/2022\/11\/E65BB687-3308-47A6-8187-427ED00E1A33-224x300.jpeg 224w, https:\/\/przedszkole-alwernia.pl\/wp-content\/uploads\/2022\/11\/E65BB687-3308-47A6-8187-427ED00E1A33-766x1024.jpeg 766w, https:\/\/przedszkole-alwernia.pl\/wp-content\/uploads\/2022\/11\/E65BB687-3308-47A6-8187-427ED00E1A33-768x1027.jpeg 768w, https:\/\/przedszkole-alwernia.pl\/wp-content\/uploads\/2022\/11\/E65BB687-3308-47A6-8187-427ED00E1A33-1149x1536.jpeg 1149w, https:\/\/przedszkole-alwernia.pl\/wp-content\/uploads\/2022\/11\/E65BB687-3308-47A6-8187-427ED00E1A33-1532x2048.jpeg 1532w, https:\/\/przedszkole-alwernia.pl\/wp-content\/uploads\/2022\/11\/E65BB687-3308-47A6-8187-427ED00E1A33-scaled.jpeg 1915w\" sizes=\"auto, (max-width: 224px) 100vw, 224px\" \/><\/a><\/p>\n<p>Nasze przedszkole w\u0142\u0105czy\u0142o si\u0119 do akcji Ministerstwa Edukacji Narodowej #Szko\u0142a pami\u0119ta. <!--more-->Celem akcji by\u0142o uwra\u017cliwienie dzieci na potrzeb\u0119 piel\u0119gnowania pami\u0119ci o bohaterach naszej wolno\u015bci , szczeg\u00f3lnie tych, kt\u00f3rzy s\u0105 zwi\u0105zani z histori\u0105 Alwerni i naszego regionu.<\/p>\n<p>Odwiedzili\u015bmy lokalne miejsca pami\u0119ci i zg\u0142\u0119bili\u015bmy ich histori\u0119, zapalili\u015bmy znicze. Przypomnieli\u015bmy postaci Bohater\u00f3w Niepodleg\u0142ej zwi\u0105zanej z Alwerni\u0105.<\/p>\n<div id='gallery-1' class='gallery galleryid-20821 gallery-columns-3 gallery-size-thumbnail'><dl class='gallery-item'>\n\t\t\t<dt class='gallery-icon landscape'>\n\t\t\t\t<a href='https:\/\/przedszkole-alwernia.pl\/wp-content\/uploads\/2022\/11\/0CA88E91-13F9-48BB-B081-23C291EFC852-scaled.jpeg' title=\"\" data-rl_title=\"\" class=\"rl-gallery-link\" data-rl_caption=\"\" data-rel=\"lightbox-gallery-1\"><img loading=\"lazy\" decoding=\"async\" width=\"150\" height=\"150\" src=\"https:\/\/przedszkole-alwernia.pl\/wp-content\/uploads\/2022\/11\/0CA88E91-13F9-48BB-B081-23C291EFC852-150x150.jpeg\" class=\"attachment-thumbnail size-thumbnail\" alt=\"\" \/><\/a>\n\t\t\t<\/dt><\/dl><dl class='gallery-item'>\n\t\t\t<dt class='gallery-icon landscape'>\n\t\t\t\t<a href='https:\/\/przedszkole-alwernia.pl\/wp-content\/uploads\/2022\/11\/6960D276-D83F-4429-83F7-527C1D125F07-scaled.jpeg' title=\"\" data-rl_title=\"\" class=\"rl-gallery-link\" data-rl_caption=\"\" data-rel=\"lightbox-gallery-1\"><img loading=\"lazy\" decoding=\"async\" width=\"150\" height=\"150\" src=\"https:\/\/przedszkole-alwernia.pl\/wp-content\/uploads\/2022\/11\/6960D276-D83F-4429-83F7-527C1D125F07-150x150.jpeg\" class=\"attachment-thumbnail size-thumbnail\" alt=\"\" \/><\/a>\n\t\t\t<\/dt><\/dl><dl class='gallery-item'>\n\t\t\t<dt class='gallery-icon landscape'>\n\t\t\t\t<a href='https:\/\/przedszkole-alwernia.pl\/wp-content\/uploads\/2022\/11\/70129B11-5F57-412A-AF3E-05F690192B0D-scaled.jpeg' title=\"\" data-rl_title=\"\" class=\"rl-gallery-link\" data-rl_caption=\"\" data-rel=\"lightbox-gallery-1\"><img loading=\"lazy\" decoding=\"async\" width=\"150\" height=\"150\" src=\"https:\/\/przedszkole-alwernia.pl\/wp-content\/uploads\/2022\/11\/70129B11-5F57-412A-AF3E-05F690192B0D-150x150.jpeg\" class=\"attachment-thumbnail size-thumbnail\" alt=\"\" \/><\/a>\n\t\t\t<\/dt><\/dl><br style=\"clear: both\" \/><dl class='gallery-item'>\n\t\t\t<dt class='gallery-icon landscape'>\n\t\t\t\t<a href='https:\/\/przedszkole-alwernia.pl\/wp-content\/uploads\/2022\/11\/0990A2EB-E002-458B-95D1-00218623C337-scaled.jpeg' title=\"\" data-rl_title=\"\" class=\"rl-gallery-link\" data-rl_caption=\"\" data-rel=\"lightbox-gallery-1\"><img loading=\"lazy\" decoding=\"async\" width=\"150\" height=\"150\" src=\"https:\/\/przedszkole-alwernia.pl\/wp-content\/uploads\/2022\/11\/0990A2EB-E002-458B-95D1-00218623C337-150x150.jpeg\" class=\"attachment-thumbnail size-thumbnail\" alt=\"\" \/><\/a>\n\t\t\t<\/dt><\/dl><dl class='gallery-item'>\n\t\t\t<dt class='gallery-icon portrait'>\n\t\t\t\t<a href='https:\/\/przedszkole-alwernia.pl\/wp-content\/uploads\/2022\/11\/666CEF1E-7B88-4B9C-87DC-3A7E477E8E9B-scaled.jpeg' title=\"\" data-rl_title=\"\" class=\"rl-gallery-link\" data-rl_caption=\"\" data-rel=\"lightbox-gallery-1\"><img loading=\"lazy\" decoding=\"async\" width=\"150\" height=\"150\" src=\"https:\/\/przedszkole-alwernia.pl\/wp-content\/uploads\/2022\/11\/666CEF1E-7B88-4B9C-87DC-3A7E477E8E9B-150x150.jpeg\" class=\"attachment-thumbnail size-thumbnail\" alt=\"\" \/><\/a>\n\t\t\t<\/dt><\/dl><dl class='gallery-item'>\n\t\t\t<dt class='gallery-icon landscape'>\n\t\t\t\t<a href='https:\/\/przedszkole-alwernia.pl\/wp-content\/uploads\/2022\/11\/3B36E70E-9CEE-43B7-88ED-B4A1C98A1955-scaled.jpeg' title=\"\" data-rl_title=\"\" class=\"rl-gallery-link\" data-rl_caption=\"\" data-rel=\"lightbox-gallery-1\"><img loading=\"lazy\" decoding=\"async\" width=\"150\" height=\"150\" src=\"https:\/\/przedszkole-alwernia.pl\/wp-content\/uploads\/2022\/11\/3B36E70E-9CEE-43B7-88ED-B4A1C98A1955-150x150.jpeg\" class=\"attachment-thumbnail size-thumbnail\" alt=\"\" \/><\/a>\n\t\t\t<\/dt><\/dl><br style=\"clear: both\" \/><dl class='gallery-item'>\n\t\t\t<dt class='gallery-icon portrait'>\n\t\t\t\t<a href='https:\/\/przedszkole-alwernia.pl\/wp-content\/uploads\/2022\/11\/A3A48907-7664-4B74-BEDD-B02951464D7D-scaled.jpeg' title=\"\" data-rl_title=\"\" class=\"rl-gallery-link\" data-rl_caption=\"\" data-rel=\"lightbox-gallery-1\"><img loading=\"lazy\" decoding=\"async\" width=\"150\" height=\"150\" src=\"https:\/\/przedszkole-alwernia.pl\/wp-content\/uploads\/2022\/11\/A3A48907-7664-4B74-BEDD-B02951464D7D-150x150.jpeg\" class=\"attachment-thumbnail size-thumbnail\" alt=\"\" \/><\/a>\n\t\t\t<\/dt><\/dl>\n\t\t\t<br style='clear: both' \/>\n\t\t<\/div>\n\n<p>\u00a0<\/p>\n\n\n<p><\/p>\n","protected":false},"excerpt":{"rendered":"<p>Nasze przedszkole w\u0142\u0105czy\u0142o si\u0119 do akcji Ministerstwa Edukacji Narodowej #Szko\u0142a pami\u0119ta.<\/p>\n","protected":false},"author":2,"featured_media":0,"comment_status":"open","ping_status":"closed","sticky":false,"template":"","format":"standard","meta":{"footnotes":""},"categories":[1],"tags":[],"class_list":["post-20821","post","type-post","status-publish","format-standard","hentry","category-uncategorized"],"_links":{"self":[{"href":"https:\/\/przedszkole-alwernia.pl\/index.php?rest_route=\/wp\/v2\/posts\/20821","targetHints":{"allow":["GET"]}}],"collection":[{"href":"https:\/\/przedszkole-alwernia.pl\/index.php?rest_route=\/wp\/v2\/posts"}],"about":[{"href":"https:\/\/przedszkole-alwernia.pl\/index.php?rest_route=\/wp\/v2\/types\/post"}],"author":[{"embeddable":true,"href":"https:\/\/przedszkole-alwernia.pl\/index.php?rest_route=\/wp\/v2\/users\/2"}],"replies":[{"embeddable":true,"href":"https:\/\/przedszkole-alwernia.pl\/index.php?rest_route=%2Fwp%2Fv2%2Fcomments&post=20821"}],"version-history":[{"count":1,"href":"https:\/\/przedszkole-alwernia.pl\/index.php?rest_route=\/wp\/v2\/posts\/20821\/revisions"}],"predecessor-version":[{"id":20828,"href":"https:\/\/przedszkole-alwernia.pl\/index.php?rest_route=\/wp\/v2\/posts\/20821\/revisions\/20828"}],"wp:attachment":[{"href":"https:\/\/przedszkole-alwernia.pl\/index.php?rest_route=%2Fwp%2Fv2%2Fmedia&parent=20821"}],"wp:term":[{"taxonomy":"category","embeddable":true,"href":"https:\/\/przedszkole-alwernia.pl\/index.php?rest_route=%2Fwp%2Fv2%2Fcategories&post=20821"},{"taxonomy":"post_tag","embeddable":true,"href":"https:\/\/przedszkole-alwernia.pl\/index.php?rest_route=%2Fwp%2Fv2%2Ftags&post=20821"}],"curies":[{"name":"wp","href":"https:\/\/api.w.org\/{rel}","templated":true}]}}