{"id":20860,"date":"2022-11-10T18:58:23","date_gmt":"2022-11-10T18:58:23","guid":{"rendered":"https:\/\/przedszkole-alwernia.pl\/?p=20860"},"modified":"2022-11-10T19:41:01","modified_gmt":"2022-11-10T19:41:01","slug":"podziekowanie-3","status":"publish","type":"post","link":"https:\/\/przedszkole-alwernia.pl\/?p=20860","title":{"rendered":"Podzi\u0119kowanie!"},"content":{"rendered":"<p><a href=\"https:\/\/przedszkole-alwernia.pl\/wp-content\/uploads\/2022\/11\/B2BBDAA5-B346-410C-A9EE-BBC01AB3B8AC.jpeg\" data-rel=\"lightbox-image-0\" data-rl_title=\"\" data-rl_caption=\"\" title=\"\"><img loading=\"lazy\" decoding=\"async\" class=\"alignnone size-medium wp-image-20861\" src=\"https:\/\/przedszkole-alwernia.pl\/wp-content\/uploads\/2022\/11\/B2BBDAA5-B346-410C-A9EE-BBC01AB3B8AC-300x230.jpeg\" alt=\"\" width=\"300\" height=\"230\" srcset=\"https:\/\/przedszkole-alwernia.pl\/wp-content\/uploads\/2022\/11\/B2BBDAA5-B346-410C-A9EE-BBC01AB3B8AC-300x230.jpeg 300w, https:\/\/przedszkole-alwernia.pl\/wp-content\/uploads\/2022\/11\/B2BBDAA5-B346-410C-A9EE-BBC01AB3B8AC-1024x784.jpeg 1024w, https:\/\/przedszkole-alwernia.pl\/wp-content\/uploads\/2022\/11\/B2BBDAA5-B346-410C-A9EE-BBC01AB3B8AC-768x588.jpeg 768w, https:\/\/przedszkole-alwernia.pl\/wp-content\/uploads\/2022\/11\/B2BBDAA5-B346-410C-A9EE-BBC01AB3B8AC.jpeg 1109w\" sizes=\"auto, (max-width: 300px) 100vw, 300px\" \/><\/a><\/p>\n<p>Serdecznie dzi\u0119kujemy wszystkim za udzia\u0142 w akcji ,,Przygarnij psiaka podlasiaka&#8221; oraz za wielkie serce dla zwierz\u0105t!<!--more--> Zgromadzona karma dotar\u0142a ju\u017c do podopiecznych pani Ma\u0142gorzaty Kundy.<\/p>\n<p>W linku &#8211; osobiste podzi\u0119kowanie od pani Ma\u0142gosi<\/p>\n<p><a href=\"https:\/\/m.facebook.com\/story.php?story_fbid=793441345055263&amp;id=100031682132283\">https:\/\/m.facebook.com\/story.php?story_fbid=793441345055263&amp;id=100031682132283<\/a><\/p>\n<p><a href=\"https:\/\/przedszkole-alwernia.pl\/wp-content\/uploads\/2022\/11\/B399BC2C-5313-4DA4-BA3F-E1D5DD4BC658.jpeg\" data-rel=\"lightbox-image-1\" data-rl_title=\"\" data-rl_caption=\"\" title=\"\"><img loading=\"lazy\" decoding=\"async\" class=\"alignnone size-medium wp-image-20862\" src=\"https:\/\/przedszkole-alwernia.pl\/wp-content\/uploads\/2022\/11\/B399BC2C-5313-4DA4-BA3F-E1D5DD4BC658-213x300.jpeg\" alt=\"\" width=\"213\" height=\"300\" srcset=\"https:\/\/przedszkole-alwernia.pl\/wp-content\/uploads\/2022\/11\/B399BC2C-5313-4DA4-BA3F-E1D5DD4BC658-213x300.jpeg 213w, https:\/\/przedszkole-alwernia.pl\/wp-content\/uploads\/2022\/11\/B399BC2C-5313-4DA4-BA3F-E1D5DD4BC658-728x1024.jpeg 728w, https:\/\/przedszkole-alwernia.pl\/wp-content\/uploads\/2022\/11\/B399BC2C-5313-4DA4-BA3F-E1D5DD4BC658-768x1080.jpeg 768w, https:\/\/przedszkole-alwernia.pl\/wp-content\/uploads\/2022\/11\/B399BC2C-5313-4DA4-BA3F-E1D5DD4BC658.jpeg 1064w\" sizes=\"auto, (max-width: 213px) 100vw, 213px\" \/><\/a><\/p>\n","protected":false},"excerpt":{"rendered":"<p>Serdecznie dzi\u0119kujemy wszystkim za udzia\u0142 w akcji ,,Przygarnij psiaka podlasiaka&#8221; oraz za wielkie serce dla zwierz\u0105t!<\/p>\n","protected":false},"author":2,"featured_media":0,"comment_status":"open","ping_status":"closed","sticky":false,"template":"","format":"standard","meta":{"footnotes":""},"categories":[1],"tags":[],"class_list":["post-20860","post","type-post","status-publish","format-standard","hentry","category-uncategorized"],"_links":{"self":[{"href":"https:\/\/przedszkole-alwernia.pl\/index.php?rest_route=\/wp\/v2\/posts\/20860","targetHints":{"allow":["GET"]}}],"collection":[{"href":"https:\/\/przedszkole-alwernia.pl\/index.php?rest_route=\/wp\/v2\/posts"}],"about":[{"href":"https:\/\/przedszkole-alwernia.pl\/index.php?rest_route=\/wp\/v2\/types\/post"}],"author":[{"embeddable":true,"href":"https:\/\/przedszkole-alwernia.pl\/index.php?rest_route=\/wp\/v2\/users\/2"}],"replies":[{"embeddable":true,"href":"https:\/\/przedszkole-alwernia.pl\/index.php?rest_route=%2Fwp%2Fv2%2Fcomments&post=20860"}],"version-history":[{"count":2,"href":"https:\/\/przedszkole-alwernia.pl\/index.php?rest_route=\/wp\/v2\/posts\/20860\/revisions"}],"predecessor-version":[{"id":20869,"href":"https:\/\/przedszkole-alwernia.pl\/index.php?rest_route=\/wp\/v2\/posts\/20860\/revisions\/20869"}],"wp:attachment":[{"href":"https:\/\/przedszkole-alwernia.pl\/index.php?rest_route=%2Fwp%2Fv2%2Fmedia&parent=20860"}],"wp:term":[{"taxonomy":"category","embeddable":true,"href":"https:\/\/przedszkole-alwernia.pl\/index.php?rest_route=%2Fwp%2Fv2%2Fcategories&post=20860"},{"taxonomy":"post_tag","embeddable":true,"href":"https:\/\/przedszkole-alwernia.pl\/index.php?rest_route=%2Fwp%2Fv2%2Ftags&post=20860"}],"curies":[{"name":"wp","href":"https:\/\/api.w.org\/{rel}","templated":true}]}}