{"id":20864,"date":"2022-11-10T19:13:01","date_gmt":"2022-11-10T19:13:01","guid":{"rendered":"https:\/\/przedszkole-alwernia.pl\/?p=20864"},"modified":"2022-11-18T09:50:27","modified_gmt":"2022-11-18T09:50:27","slug":"szkola-do-hymnu-4","status":"publish","type":"post","link":"https:\/\/przedszkole-alwernia.pl\/?p=20864","title":{"rendered":"# Szko\u0142a do hymnu"},"content":{"rendered":"<p><a href=\"https:\/\/przedszkole-alwernia.pl\/wp-content\/uploads\/2022\/11\/1AF9306D-0AE8-4822-A734-B40AB036361A.jpeg\" data-rel=\"lightbox-image-0\" data-rl_title=\"\" data-rl_caption=\"\" title=\"\"><img loading=\"lazy\" decoding=\"async\" class=\"alignnone size-medium wp-image-20889\" src=\"https:\/\/przedszkole-alwernia.pl\/wp-content\/uploads\/2022\/11\/1AF9306D-0AE8-4822-A734-B40AB036361A-208x300.jpeg\" alt=\"\" width=\"208\" height=\"300\" srcset=\"https:\/\/przedszkole-alwernia.pl\/wp-content\/uploads\/2022\/11\/1AF9306D-0AE8-4822-A734-B40AB036361A-208x300.jpeg 208w, https:\/\/przedszkole-alwernia.pl\/wp-content\/uploads\/2022\/11\/1AF9306D-0AE8-4822-A734-B40AB036361A-710x1024.jpeg 710w, https:\/\/przedszkole-alwernia.pl\/wp-content\/uploads\/2022\/11\/1AF9306D-0AE8-4822-A734-B40AB036361A-768x1108.jpeg 768w, https:\/\/przedszkole-alwernia.pl\/wp-content\/uploads\/2022\/11\/1AF9306D-0AE8-4822-A734-B40AB036361A.jpeg 995w\" sizes=\"auto, (max-width: 208px) 100vw, 208px\" \/><\/a><br \/>\nNasze przedszkole wzi\u0119\u0142o udzia\u0142 w akcji Ministerstwa Edukacji i Nauki ,,Szko\u0142a do hymnu&#8221;.<!--more--> O symbolicznej godzinie 11.11 wsp\u00f3lnie od\u015bpiewali\u015bmy hymn narodowy w\u0142\u0105czaj\u0105c si\u0119 do \u015bwi\u0119towania kolejnej rocznicy odzyskania przez Polsk\u0119 niepodleg\u0142o\u015bci.<\/p>\n<p><iframe loading=\"lazy\" title=\"Przedszkole do Hymnu.\" width=\"793\" height=\"446\" src=\"https:\/\/www.youtube.com\/embed\/Akn4mYC8Q9g?feature=oembed\" frameborder=\"0\" allow=\"accelerometer; autoplay; clipboard-write; encrypted-media; gyroscope; picture-in-picture\" allowfullscreen><\/iframe><\/p>\n","protected":false},"excerpt":{"rendered":"<p>Nasze przedszkole wzi\u0119\u0142o udzia\u0142 w akcji Ministerstwa Edukacji i Nauki ,,Szko\u0142a do hymnu&#8221;.<\/p>\n","protected":false},"author":2,"featured_media":0,"comment_status":"open","ping_status":"closed","sticky":false,"template":"","format":"standard","meta":{"footnotes":""},"categories":[1],"tags":[],"class_list":["post-20864","post","type-post","status-publish","format-standard","hentry","category-uncategorized"],"_links":{"self":[{"href":"https:\/\/przedszkole-alwernia.pl\/index.php?rest_route=\/wp\/v2\/posts\/20864","targetHints":{"allow":["GET"]}}],"collection":[{"href":"https:\/\/przedszkole-alwernia.pl\/index.php?rest_route=\/wp\/v2\/posts"}],"about":[{"href":"https:\/\/przedszkole-alwernia.pl\/index.php?rest_route=\/wp\/v2\/types\/post"}],"author":[{"embeddable":true,"href":"https:\/\/przedszkole-alwernia.pl\/index.php?rest_route=\/wp\/v2\/users\/2"}],"replies":[{"embeddable":true,"href":"https:\/\/przedszkole-alwernia.pl\/index.php?rest_route=%2Fwp%2Fv2%2Fcomments&post=20864"}],"version-history":[{"count":4,"href":"https:\/\/przedszkole-alwernia.pl\/index.php?rest_route=\/wp\/v2\/posts\/20864\/revisions"}],"predecessor-version":[{"id":20890,"href":"https:\/\/przedszkole-alwernia.pl\/index.php?rest_route=\/wp\/v2\/posts\/20864\/revisions\/20890"}],"wp:attachment":[{"href":"https:\/\/przedszkole-alwernia.pl\/index.php?rest_route=%2Fwp%2Fv2%2Fmedia&parent=20864"}],"wp:term":[{"taxonomy":"category","embeddable":true,"href":"https:\/\/przedszkole-alwernia.pl\/index.php?rest_route=%2Fwp%2Fv2%2Fcategories&post=20864"},{"taxonomy":"post_tag","embeddable":true,"href":"https:\/\/przedszkole-alwernia.pl\/index.php?rest_route=%2Fwp%2Fv2%2Ftags&post=20864"}],"curies":[{"name":"wp","href":"https:\/\/api.w.org\/{rel}","templated":true}]}}