{"id":20962,"date":"2022-12-04T19:53:52","date_gmt":"2022-12-04T19:53:52","guid":{"rendered":"https:\/\/przedszkole-alwernia.pl\/?p=20962"},"modified":"2022-12-04T19:53:52","modified_gmt":"2022-12-04T19:53:52","slug":"pomagamy-6","status":"publish","type":"post","link":"https:\/\/przedszkole-alwernia.pl\/?p=20962","title":{"rendered":"Pomagamy"},"content":{"rendered":"<p><a href=\"https:\/\/przedszkole-alwernia.pl\/wp-content\/uploads\/2022\/12\/C544B945-DF53-478C-B21B-7A932B577E0D.jpeg\" data-rel=\"lightbox-image-0\" data-rl_title=\"\" data-rl_caption=\"\" title=\"\"><img loading=\"lazy\" decoding=\"async\" class=\"alignnone size-medium wp-image-20963\" src=\"https:\/\/przedszkole-alwernia.pl\/wp-content\/uploads\/2022\/12\/C544B945-DF53-478C-B21B-7A932B577E0D-225x300.jpeg\" alt=\"\" width=\"225\" height=\"300\" srcset=\"https:\/\/przedszkole-alwernia.pl\/wp-content\/uploads\/2022\/12\/C544B945-DF53-478C-B21B-7A932B577E0D-225x300.jpeg 225w, https:\/\/przedszkole-alwernia.pl\/wp-content\/uploads\/2022\/12\/C544B945-DF53-478C-B21B-7A932B577E0D-768x1024.jpeg 768w, https:\/\/przedszkole-alwernia.pl\/wp-content\/uploads\/2022\/12\/C544B945-DF53-478C-B21B-7A932B577E0D-1152x1536.jpeg 1152w, https:\/\/przedszkole-alwernia.pl\/wp-content\/uploads\/2022\/12\/C544B945-DF53-478C-B21B-7A932B577E0D.jpeg 1500w\" sizes=\"auto, (max-width: 225px) 100vw, 225px\" \/><\/a><\/p>\n<p>Nasze przedszkole zaanga\u017cowa\u0142o si\u0119 w tym roku w zbi\u00f3rk\u0119 charytatywn\u0105 &#8222;Wywo\u0142ajmy u\u015bmiech na twarzy dziecka&#8221;. <!--more-->Akcja zorganizowana zosta\u0142a przez Centrum Us\u0142ug Spo\u0142ecznych w Alwerni na rzecz najbardziej potrzebuj\u0105cych dzieci z Gminy Alwernia. Serdecznie dzi\u0119kujemy za w\u0142\u0105czenie si\u0119 w akcj\u0119 za wszelk\u0105 Pa\u0144stwa \u017cyczliwo\u015b\u0107 i okazane serce. Dobro wraca.<\/p>\n","protected":false},"excerpt":{"rendered":"<p>Nasze przedszkole zaanga\u017cowa\u0142o si\u0119 w tym roku w zbi\u00f3rk\u0119 charytatywn\u0105 &#8222;Wywo\u0142ajmy u\u015bmiech na twarzy dziecka&#8221;.<\/p>\n","protected":false},"author":2,"featured_media":0,"comment_status":"open","ping_status":"closed","sticky":false,"template":"","format":"standard","meta":{"footnotes":""},"categories":[1],"tags":[],"class_list":["post-20962","post","type-post","status-publish","format-standard","hentry","category-uncategorized"],"_links":{"self":[{"href":"https:\/\/przedszkole-alwernia.pl\/index.php?rest_route=\/wp\/v2\/posts\/20962","targetHints":{"allow":["GET"]}}],"collection":[{"href":"https:\/\/przedszkole-alwernia.pl\/index.php?rest_route=\/wp\/v2\/posts"}],"about":[{"href":"https:\/\/przedszkole-alwernia.pl\/index.php?rest_route=\/wp\/v2\/types\/post"}],"author":[{"embeddable":true,"href":"https:\/\/przedszkole-alwernia.pl\/index.php?rest_route=\/wp\/v2\/users\/2"}],"replies":[{"embeddable":true,"href":"https:\/\/przedszkole-alwernia.pl\/index.php?rest_route=%2Fwp%2Fv2%2Fcomments&post=20962"}],"version-history":[{"count":1,"href":"https:\/\/przedszkole-alwernia.pl\/index.php?rest_route=\/wp\/v2\/posts\/20962\/revisions"}],"predecessor-version":[{"id":20964,"href":"https:\/\/przedszkole-alwernia.pl\/index.php?rest_route=\/wp\/v2\/posts\/20962\/revisions\/20964"}],"wp:attachment":[{"href":"https:\/\/przedszkole-alwernia.pl\/index.php?rest_route=%2Fwp%2Fv2%2Fmedia&parent=20962"}],"wp:term":[{"taxonomy":"category","embeddable":true,"href":"https:\/\/przedszkole-alwernia.pl\/index.php?rest_route=%2Fwp%2Fv2%2Fcategories&post=20962"},{"taxonomy":"post_tag","embeddable":true,"href":"https:\/\/przedszkole-alwernia.pl\/index.php?rest_route=%2Fwp%2Fv2%2Ftags&post=20962"}],"curies":[{"name":"wp","href":"https:\/\/api.w.org\/{rel}","templated":true}]}}