{"id":20965,"date":"2022-12-04T20:02:36","date_gmt":"2022-12-04T20:02:36","guid":{"rendered":"https:\/\/przedszkole-alwernia.pl\/?p=20965"},"modified":"2022-12-04T20:02:36","modified_gmt":"2022-12-04T20:02:36","slug":"andrzejkowe-zabawy","status":"publish","type":"post","link":"https:\/\/przedszkole-alwernia.pl\/?p=20965","title":{"rendered":"Andrzejkowe zabawy"},"content":{"rendered":"<p><a href=\"https:\/\/przedszkole-alwernia.pl\/wp-content\/uploads\/2022\/12\/0B6E3ECA-C32D-4A15-B8FE-B3C65AA0ED23.jpeg\" data-rel=\"lightbox-image-0\" data-rl_title=\"\" data-rl_caption=\"\" title=\"\"><img loading=\"lazy\" decoding=\"async\" class=\"alignnone size-medium wp-image-20978\" src=\"https:\/\/przedszkole-alwernia.pl\/wp-content\/uploads\/2022\/12\/0B6E3ECA-C32D-4A15-B8FE-B3C65AA0ED23-169x300.jpeg\" alt=\"\" width=\"169\" height=\"300\" srcset=\"https:\/\/przedszkole-alwernia.pl\/wp-content\/uploads\/2022\/12\/0B6E3ECA-C32D-4A15-B8FE-B3C65AA0ED23-169x300.jpeg 169w, https:\/\/przedszkole-alwernia.pl\/wp-content\/uploads\/2022\/12\/0B6E3ECA-C32D-4A15-B8FE-B3C65AA0ED23-576x1024.jpeg 576w, https:\/\/przedszkole-alwernia.pl\/wp-content\/uploads\/2022\/12\/0B6E3ECA-C32D-4A15-B8FE-B3C65AA0ED23-768x1366.jpeg 768w, https:\/\/przedszkole-alwernia.pl\/wp-content\/uploads\/2022\/12\/0B6E3ECA-C32D-4A15-B8FE-B3C65AA0ED23-864x1536.jpeg 864w, https:\/\/przedszkole-alwernia.pl\/wp-content\/uploads\/2022\/12\/0B6E3ECA-C32D-4A15-B8FE-B3C65AA0ED23.jpeg 1125w\" sizes=\"auto, (max-width: 169px) 100vw, 169px\" \/><\/a><\/p>\n<p>W naszym przedszkolu podtrzymujemy tradycje zwi\u0105zane z \u201eAndrzejkami\u201d<!--more-->. Temu wydarzeniu towarzyszy\u0142y konkursy, zabawy i wr\u00f3\u017cby andrzejkowe. W czarodziejskiej sali pojawi\u0142y si\u0119 &#8222;wr\u00f3\u017cki-cyganki&#8221;, kt\u00f3re przenios\u0142y dzieci w zaczarowany \u015bwiat magii i wr\u00f3\u017cb. Nie zabrak\u0142o oczywi\u015bcie tradycyjnego &#8222;lania wosku&#8221; i odczytania wr\u00f3\u017cby. Dzie\u0144 ten dostarczy\u0142 przedszkolakom wielu prze\u017cy\u0107 i emocji, a przede wszystkim sta\u0142 si\u0119 okazj\u0105 do rozbudzenia dzieci\u0119cej ciekawo\u015bci oraz ch\u0119ci poznawania naszej ludowej tradycji.<\/p>\n<div id='gallery-1' class='gallery galleryid-20965 gallery-columns-3 gallery-size-thumbnail'><dl class='gallery-item'>\n\t\t\t<dt class='gallery-icon landscape'>\n\t\t\t\t<a href='https:\/\/przedszkole-alwernia.pl\/wp-content\/uploads\/2022\/12\/49C83ABB-DFF4-4E04-A3A9-7B6CFFCEF705.jpeg' title=\"\" data-rl_title=\"\" class=\"rl-gallery-link\" data-rl_caption=\"\" data-rel=\"lightbox-gallery-1\"><img loading=\"lazy\" decoding=\"async\" width=\"150\" height=\"150\" src=\"https:\/\/przedszkole-alwernia.pl\/wp-content\/uploads\/2022\/12\/49C83ABB-DFF4-4E04-A3A9-7B6CFFCEF705-150x150.jpeg\" class=\"attachment-thumbnail size-thumbnail\" alt=\"\" \/><\/a>\n\t\t\t<\/dt><\/dl><dl class='gallery-item'>\n\t\t\t<dt class='gallery-icon portrait'>\n\t\t\t\t<a href='https:\/\/przedszkole-alwernia.pl\/wp-content\/uploads\/2022\/12\/C596942C-CB1E-453B-92A4-75E0954E9C64.jpeg' title=\"\" data-rl_title=\"\" class=\"rl-gallery-link\" data-rl_caption=\"\" data-rel=\"lightbox-gallery-1\"><img loading=\"lazy\" decoding=\"async\" width=\"150\" height=\"150\" src=\"https:\/\/przedszkole-alwernia.pl\/wp-content\/uploads\/2022\/12\/C596942C-CB1E-453B-92A4-75E0954E9C64-150x150.jpeg\" class=\"attachment-thumbnail size-thumbnail\" alt=\"\" \/><\/a>\n\t\t\t<\/dt><\/dl><dl class='gallery-item'>\n\t\t\t<dt class='gallery-icon portrait'>\n\t\t\t\t<a href='https:\/\/przedszkole-alwernia.pl\/wp-content\/uploads\/2022\/12\/C45F2964-FCFC-408E-B20D-7CDCBEE6B8C5.jpeg' title=\"\" data-rl_title=\"\" class=\"rl-gallery-link\" data-rl_caption=\"\" data-rel=\"lightbox-gallery-1\"><img loading=\"lazy\" decoding=\"async\" width=\"150\" height=\"150\" src=\"https:\/\/przedszkole-alwernia.pl\/wp-content\/uploads\/2022\/12\/C45F2964-FCFC-408E-B20D-7CDCBEE6B8C5-150x150.jpeg\" class=\"attachment-thumbnail size-thumbnail\" alt=\"\" \/><\/a>\n\t\t\t<\/dt><\/dl><br style=\"clear: both\" \/><dl class='gallery-item'>\n\t\t\t<dt class='gallery-icon portrait'>\n\t\t\t\t<a href='https:\/\/przedszkole-alwernia.pl\/wp-content\/uploads\/2022\/12\/C024FD09-410E-4DD7-9084-77D7ACE56BE8.jpeg' title=\"\" data-rl_title=\"\" class=\"rl-gallery-link\" data-rl_caption=\"\" data-rel=\"lightbox-gallery-1\"><img loading=\"lazy\" decoding=\"async\" width=\"150\" height=\"150\" src=\"https:\/\/przedszkole-alwernia.pl\/wp-content\/uploads\/2022\/12\/C024FD09-410E-4DD7-9084-77D7ACE56BE8-150x150.jpeg\" class=\"attachment-thumbnail size-thumbnail\" alt=\"\" \/><\/a>\n\t\t\t<\/dt><\/dl><dl class='gallery-item'>\n\t\t\t<dt class='gallery-icon portrait'>\n\t\t\t\t<a href='https:\/\/przedszkole-alwernia.pl\/wp-content\/uploads\/2022\/12\/036647CD-5F30-4676-B84D-8E769D80FDD8.jpeg' title=\"\" data-rl_title=\"\" class=\"rl-gallery-link\" data-rl_caption=\"\" data-rel=\"lightbox-gallery-1\"><img loading=\"lazy\" decoding=\"async\" width=\"150\" height=\"150\" src=\"https:\/\/przedszkole-alwernia.pl\/wp-content\/uploads\/2022\/12\/036647CD-5F30-4676-B84D-8E769D80FDD8-150x150.jpeg\" class=\"attachment-thumbnail size-thumbnail\" alt=\"\" \/><\/a>\n\t\t\t<\/dt><\/dl><dl class='gallery-item'>\n\t\t\t<dt class='gallery-icon portrait'>\n\t\t\t\t<a href='https:\/\/przedszkole-alwernia.pl\/wp-content\/uploads\/2022\/12\/F457CAA7-C19B-4023-A756-E728ED03F7E4.jpeg' title=\"\" data-rl_title=\"\" class=\"rl-gallery-link\" data-rl_caption=\"\" data-rel=\"lightbox-gallery-1\"><img loading=\"lazy\" decoding=\"async\" width=\"150\" height=\"150\" src=\"https:\/\/przedszkole-alwernia.pl\/wp-content\/uploads\/2022\/12\/F457CAA7-C19B-4023-A756-E728ED03F7E4-150x150.jpeg\" class=\"attachment-thumbnail size-thumbnail\" alt=\"\" \/><\/a>\n\t\t\t<\/dt><\/dl><br style=\"clear: both\" \/><dl class='gallery-item'>\n\t\t\t<dt class='gallery-icon portrait'>\n\t\t\t\t<a href='https:\/\/przedszkole-alwernia.pl\/wp-content\/uploads\/2022\/12\/9E4F455C-A51E-4414-9C58-99F4363AD03A.jpeg' title=\"\" data-rl_title=\"\" class=\"rl-gallery-link\" data-rl_caption=\"\" data-rel=\"lightbox-gallery-1\"><img loading=\"lazy\" decoding=\"async\" width=\"150\" height=\"150\" src=\"https:\/\/przedszkole-alwernia.pl\/wp-content\/uploads\/2022\/12\/9E4F455C-A51E-4414-9C58-99F4363AD03A-150x150.jpeg\" class=\"attachment-thumbnail size-thumbnail\" alt=\"\" \/><\/a>\n\t\t\t<\/dt><\/dl><dl class='gallery-item'>\n\t\t\t<dt class='gallery-icon portrait'>\n\t\t\t\t<a href='https:\/\/przedszkole-alwernia.pl\/wp-content\/uploads\/2022\/12\/39EFA79A-8788-4836-AC6E-4A5E59ABDA14.jpeg' title=\"\" data-rl_title=\"\" class=\"rl-gallery-link\" data-rl_caption=\"\" data-rel=\"lightbox-gallery-1\"><img loading=\"lazy\" decoding=\"async\" width=\"150\" height=\"150\" src=\"https:\/\/przedszkole-alwernia.pl\/wp-content\/uploads\/2022\/12\/39EFA79A-8788-4836-AC6E-4A5E59ABDA14-150x150.jpeg\" class=\"attachment-thumbnail size-thumbnail\" alt=\"\" \/><\/a>\n\t\t\t<\/dt><\/dl><dl class='gallery-item'>\n\t\t\t<dt class='gallery-icon portrait'>\n\t\t\t\t<a href='https:\/\/przedszkole-alwernia.pl\/wp-content\/uploads\/2022\/12\/5B23A0D9-F4E5-4CBC-92B9-4931B19F67E0.jpeg' title=\"\" data-rl_title=\"\" class=\"rl-gallery-link\" data-rl_caption=\"\" data-rel=\"lightbox-gallery-1\"><img loading=\"lazy\" decoding=\"async\" width=\"150\" height=\"150\" src=\"https:\/\/przedszkole-alwernia.pl\/wp-content\/uploads\/2022\/12\/5B23A0D9-F4E5-4CBC-92B9-4931B19F67E0-150x150.jpeg\" class=\"attachment-thumbnail size-thumbnail\" alt=\"\" \/><\/a>\n\t\t\t<\/dt><\/dl><br style=\"clear: both\" \/><dl class='gallery-item'>\n\t\t\t<dt class='gallery-icon portrait'>\n\t\t\t\t<a href='https:\/\/przedszkole-alwernia.pl\/wp-content\/uploads\/2022\/12\/F3664308-CF7E-4386-8388-C636A1022675.jpeg' title=\"\" data-rl_title=\"\" class=\"rl-gallery-link\" data-rl_caption=\"\" data-rel=\"lightbox-gallery-1\"><img loading=\"lazy\" decoding=\"async\" width=\"150\" height=\"150\" src=\"https:\/\/przedszkole-alwernia.pl\/wp-content\/uploads\/2022\/12\/F3664308-CF7E-4386-8388-C636A1022675-150x150.jpeg\" class=\"attachment-thumbnail size-thumbnail\" alt=\"\" \/><\/a>\n\t\t\t<\/dt><\/dl><dl class='gallery-item'>\n\t\t\t<dt class='gallery-icon portrait'>\n\t\t\t\t<a href='https:\/\/przedszkole-alwernia.pl\/wp-content\/uploads\/2022\/12\/D5B646EA-DF09-4854-98A7-07E3245B6ECC.jpeg' title=\"\" data-rl_title=\"\" class=\"rl-gallery-link\" data-rl_caption=\"\" data-rel=\"lightbox-gallery-1\"><img loading=\"lazy\" decoding=\"async\" width=\"150\" height=\"150\" src=\"https:\/\/przedszkole-alwernia.pl\/wp-content\/uploads\/2022\/12\/D5B646EA-DF09-4854-98A7-07E3245B6ECC-150x150.jpeg\" class=\"attachment-thumbnail size-thumbnail\" alt=\"\" \/><\/a>\n\t\t\t<\/dt><\/dl><dl class='gallery-item'>\n\t\t\t<dt class='gallery-icon landscape'>\n\t\t\t\t<a href='https:\/\/przedszkole-alwernia.pl\/wp-content\/uploads\/2022\/12\/871CCDBB-D4A1-453F-9BF4-7B8149D74902.jpeg' title=\"\" data-rl_title=\"\" class=\"rl-gallery-link\" data-rl_caption=\"\" data-rel=\"lightbox-gallery-1\"><img loading=\"lazy\" decoding=\"async\" width=\"150\" height=\"150\" src=\"https:\/\/przedszkole-alwernia.pl\/wp-content\/uploads\/2022\/12\/871CCDBB-D4A1-453F-9BF4-7B8149D74902-150x150.jpeg\" class=\"attachment-thumbnail size-thumbnail\" alt=\"\" \/><\/a>\n\t\t\t<\/dt><\/dl><br style=\"clear: both\" \/><dl class='gallery-item'>\n\t\t\t<dt class='gallery-icon portrait'>\n\t\t\t\t<a href='https:\/\/przedszkole-alwernia.pl\/wp-content\/uploads\/2022\/12\/0B6E3ECA-C32D-4A15-B8FE-B3C65AA0ED23.jpeg' title=\"\" data-rl_title=\"\" class=\"rl-gallery-link\" data-rl_caption=\"\" data-rel=\"lightbox-gallery-1\"><img loading=\"lazy\" decoding=\"async\" width=\"150\" height=\"150\" src=\"https:\/\/przedszkole-alwernia.pl\/wp-content\/uploads\/2022\/12\/0B6E3ECA-C32D-4A15-B8FE-B3C65AA0ED23-150x150.jpeg\" class=\"attachment-thumbnail size-thumbnail\" alt=\"\" \/><\/a>\n\t\t\t<\/dt><\/dl>\n\t\t\t<br style='clear: both' \/>\n\t\t<\/div>\n\n","protected":false},"excerpt":{"rendered":"<p>W naszym przedszkolu podtrzymujemy tradycje zwi\u0105zane z \u201eAndrzejkami\u201d<\/p>\n","protected":false},"author":2,"featured_media":0,"comment_status":"open","ping_status":"closed","sticky":false,"template":"","format":"standard","meta":{"footnotes":""},"categories":[1],"tags":[],"class_list":["post-20965","post","type-post","status-publish","format-standard","hentry","category-uncategorized"],"_links":{"self":[{"href":"https:\/\/przedszkole-alwernia.pl\/index.php?rest_route=\/wp\/v2\/posts\/20965","targetHints":{"allow":["GET"]}}],"collection":[{"href":"https:\/\/przedszkole-alwernia.pl\/index.php?rest_route=\/wp\/v2\/posts"}],"about":[{"href":"https:\/\/przedszkole-alwernia.pl\/index.php?rest_route=\/wp\/v2\/types\/post"}],"author":[{"embeddable":true,"href":"https:\/\/przedszkole-alwernia.pl\/index.php?rest_route=\/wp\/v2\/users\/2"}],"replies":[{"embeddable":true,"href":"https:\/\/przedszkole-alwernia.pl\/index.php?rest_route=%2Fwp%2Fv2%2Fcomments&post=20965"}],"version-history":[{"count":1,"href":"https:\/\/przedszkole-alwernia.pl\/index.php?rest_route=\/wp\/v2\/posts\/20965\/revisions"}],"predecessor-version":[{"id":20981,"href":"https:\/\/przedszkole-alwernia.pl\/index.php?rest_route=\/wp\/v2\/posts\/20965\/revisions\/20981"}],"wp:attachment":[{"href":"https:\/\/przedszkole-alwernia.pl\/index.php?rest_route=%2Fwp%2Fv2%2Fmedia&parent=20965"}],"wp:term":[{"taxonomy":"category","embeddable":true,"href":"https:\/\/przedszkole-alwernia.pl\/index.php?rest_route=%2Fwp%2Fv2%2Fcategories&post=20965"},{"taxonomy":"post_tag","embeddable":true,"href":"https:\/\/przedszkole-alwernia.pl\/index.php?rest_route=%2Fwp%2Fv2%2Ftags&post=20965"}],"curies":[{"name":"wp","href":"https:\/\/api.w.org\/{rel}","templated":true}]}}