{"id":21056,"date":"2022-12-18T17:22:26","date_gmt":"2022-12-18T17:22:26","guid":{"rendered":"https:\/\/przedszkole-alwernia.pl\/?p=21056"},"modified":"2022-12-18T17:22:26","modified_gmt":"2022-12-18T17:22:26","slug":"ksiazka-i-ja-w-podrozy","status":"publish","type":"post","link":"https:\/\/przedszkole-alwernia.pl\/?p=21056","title":{"rendered":"Ksi\u0105\u017cka i ja w podr\u00f3\u017cy"},"content":{"rendered":"<p><a href=\"https:\/\/przedszkole-alwernia.pl\/wp-content\/uploads\/2022\/12\/DBE61A78-B86E-4C41-B80A-DC8658BE5A41.jpeg\" data-rel=\"lightbox-image-0\" data-rl_title=\"\" data-rl_caption=\"\" title=\"\"><img loading=\"lazy\" decoding=\"async\" class=\"alignnone size-medium wp-image-21054\" src=\"https:\/\/przedszkole-alwernia.pl\/wp-content\/uploads\/2022\/12\/DBE61A78-B86E-4C41-B80A-DC8658BE5A41-135x300.jpeg\" alt=\"\" width=\"135\" height=\"300\" srcset=\"https:\/\/przedszkole-alwernia.pl\/wp-content\/uploads\/2022\/12\/DBE61A78-B86E-4C41-B80A-DC8658BE5A41-135x300.jpeg 135w, https:\/\/przedszkole-alwernia.pl\/wp-content\/uploads\/2022\/12\/DBE61A78-B86E-4C41-B80A-DC8658BE5A41-461x1024.jpeg 461w, https:\/\/przedszkole-alwernia.pl\/wp-content\/uploads\/2022\/12\/DBE61A78-B86E-4C41-B80A-DC8658BE5A41-691x1536.jpeg 691w, https:\/\/przedszkole-alwernia.pl\/wp-content\/uploads\/2022\/12\/DBE61A78-B86E-4C41-B80A-DC8658BE5A41.jpeg 720w\" sizes=\"auto, (max-width: 135px) 100vw, 135px\" \/><\/a><\/p>\n<p>MGBP w Alwerni zaprosi\u0142a dzieci do udzia\u0142u w konkursie plastycznym pt. \u201eKsi\u0105\u017cka i ja w podr\u00f3\u017cy\u201d<!--more--><br \/>Zadaniem uczestnik\u00f3w konkursu by\u0142o wykonanie pracy plastycznej przedstawiaj\u0105cej ok\u0142adk\u0119 lub ilustracj\u0119 do ulubionej ksi\u0105\u017cki, kt\u00f3r\u0105 najch\u0119tniej zabieramy w podr\u00f3\u017c.<\/p>\n<p>Oto nasi laureaci:<\/p>\n<p>Przedszkole w Alwerni<\/p>\n<p>III miejsce &#8211; Wojciech Sta\u0144czyk\u00a0<\/p>\n<p>Wyr\u00f3\u017cnienie &#8211; Milena Momot<\/p>\n<p>Wyr\u00f3\u017cnienie &#8211; Hania G\u0142owicka\u00a0<\/p>\n<p>Przedszkole w Grojcu<\/p>\n<p>III miejsce &#8211; Martyna Targosz\u00a0<\/p>\n<p>Wyr\u00f3\u017cnienie &#8211; Laura Bazarnik\u00a0<\/p>\n<p>Wyr\u00f3\u017cnienie &#8211; Patryk Jastrz\u0119bski\u00a0<\/p>\n<p>Gratulujemy!!<\/p>\n<div id='gallery-1' class='gallery galleryid-21056 gallery-columns-3 gallery-size-thumbnail'><dl class='gallery-item'>\n\t\t\t<dt class='gallery-icon portrait'>\n\t\t\t\t<a href='https:\/\/przedszkole-alwernia.pl\/wp-content\/uploads\/2022\/12\/4915030B-4AFD-448D-B74D-9D8B8FA38816.jpeg' title=\"\" data-rl_title=\"\" class=\"rl-gallery-link\" data-rl_caption=\"\" data-rel=\"lightbox-gallery-1\"><img loading=\"lazy\" decoding=\"async\" width=\"150\" height=\"150\" src=\"https:\/\/przedszkole-alwernia.pl\/wp-content\/uploads\/2022\/12\/4915030B-4AFD-448D-B74D-9D8B8FA38816-150x150.jpeg\" class=\"attachment-thumbnail size-thumbnail\" alt=\"\" \/><\/a>\n\t\t\t<\/dt><\/dl><dl class='gallery-item'>\n\t\t\t<dt class='gallery-icon portrait'>\n\t\t\t\t<a href='https:\/\/przedszkole-alwernia.pl\/wp-content\/uploads\/2022\/12\/DBE61A78-B86E-4C41-B80A-DC8658BE5A41.jpeg' title=\"\" data-rl_title=\"\" class=\"rl-gallery-link\" data-rl_caption=\"\" data-rel=\"lightbox-gallery-1\"><img loading=\"lazy\" decoding=\"async\" width=\"150\" height=\"150\" src=\"https:\/\/przedszkole-alwernia.pl\/wp-content\/uploads\/2022\/12\/DBE61A78-B86E-4C41-B80A-DC8658BE5A41-150x150.jpeg\" class=\"attachment-thumbnail size-thumbnail\" alt=\"\" \/><\/a>\n\t\t\t<\/dt><\/dl><dl class='gallery-item'>\n\t\t\t<dt class='gallery-icon portrait'>\n\t\t\t\t<a href='https:\/\/przedszkole-alwernia.pl\/wp-content\/uploads\/2022\/12\/4AA95315-BA90-4D10-B755-3EDD894B3847.jpeg' title=\"\" data-rl_title=\"\" class=\"rl-gallery-link\" data-rl_caption=\"\" data-rel=\"lightbox-gallery-1\"><img loading=\"lazy\" decoding=\"async\" width=\"150\" height=\"150\" src=\"https:\/\/przedszkole-alwernia.pl\/wp-content\/uploads\/2022\/12\/4AA95315-BA90-4D10-B755-3EDD894B3847-150x150.jpeg\" class=\"attachment-thumbnail size-thumbnail\" alt=\"\" \/><\/a>\n\t\t\t<\/dt><\/dl><br style=\"clear: both\" \/><dl class='gallery-item'>\n\t\t\t<dt class='gallery-icon landscape'>\n\t\t\t\t<a href='https:\/\/przedszkole-alwernia.pl\/wp-content\/uploads\/2022\/12\/A85950F3-83E9-4368-B5B6-FFA266449891.jpeg' title=\"\" data-rl_title=\"\" class=\"rl-gallery-link\" data-rl_caption=\"\" data-rel=\"lightbox-gallery-1\"><img loading=\"lazy\" decoding=\"async\" width=\"150\" height=\"150\" src=\"https:\/\/przedszkole-alwernia.pl\/wp-content\/uploads\/2022\/12\/A85950F3-83E9-4368-B5B6-FFA266449891-150x150.jpeg\" class=\"attachment-thumbnail size-thumbnail\" alt=\"\" \/><\/a>\n\t\t\t<\/dt><\/dl><dl class='gallery-item'>\n\t\t\t<dt class='gallery-icon portrait'>\n\t\t\t\t<a href='https:\/\/przedszkole-alwernia.pl\/wp-content\/uploads\/2022\/12\/57E57667-CE32-4F21-80CA-67436BEF24C6.jpeg' title=\"\" data-rl_title=\"\" class=\"rl-gallery-link\" data-rl_caption=\"\" data-rel=\"lightbox-gallery-1\"><img loading=\"lazy\" decoding=\"async\" width=\"150\" height=\"150\" src=\"https:\/\/przedszkole-alwernia.pl\/wp-content\/uploads\/2022\/12\/57E57667-CE32-4F21-80CA-67436BEF24C6-150x150.jpeg\" class=\"attachment-thumbnail size-thumbnail\" alt=\"\" \/><\/a>\n\t\t\t<\/dt><\/dl><dl class='gallery-item'>\n\t\t\t<dt class='gallery-icon portrait'>\n\t\t\t\t<a href='https:\/\/przedszkole-alwernia.pl\/wp-content\/uploads\/2022\/12\/4AB8BE80-1424-4C34-9564-CDCB482D3373.jpeg' title=\"\" data-rl_title=\"\" class=\"rl-gallery-link\" data-rl_caption=\"\" data-rel=\"lightbox-gallery-1\"><img loading=\"lazy\" decoding=\"async\" width=\"150\" height=\"150\" src=\"https:\/\/przedszkole-alwernia.pl\/wp-content\/uploads\/2022\/12\/4AB8BE80-1424-4C34-9564-CDCB482D3373-150x150.jpeg\" class=\"attachment-thumbnail size-thumbnail\" alt=\"\" \/><\/a>\n\t\t\t<\/dt><\/dl><br style=\"clear: both\" \/><dl class='gallery-item'>\n\t\t\t<dt class='gallery-icon landscape'>\n\t\t\t\t<a href='https:\/\/przedszkole-alwernia.pl\/wp-content\/uploads\/2022\/12\/7E04E6A7-6D8E-4D4F-820F-35E716A849DD.jpeg' title=\"\" data-rl_title=\"\" class=\"rl-gallery-link\" data-rl_caption=\"\" data-rel=\"lightbox-gallery-1\"><img loading=\"lazy\" decoding=\"async\" width=\"150\" height=\"150\" src=\"https:\/\/przedszkole-alwernia.pl\/wp-content\/uploads\/2022\/12\/7E04E6A7-6D8E-4D4F-820F-35E716A849DD-150x150.jpeg\" class=\"attachment-thumbnail size-thumbnail\" alt=\"\" \/><\/a>\n\t\t\t<\/dt><\/dl><dl class='gallery-item'>\n\t\t\t<dt class='gallery-icon portrait'>\n\t\t\t\t<a href='https:\/\/przedszkole-alwernia.pl\/wp-content\/uploads\/2022\/12\/0E16C203-38E9-4377-956C-CD78C876750E.jpeg' title=\"\" data-rl_title=\"\" class=\"rl-gallery-link\" data-rl_caption=\"\" data-rel=\"lightbox-gallery-1\"><img loading=\"lazy\" decoding=\"async\" width=\"150\" height=\"150\" src=\"https:\/\/przedszkole-alwernia.pl\/wp-content\/uploads\/2022\/12\/0E16C203-38E9-4377-956C-CD78C876750E-150x150.jpeg\" class=\"attachment-thumbnail size-thumbnail\" alt=\"\" \/><\/a>\n\t\t\t<\/dt><\/dl>\n\t\t\t<br style='clear: both' \/>\n\t\t<\/div>\n\n","protected":false},"excerpt":{"rendered":"<p>MGBP w Alwerni zaprosi\u0142a dzieci do udzia\u0142u w konkursie plastycznym pt. \u201eKsi\u0105\u017cka i ja w podr\u00f3\u017cy\u201d<\/p>\n","protected":false},"author":2,"featured_media":0,"comment_status":"open","ping_status":"closed","sticky":false,"template":"","format":"standard","meta":{"footnotes":""},"categories":[1],"tags":[],"class_list":["post-21056","post","type-post","status-publish","format-standard","hentry","category-uncategorized"],"_links":{"self":[{"href":"https:\/\/przedszkole-alwernia.pl\/index.php?rest_route=\/wp\/v2\/posts\/21056","targetHints":{"allow":["GET"]}}],"collection":[{"href":"https:\/\/przedszkole-alwernia.pl\/index.php?rest_route=\/wp\/v2\/posts"}],"about":[{"href":"https:\/\/przedszkole-alwernia.pl\/index.php?rest_route=\/wp\/v2\/types\/post"}],"author":[{"embeddable":true,"href":"https:\/\/przedszkole-alwernia.pl\/index.php?rest_route=\/wp\/v2\/users\/2"}],"replies":[{"embeddable":true,"href":"https:\/\/przedszkole-alwernia.pl\/index.php?rest_route=%2Fwp%2Fv2%2Fcomments&post=21056"}],"version-history":[{"count":1,"href":"https:\/\/przedszkole-alwernia.pl\/index.php?rest_route=\/wp\/v2\/posts\/21056\/revisions"}],"predecessor-version":[{"id":21063,"href":"https:\/\/przedszkole-alwernia.pl\/index.php?rest_route=\/wp\/v2\/posts\/21056\/revisions\/21063"}],"wp:attachment":[{"href":"https:\/\/przedszkole-alwernia.pl\/index.php?rest_route=%2Fwp%2Fv2%2Fmedia&parent=21056"}],"wp:term":[{"taxonomy":"category","embeddable":true,"href":"https:\/\/przedszkole-alwernia.pl\/index.php?rest_route=%2Fwp%2Fv2%2Fcategories&post=21056"},{"taxonomy":"post_tag","embeddable":true,"href":"https:\/\/przedszkole-alwernia.pl\/index.php?rest_route=%2Fwp%2Fv2%2Ftags&post=21056"}],"curies":[{"name":"wp","href":"https:\/\/api.w.org\/{rel}","templated":true}]}}