{"id":21136,"date":"2022-12-21T15:03:46","date_gmt":"2022-12-21T15:03:46","guid":{"rendered":"https:\/\/przedszkole-alwernia.pl\/?p=21136"},"modified":"2023-01-08T23:12:49","modified_gmt":"2023-01-08T23:12:49","slug":"w-oczekiwaniu-na-boze-narodzenie","status":"publish","type":"post","link":"https:\/\/przedszkole-alwernia.pl\/?p=21136","title":{"rendered":"W oczekiwaniu na Bo\u017ce Narodzenie"},"content":{"rendered":"<p style=\"text-align: left;\"><a href=\"https:\/\/przedszkole-alwernia.pl\/wp-content\/uploads\/2023\/01\/EA7853E3-6D03-4E5A-B712-D366F51B495F.jpeg\" data-rel=\"lightbox-image-0\" data-rl_title=\"\" data-rl_caption=\"\" title=\"\"><img loading=\"lazy\" decoding=\"async\" class=\"alignnone size-medium wp-image-21135\" src=\"https:\/\/przedszkole-alwernia.pl\/wp-content\/uploads\/2023\/01\/EA7853E3-6D03-4E5A-B712-D366F51B495F-225x300.jpeg\" alt=\"\" width=\"225\" height=\"300\" srcset=\"https:\/\/przedszkole-alwernia.pl\/wp-content\/uploads\/2023\/01\/EA7853E3-6D03-4E5A-B712-D366F51B495F-225x300.jpeg 225w, https:\/\/przedszkole-alwernia.pl\/wp-content\/uploads\/2023\/01\/EA7853E3-6D03-4E5A-B712-D366F51B495F-768x1024.jpeg 768w, https:\/\/przedszkole-alwernia.pl\/wp-content\/uploads\/2023\/01\/EA7853E3-6D03-4E5A-B712-D366F51B495F-1152x1536.jpeg 1152w, https:\/\/przedszkole-alwernia.pl\/wp-content\/uploads\/2023\/01\/EA7853E3-6D03-4E5A-B712-D366F51B495F.jpeg 1200w\" sizes=\"auto, (max-width: 225px) 100vw, 225px\" \/><\/a><br \/>W Alwerni i w Grojcu odby\u0142o si\u0119 spotkanie z okazji zbli\u017caj\u0105cych si\u0119 \u015awi\u0105t Bo\u017cego Narodzenia.<!--more--><\/p>\n<p style=\"text-align: left;\"><span id=\"more-16857\"><\/span>Obejrzeli\u015bmy jase\u0142ka w wykonaniu grupy starszak\u00f3w, \u015bpiewali\u015bmy wsp\u00f3lnie kol\u0119dy oraz sk\u0142adali\u015bmy sobie \u017cyczenia. Weso\u0142ych \u015awi\u0105t!!!<\/p>\n<p><a href=\"https:\/\/przedszkole-alwernia.pl\/wp-content\/uploads\/2023\/01\/IMG_0545.mov\">IMG_0545<\/a><\/p>\n<p><a href=\"https:\/\/przedszkole-alwernia.pl\/wp-content\/uploads\/2023\/01\/IMG_0548.mov\">IMG_0548<\/a><\/p>\n<p><a href=\"https:\/\/przedszkole-alwernia.pl\/wp-content\/uploads\/2023\/01\/IMG_0546.mov\">IMG_0546<\/a><\/p>\n<p><a href=\"https:\/\/przedszkole-alwernia.pl\/wp-content\/uploads\/2023\/01\/IMG_0547.mov\">IMG_0547<\/a><\/p>\n","protected":false},"excerpt":{"rendered":"<p>W Alwerni i w Grojcu odby\u0142o si\u0119 spotkanie z okazji zbli\u017caj\u0105cych si\u0119 \u015awi\u0105t Bo\u017cego Narodzenia.<\/p>\n","protected":false},"author":2,"featured_media":0,"comment_status":"open","ping_status":"closed","sticky":false,"template":"","format":"standard","meta":{"footnotes":""},"categories":[1],"tags":[],"class_list":["post-21136","post","type-post","status-publish","format-standard","hentry","category-uncategorized"],"_links":{"self":[{"href":"https:\/\/przedszkole-alwernia.pl\/index.php?rest_route=\/wp\/v2\/posts\/21136","targetHints":{"allow":["GET"]}}],"collection":[{"href":"https:\/\/przedszkole-alwernia.pl\/index.php?rest_route=\/wp\/v2\/posts"}],"about":[{"href":"https:\/\/przedszkole-alwernia.pl\/index.php?rest_route=\/wp\/v2\/types\/post"}],"author":[{"embeddable":true,"href":"https:\/\/przedszkole-alwernia.pl\/index.php?rest_route=\/wp\/v2\/users\/2"}],"replies":[{"embeddable":true,"href":"https:\/\/przedszkole-alwernia.pl\/index.php?rest_route=%2Fwp%2Fv2%2Fcomments&post=21136"}],"version-history":[{"count":1,"href":"https:\/\/przedszkole-alwernia.pl\/index.php?rest_route=\/wp\/v2\/posts\/21136\/revisions"}],"predecessor-version":[{"id":21137,"href":"https:\/\/przedszkole-alwernia.pl\/index.php?rest_route=\/wp\/v2\/posts\/21136\/revisions\/21137"}],"wp:attachment":[{"href":"https:\/\/przedszkole-alwernia.pl\/index.php?rest_route=%2Fwp%2Fv2%2Fmedia&parent=21136"}],"wp:term":[{"taxonomy":"category","embeddable":true,"href":"https:\/\/przedszkole-alwernia.pl\/index.php?rest_route=%2Fwp%2Fv2%2Fcategories&post=21136"},{"taxonomy":"post_tag","embeddable":true,"href":"https:\/\/przedszkole-alwernia.pl\/index.php?rest_route=%2Fwp%2Fv2%2Ftags&post=21136"}],"curies":[{"name":"wp","href":"https:\/\/api.w.org\/{rel}","templated":true}]}}