{"id":21227,"date":"2023-03-22T21:59:20","date_gmt":"2023-03-22T21:59:20","guid":{"rendered":"https:\/\/przedszkole-alwernia.pl\/?p=21227"},"modified":"2023-03-22T21:59:20","modified_gmt":"2023-03-22T21:59:20","slug":"ogloszenie-o-rekrutacji-do-przedszkola-na-rok-szkolny-2023-2024","status":"publish","type":"post","link":"https:\/\/przedszkole-alwernia.pl\/?p=21227","title":{"rendered":"Og\u0142oszenie o rekrutacji do przedszkola na rok szkolny 2023\/2024"},"content":{"rendered":"<p><a href=\"https:\/\/przedszkole-alwernia.pl\/wp-content\/uploads\/2023\/01\/ogloszenie-rekrutacja-2023_2024.docx\">ogloszenie rekrutacja 2023 \/_2024<\/a><\/p>\n<p>Wi\u0119cej informacji znajduje si\u0119 w zak\u0142adce:<\/p>\n<p>,,Przedszkole &#8211; rekrutacja&#8221;<\/p>\n","protected":false},"excerpt":{"rendered":"<p>ogloszenie rekrutacja 2023 \/_2024 Wi\u0119cej informacji znajduje si\u0119 w zak\u0142adce: ,,Przedszkole &#8211; rekrutacja&#8221;<\/p>\n","protected":false},"author":2,"featured_media":0,"comment_status":"open","ping_status":"closed","sticky":false,"template":"","format":"standard","meta":{"footnotes":""},"categories":[1],"tags":[],"class_list":["post-21227","post","type-post","status-publish","format-standard","hentry","category-uncategorized"],"_links":{"self":[{"href":"https:\/\/przedszkole-alwernia.pl\/index.php?rest_route=\/wp\/v2\/posts\/21227","targetHints":{"allow":["GET"]}}],"collection":[{"href":"https:\/\/przedszkole-alwernia.pl\/index.php?rest_route=\/wp\/v2\/posts"}],"about":[{"href":"https:\/\/przedszkole-alwernia.pl\/index.php?rest_route=\/wp\/v2\/types\/post"}],"author":[{"embeddable":true,"href":"https:\/\/przedszkole-alwernia.pl\/index.php?rest_route=\/wp\/v2\/users\/2"}],"replies":[{"embeddable":true,"href":"https:\/\/przedszkole-alwernia.pl\/index.php?rest_route=%2Fwp%2Fv2%2Fcomments&post=21227"}],"version-history":[{"count":1,"href":"https:\/\/przedszkole-alwernia.pl\/index.php?rest_route=\/wp\/v2\/posts\/21227\/revisions"}],"predecessor-version":[{"id":21228,"href":"https:\/\/przedszkole-alwernia.pl\/index.php?rest_route=\/wp\/v2\/posts\/21227\/revisions\/21228"}],"wp:attachment":[{"href":"https:\/\/przedszkole-alwernia.pl\/index.php?rest_route=%2Fwp%2Fv2%2Fmedia&parent=21227"}],"wp:term":[{"taxonomy":"category","embeddable":true,"href":"https:\/\/przedszkole-alwernia.pl\/index.php?rest_route=%2Fwp%2Fv2%2Fcategories&post=21227"},{"taxonomy":"post_tag","embeddable":true,"href":"https:\/\/przedszkole-alwernia.pl\/index.php?rest_route=%2Fwp%2Fv2%2Ftags&post=21227"}],"curies":[{"name":"wp","href":"https:\/\/api.w.org\/{rel}","templated":true}]}}