{"id":21297,"date":"2023-01-12T08:54:47","date_gmt":"2023-01-12T08:54:47","guid":{"rendered":"https:\/\/przedszkole-alwernia.pl\/?p=21297"},"modified":"2023-02-06T09:07:50","modified_gmt":"2023-02-06T09:07:50","slug":"konkurs-piosenki-angielskiej-merry-christmas-everyone","status":"publish","type":"post","link":"https:\/\/przedszkole-alwernia.pl\/?p=21297","title":{"rendered":"Konkurs piosenki angielskiej Merry Christmas Everyone"},"content":{"rendered":"<p><a href=\"https:\/\/przedszkole-alwernia.pl\/wp-content\/uploads\/2023\/02\/C4043BCF-A366-4DDE-93E6-C12EF1A88D3A.jpeg\" data-rel=\"lightbox-image-0\" data-rl_title=\"\" data-rl_caption=\"\" title=\"\"><img loading=\"lazy\" decoding=\"async\" class=\"alignnone size-medium wp-image-21299\" src=\"https:\/\/przedszkole-alwernia.pl\/wp-content\/uploads\/2023\/02\/C4043BCF-A366-4DDE-93E6-C12EF1A88D3A-225x300.jpeg\" alt=\"\" width=\"225\" height=\"300\" srcset=\"https:\/\/przedszkole-alwernia.pl\/wp-content\/uploads\/2023\/02\/C4043BCF-A366-4DDE-93E6-C12EF1A88D3A-225x300.jpeg 225w, https:\/\/przedszkole-alwernia.pl\/wp-content\/uploads\/2023\/02\/C4043BCF-A366-4DDE-93E6-C12EF1A88D3A-768x1024.jpeg 768w, https:\/\/przedszkole-alwernia.pl\/wp-content\/uploads\/2023\/02\/C4043BCF-A366-4DDE-93E6-C12EF1A88D3A-1152x1536.jpeg 1152w, https:\/\/przedszkole-alwernia.pl\/wp-content\/uploads\/2023\/02\/C4043BCF-A366-4DDE-93E6-C12EF1A88D3A.jpeg 1170w\" sizes=\"auto, (max-width: 225px) 100vw, 225px\" \/><\/a><\/p>\n<p class=\"p1\"><span class=\"s1\"><br \/>\n24 stycznia 2023r. odby\u0142 si\u0119 IX GMINNY BO\u017bONARODZENIOWY KONKURS PIOSENKI ANGIELSKIEJ MERRY CHRISTMAS EVERYONE. Konkurs zosta\u0142 obj\u0119ty Patronatem Honorowym przez Burmistrz Gminy Alwernia &#8211; Beat\u0119 Nadziej\u0119-Szpil\u0119. Wykonawcy prezentowali piosenki zwi\u0105zane z tematyk\u0105 \u015bwi\u0105teczn\u0105 w j\u0119zyku angielskim.<\/span><!--more--><\/p>\n<p class=\"p1\"><span class=\"s1\">Wyniki konkursu:<\/span><\/p>\n<p class=\"p1\"><span class=\"s1\">&#8211; w kategorii wiekowej I:<\/span><\/p>\n<p class=\"p1\"><span class=\"s1\">I MIEJSCE Dominika Bolech\u00a0<\/span><\/p>\n<p class=\"p1\"><span class=\"s1\">II MIEJSCE Anna Kurza\u0144ska\u00a0<\/span><\/p>\n<p class=\"p1\"><span class=\"s1\">III MIEJSCE Martyna Kapcia\u00a0<\/span><\/p>\n<p class=\"p1\"><span class=\"s1\">WYR\u00d3\u017bNIENIE Blanka Garnek\u00a0<\/span><\/p>\n<p>Gratulujemy !!!!!<\/p>\n","protected":false},"excerpt":{"rendered":"<p>24 stycznia 2023r. odby\u0142 si\u0119 IX GMINNY BO\u017bONARODZENIOWY KONKURS PIOSENKI ANGIELSKIEJ MERRY CHRISTMAS EVERYONE. Konkurs zosta\u0142 obj\u0119ty Patronatem Honorowym przez Burmistrz Gminy Alwernia &#8211; Beat\u0119 Nadziej\u0119-Szpil\u0119. Wykonawcy prezentowali piosenki zwi\u0105zane z tematyk\u0105 \u015bwi\u0105teczn\u0105 w j\u0119zyku angielskim.<\/p>\n","protected":false},"author":2,"featured_media":0,"comment_status":"open","ping_status":"closed","sticky":false,"template":"","format":"standard","meta":{"footnotes":""},"categories":[1],"tags":[],"class_list":["post-21297","post","type-post","status-publish","format-standard","hentry","category-uncategorized"],"_links":{"self":[{"href":"https:\/\/przedszkole-alwernia.pl\/index.php?rest_route=\/wp\/v2\/posts\/21297","targetHints":{"allow":["GET"]}}],"collection":[{"href":"https:\/\/przedszkole-alwernia.pl\/index.php?rest_route=\/wp\/v2\/posts"}],"about":[{"href":"https:\/\/przedszkole-alwernia.pl\/index.php?rest_route=\/wp\/v2\/types\/post"}],"author":[{"embeddable":true,"href":"https:\/\/przedszkole-alwernia.pl\/index.php?rest_route=\/wp\/v2\/users\/2"}],"replies":[{"embeddable":true,"href":"https:\/\/przedszkole-alwernia.pl\/index.php?rest_route=%2Fwp%2Fv2%2Fcomments&post=21297"}],"version-history":[{"count":2,"href":"https:\/\/przedszkole-alwernia.pl\/index.php?rest_route=\/wp\/v2\/posts\/21297\/revisions"}],"predecessor-version":[{"id":21302,"href":"https:\/\/przedszkole-alwernia.pl\/index.php?rest_route=\/wp\/v2\/posts\/21297\/revisions\/21302"}],"wp:attachment":[{"href":"https:\/\/przedszkole-alwernia.pl\/index.php?rest_route=%2Fwp%2Fv2%2Fmedia&parent=21297"}],"wp:term":[{"taxonomy":"category","embeddable":true,"href":"https:\/\/przedszkole-alwernia.pl\/index.php?rest_route=%2Fwp%2Fv2%2Fcategories&post=21297"},{"taxonomy":"post_tag","embeddable":true,"href":"https:\/\/przedszkole-alwernia.pl\/index.php?rest_route=%2Fwp%2Fv2%2Ftags&post=21297"}],"curies":[{"name":"wp","href":"https:\/\/api.w.org\/{rel}","templated":true}]}}