{"id":21536,"date":"2023-03-08T21:29:31","date_gmt":"2023-03-08T21:29:31","guid":{"rendered":"https:\/\/przedszkole-alwernia.pl\/?p=21536"},"modified":"2023-03-22T22:04:28","modified_gmt":"2023-03-22T22:04:28","slug":"ach-ta-pipi","status":"publish","type":"post","link":"https:\/\/przedszkole-alwernia.pl\/?p=21536","title":{"rendered":"Ach, ta Pippi !"},"content":{"rendered":"<p><a href=\"https:\/\/przedszkole-alwernia.pl\/wp-content\/uploads\/2023\/03\/5E84A42E-C046-47A4-8CC3-0E1E38471AAE.jpeg\" data-rel=\"lightbox-image-0\" data-rl_title=\"\" data-rl_caption=\"\" title=\"\"><img loading=\"lazy\" decoding=\"async\" class=\"alignnone size-medium wp-image-21496\" src=\"https:\/\/przedszkole-alwernia.pl\/wp-content\/uploads\/2023\/03\/5E84A42E-C046-47A4-8CC3-0E1E38471AAE-300x169.jpeg\" alt=\"\" width=\"300\" height=\"169\" srcset=\"https:\/\/przedszkole-alwernia.pl\/wp-content\/uploads\/2023\/03\/5E84A42E-C046-47A4-8CC3-0E1E38471AAE-300x169.jpeg 300w, https:\/\/przedszkole-alwernia.pl\/wp-content\/uploads\/2023\/03\/5E84A42E-C046-47A4-8CC3-0E1E38471AAE-1024x576.jpeg 1024w, https:\/\/przedszkole-alwernia.pl\/wp-content\/uploads\/2023\/03\/5E84A42E-C046-47A4-8CC3-0E1E38471AAE-768x432.jpeg 768w, https:\/\/przedszkole-alwernia.pl\/wp-content\/uploads\/2023\/03\/5E84A42E-C046-47A4-8CC3-0E1E38471AAE-1536x863.jpeg 1536w, https:\/\/przedszkole-alwernia.pl\/wp-content\/uploads\/2023\/03\/5E84A42E-C046-47A4-8CC3-0E1E38471AAE.jpeg 2048w\" sizes=\"auto, (max-width: 300px) 100vw, 300px\" \/><\/a><\/p>\n<p>8 marca wyruszyli\u015bmy do chrzanowskiego MOKSIRu gdzie przedszkolaki obejrza\u0142y spektakl &nbsp;Narodowego Teatru&nbsp; Edukacji pt.,, Ach, ta Pippi!&#8221;.<!--more--> Zobaczy\u0142y&nbsp; bardzo ciekaw\u0105 histori\u0119 ma\u0142ej Pippi, dzi\u0119ki kt\u00f3rej przekona\u0142y si\u0119, co znaczy i jak wa\u017cna jest prawdziwa przyja\u017a\u0144 i dlaczego warto by\u0107 dobrym dla zwierz\u0105t.<\/p>\n<div id='gallery-1' class='gallery galleryid-21536 gallery-columns-3 gallery-size-thumbnail'><dl class='gallery-item'>\n\t\t\t<dt class='gallery-icon landscape'>\n\t\t\t\t<a href='https:\/\/przedszkole-alwernia.pl\/wp-content\/uploads\/2023\/03\/303A0A77-B0B2-429F-965A-0C10B442DEB2.jpeg' title=\"\" data-rl_title=\"\" class=\"rl-gallery-link\" data-rl_caption=\"\" data-rel=\"lightbox-gallery-1\"><img loading=\"lazy\" decoding=\"async\" width=\"150\" height=\"150\" src=\"https:\/\/przedszkole-alwernia.pl\/wp-content\/uploads\/2023\/03\/303A0A77-B0B2-429F-965A-0C10B442DEB2-150x150.jpeg\" class=\"attachment-thumbnail size-thumbnail\" alt=\"\" \/><\/a>\n\t\t\t<\/dt><\/dl><dl class='gallery-item'>\n\t\t\t<dt class='gallery-icon portrait'>\n\t\t\t\t<a href='https:\/\/przedszkole-alwernia.pl\/wp-content\/uploads\/2023\/03\/EC2CDFA2-0A27-4E6A-B539-87125616F792.jpeg' title=\"\" data-rl_title=\"\" class=\"rl-gallery-link\" data-rl_caption=\"\" data-rel=\"lightbox-gallery-1\"><img loading=\"lazy\" decoding=\"async\" width=\"150\" height=\"150\" src=\"https:\/\/przedszkole-alwernia.pl\/wp-content\/uploads\/2023\/03\/EC2CDFA2-0A27-4E6A-B539-87125616F792-150x150.jpeg\" class=\"attachment-thumbnail size-thumbnail\" alt=\"\" \/><\/a>\n\t\t\t<\/dt><\/dl><dl class='gallery-item'>\n\t\t\t<dt class='gallery-icon landscape'>\n\t\t\t\t<a href='https:\/\/przedszkole-alwernia.pl\/wp-content\/uploads\/2023\/03\/D6F3A54F-F6CD-4E65-94F1-64F0580E3BC4.jpeg' title=\"\" data-rl_title=\"\" class=\"rl-gallery-link\" data-rl_caption=\"\" data-rel=\"lightbox-gallery-1\"><img loading=\"lazy\" decoding=\"async\" width=\"150\" height=\"150\" src=\"https:\/\/przedszkole-alwernia.pl\/wp-content\/uploads\/2023\/03\/D6F3A54F-F6CD-4E65-94F1-64F0580E3BC4-150x150.jpeg\" class=\"attachment-thumbnail size-thumbnail\" alt=\"\" \/><\/a>\n\t\t\t<\/dt><\/dl><br style=\"clear: both\" \/><dl class='gallery-item'>\n\t\t\t<dt class='gallery-icon landscape'>\n\t\t\t\t<a href='https:\/\/przedszkole-alwernia.pl\/wp-content\/uploads\/2023\/03\/E0828D21-DA31-4523-A3CA-4A5B8228B2BE.jpeg' title=\"\" data-rl_title=\"\" class=\"rl-gallery-link\" data-rl_caption=\"\" data-rel=\"lightbox-gallery-1\"><img loading=\"lazy\" decoding=\"async\" width=\"150\" height=\"150\" src=\"https:\/\/przedszkole-alwernia.pl\/wp-content\/uploads\/2023\/03\/E0828D21-DA31-4523-A3CA-4A5B8228B2BE-150x150.jpeg\" class=\"attachment-thumbnail size-thumbnail\" alt=\"\" \/><\/a>\n\t\t\t<\/dt><\/dl><dl class='gallery-item'>\n\t\t\t<dt class='gallery-icon landscape'>\n\t\t\t\t<a href='https:\/\/przedszkole-alwernia.pl\/wp-content\/uploads\/2023\/03\/04E09895-454B-444D-ACF0-B6B64005C75A.jpeg' title=\"\" data-rl_title=\"\" class=\"rl-gallery-link\" data-rl_caption=\"\" data-rel=\"lightbox-gallery-1\"><img loading=\"lazy\" decoding=\"async\" width=\"150\" height=\"150\" src=\"https:\/\/przedszkole-alwernia.pl\/wp-content\/uploads\/2023\/03\/04E09895-454B-444D-ACF0-B6B64005C75A-150x150.jpeg\" class=\"attachment-thumbnail size-thumbnail\" alt=\"\" \/><\/a>\n\t\t\t<\/dt><\/dl><dl class='gallery-item'>\n\t\t\t<dt class='gallery-icon landscape'>\n\t\t\t\t<a href='https:\/\/przedszkole-alwernia.pl\/wp-content\/uploads\/2023\/03\/5E84A42E-C046-47A4-8CC3-0E1E38471AAE.jpeg' title=\"\" data-rl_title=\"\" class=\"rl-gallery-link\" data-rl_caption=\"\" data-rel=\"lightbox-gallery-1\"><img loading=\"lazy\" decoding=\"async\" width=\"150\" height=\"150\" src=\"https:\/\/przedszkole-alwernia.pl\/wp-content\/uploads\/2023\/03\/5E84A42E-C046-47A4-8CC3-0E1E38471AAE-150x150.jpeg\" class=\"attachment-thumbnail size-thumbnail\" alt=\"\" \/><\/a>\n\t\t\t<\/dt><\/dl><br style=\"clear: both\" \/><dl class='gallery-item'>\n\t\t\t<dt class='gallery-icon landscape'>\n\t\t\t\t<a href='https:\/\/przedszkole-alwernia.pl\/wp-content\/uploads\/2023\/03\/63452955-4163-4134-B8B2-BEDAF85279CF.jpeg' title=\"\" data-rl_title=\"\" class=\"rl-gallery-link\" data-rl_caption=\"\" data-rel=\"lightbox-gallery-1\"><img loading=\"lazy\" decoding=\"async\" width=\"150\" height=\"150\" src=\"https:\/\/przedszkole-alwernia.pl\/wp-content\/uploads\/2023\/03\/63452955-4163-4134-B8B2-BEDAF85279CF-150x150.jpeg\" class=\"attachment-thumbnail size-thumbnail\" alt=\"\" \/><\/a>\n\t\t\t<\/dt><\/dl><dl class='gallery-item'>\n\t\t\t<dt class='gallery-icon portrait'>\n\t\t\t\t<a href='https:\/\/przedszkole-alwernia.pl\/wp-content\/uploads\/2023\/03\/432E54F9-B5F1-4860-98F9-9B4B2093A3D7-scaled.jpeg' title=\"\" data-rl_title=\"\" class=\"rl-gallery-link\" data-rl_caption=\"\" data-rel=\"lightbox-gallery-1\"><img loading=\"lazy\" decoding=\"async\" width=\"150\" height=\"150\" src=\"https:\/\/przedszkole-alwernia.pl\/wp-content\/uploads\/2023\/03\/432E54F9-B5F1-4860-98F9-9B4B2093A3D7-150x150.jpeg\" class=\"attachment-thumbnail size-thumbnail\" alt=\"\" \/><\/a>\n\t\t\t<\/dt><\/dl>\n\t\t\t<br style='clear: both' \/>\n\t\t<\/div>\n\n","protected":false},"excerpt":{"rendered":"<p>8 marca wyruszyli\u015bmy do chrzanowskiego MOKSIRu gdzie przedszkolaki obejrza\u0142y spektakl &nbsp;Narodowego Teatru&nbsp; Edukacji pt.,, Ach, ta Pippi!&#8221;.<\/p>\n","protected":false},"author":2,"featured_media":0,"comment_status":"open","ping_status":"closed","sticky":false,"template":"","format":"standard","meta":{"footnotes":""},"categories":[1],"tags":[],"class_list":["post-21536","post","type-post","status-publish","format-standard","hentry","category-uncategorized"],"_links":{"self":[{"href":"https:\/\/przedszkole-alwernia.pl\/index.php?rest_route=\/wp\/v2\/posts\/21536","targetHints":{"allow":["GET"]}}],"collection":[{"href":"https:\/\/przedszkole-alwernia.pl\/index.php?rest_route=\/wp\/v2\/posts"}],"about":[{"href":"https:\/\/przedszkole-alwernia.pl\/index.php?rest_route=\/wp\/v2\/types\/post"}],"author":[{"embeddable":true,"href":"https:\/\/przedszkole-alwernia.pl\/index.php?rest_route=\/wp\/v2\/users\/2"}],"replies":[{"embeddable":true,"href":"https:\/\/przedszkole-alwernia.pl\/index.php?rest_route=%2Fwp%2Fv2%2Fcomments&post=21536"}],"version-history":[{"count":2,"href":"https:\/\/przedszkole-alwernia.pl\/index.php?rest_route=\/wp\/v2\/posts\/21536\/revisions"}],"predecessor-version":[{"id":21545,"href":"https:\/\/przedszkole-alwernia.pl\/index.php?rest_route=\/wp\/v2\/posts\/21536\/revisions\/21545"}],"wp:attachment":[{"href":"https:\/\/przedszkole-alwernia.pl\/index.php?rest_route=%2Fwp%2Fv2%2Fmedia&parent=21536"}],"wp:term":[{"taxonomy":"category","embeddable":true,"href":"https:\/\/przedszkole-alwernia.pl\/index.php?rest_route=%2Fwp%2Fv2%2Fcategories&post=21536"},{"taxonomy":"post_tag","embeddable":true,"href":"https:\/\/przedszkole-alwernia.pl\/index.php?rest_route=%2Fwp%2Fv2%2Ftags&post=21536"}],"curies":[{"name":"wp","href":"https:\/\/api.w.org\/{rel}","templated":true}]}}