{"id":21538,"date":"2023-03-15T21:56:13","date_gmt":"2023-03-15T21:56:13","guid":{"rendered":"https:\/\/przedszkole-alwernia.pl\/?p=21538"},"modified":"2023-03-22T22:09:05","modified_gmt":"2023-03-22T22:09:05","slug":"polposcie-2","status":"publish","type":"post","link":"https:\/\/przedszkole-alwernia.pl\/?p=21538","title":{"rendered":"P\u00f3\u0142po\u015bcie"},"content":{"rendered":"<p><a href=\"https:\/\/przedszkole-alwernia.pl\/wp-content\/uploads\/2023\/03\/B31EB7BE-0786-44DB-8C31-1B9FC87C1251-scaled.jpeg\" data-rel=\"lightbox-image-0\" data-rl_title=\"\" data-rl_caption=\"\" title=\"\"><img loading=\"lazy\" decoding=\"async\" class=\"alignnone size-medium wp-image-21539\" src=\"https:\/\/przedszkole-alwernia.pl\/wp-content\/uploads\/2023\/03\/B31EB7BE-0786-44DB-8C31-1B9FC87C1251-225x300.jpeg\" alt=\"\" width=\"225\" height=\"300\" srcset=\"https:\/\/przedszkole-alwernia.pl\/wp-content\/uploads\/2023\/03\/B31EB7BE-0786-44DB-8C31-1B9FC87C1251-225x300.jpeg 225w, https:\/\/przedszkole-alwernia.pl\/wp-content\/uploads\/2023\/03\/B31EB7BE-0786-44DB-8C31-1B9FC87C1251-768x1024.jpeg 768w, https:\/\/przedszkole-alwernia.pl\/wp-content\/uploads\/2023\/03\/B31EB7BE-0786-44DB-8C31-1B9FC87C1251-1152x1536.jpeg 1152w, https:\/\/przedszkole-alwernia.pl\/wp-content\/uploads\/2023\/03\/B31EB7BE-0786-44DB-8C31-1B9FC87C1251-1536x2048.jpeg 1536w, https:\/\/przedszkole-alwernia.pl\/wp-content\/uploads\/2023\/03\/B31EB7BE-0786-44DB-8C31-1B9FC87C1251-scaled.jpeg 1920w\" sizes=\"auto, (max-width: 225px) 100vw, 225px\" \/><\/a><\/p>\n<p>P\u00f3\u0142po\u015bcie &#8211; to czas w po\u0142owie Wielkiego Postu dobrze znany przedszkolakom.<!--more--><\/p>\n<div class=\"atomsArticleLead component\" data-event-position-context=\"atomsArticleLead\">&nbsp; W ten dzie\u0144 dzieci znajduj\u0105 na drzewach powieszone obwarzanki . Legenda g\u0142osi, \u017ce obwarzanki piek\u0105 kawki w ruinach zamku Tenczyn dla dzieci \u017ceby os\u0142odzi\u0142y sobie czas postu.<\/div>\n<div data-event-position-context=\"atomsArticleLead\">\n<div id='gallery-1' class='gallery galleryid-21538 gallery-columns-3 gallery-size-thumbnail'><dl class='gallery-item'>\n\t\t\t<dt class='gallery-icon landscape'>\n\t\t\t\t<a href='https:\/\/przedszkole-alwernia.pl\/wp-content\/uploads\/2023\/03\/A736C83C-B22C-4585-B44E-462DB628E138.jpeg' title=\"\" data-rl_title=\"\" class=\"rl-gallery-link\" data-rl_caption=\"\" data-rel=\"lightbox-gallery-1\"><img loading=\"lazy\" decoding=\"async\" width=\"150\" height=\"150\" src=\"https:\/\/przedszkole-alwernia.pl\/wp-content\/uploads\/2023\/03\/A736C83C-B22C-4585-B44E-462DB628E138-150x150.jpeg\" class=\"attachment-thumbnail size-thumbnail\" alt=\"\" \/><\/a>\n\t\t\t<\/dt><\/dl><dl class='gallery-item'>\n\t\t\t<dt class='gallery-icon portrait'>\n\t\t\t\t<a href='https:\/\/przedszkole-alwernia.pl\/wp-content\/uploads\/2023\/03\/CCF5F909-6105-4A22-BCED-D159DA2B647B.jpeg' title=\"\" data-rl_title=\"\" class=\"rl-gallery-link\" data-rl_caption=\"\" data-rel=\"lightbox-gallery-1\"><img loading=\"lazy\" decoding=\"async\" width=\"150\" height=\"150\" src=\"https:\/\/przedszkole-alwernia.pl\/wp-content\/uploads\/2023\/03\/CCF5F909-6105-4A22-BCED-D159DA2B647B-150x150.jpeg\" class=\"attachment-thumbnail size-thumbnail\" alt=\"\" \/><\/a>\n\t\t\t<\/dt><\/dl><dl class='gallery-item'>\n\t\t\t<dt class='gallery-icon portrait'>\n\t\t\t\t<a href='https:\/\/przedszkole-alwernia.pl\/wp-content\/uploads\/2023\/03\/C8EEB416-ED5C-4767-8D35-A72270892C11.jpeg' title=\"\" data-rl_title=\"\" class=\"rl-gallery-link\" data-rl_caption=\"\" data-rel=\"lightbox-gallery-1\"><img loading=\"lazy\" decoding=\"async\" width=\"150\" height=\"150\" src=\"https:\/\/przedszkole-alwernia.pl\/wp-content\/uploads\/2023\/03\/C8EEB416-ED5C-4767-8D35-A72270892C11-150x150.jpeg\" class=\"attachment-thumbnail size-thumbnail\" alt=\"\" \/><\/a>\n\t\t\t<\/dt><\/dl><br style=\"clear: both\" \/><dl class='gallery-item'>\n\t\t\t<dt class='gallery-icon landscape'>\n\t\t\t\t<a href='https:\/\/przedszkole-alwernia.pl\/wp-content\/uploads\/2023\/03\/9FC501D8-697E-41D5-B375-1E3923F01A64.jpeg' title=\"\" data-rl_title=\"\" class=\"rl-gallery-link\" data-rl_caption=\"\" data-rel=\"lightbox-gallery-1\"><img loading=\"lazy\" decoding=\"async\" width=\"150\" height=\"150\" src=\"https:\/\/przedszkole-alwernia.pl\/wp-content\/uploads\/2023\/03\/9FC501D8-697E-41D5-B375-1E3923F01A64-150x150.jpeg\" class=\"attachment-thumbnail size-thumbnail\" alt=\"\" \/><\/a>\n\t\t\t<\/dt><\/dl><dl class='gallery-item'>\n\t\t\t<dt class='gallery-icon landscape'>\n\t\t\t\t<a href='https:\/\/przedszkole-alwernia.pl\/wp-content\/uploads\/2023\/03\/25B029AF-50D7-4B76-8506-98861CD33E66.jpeg' title=\"\" data-rl_title=\"\" class=\"rl-gallery-link\" data-rl_caption=\"\" data-rel=\"lightbox-gallery-1\"><img loading=\"lazy\" decoding=\"async\" width=\"150\" height=\"150\" src=\"https:\/\/przedszkole-alwernia.pl\/wp-content\/uploads\/2023\/03\/25B029AF-50D7-4B76-8506-98861CD33E66-150x150.jpeg\" class=\"attachment-thumbnail size-thumbnail\" alt=\"\" \/><\/a>\n\t\t\t<\/dt><\/dl><dl class='gallery-item'>\n\t\t\t<dt class='gallery-icon landscape'>\n\t\t\t\t<a href='https:\/\/przedszkole-alwernia.pl\/wp-content\/uploads\/2023\/03\/7E6A4527-6EE8-4C40-887D-42FDC492D816.jpeg' title=\"\" data-rl_title=\"\" class=\"rl-gallery-link\" data-rl_caption=\"\" data-rel=\"lightbox-gallery-1\"><img loading=\"lazy\" decoding=\"async\" width=\"150\" height=\"150\" src=\"https:\/\/przedszkole-alwernia.pl\/wp-content\/uploads\/2023\/03\/7E6A4527-6EE8-4C40-887D-42FDC492D816-150x150.jpeg\" class=\"attachment-thumbnail size-thumbnail\" alt=\"\" \/><\/a>\n\t\t\t<\/dt><\/dl><br style=\"clear: both\" \/>\n\t\t<\/div>\n\n<\/div>\n","protected":false},"excerpt":{"rendered":"<p>P\u00f3\u0142po\u015bcie &#8211; to czas w po\u0142owie Wielkiego Postu dobrze znany przedszkolakom.<\/p>\n","protected":false},"author":2,"featured_media":0,"comment_status":"open","ping_status":"closed","sticky":false,"template":"","format":"standard","meta":{"footnotes":""},"categories":[1],"tags":[],"class_list":["post-21538","post","type-post","status-publish","format-standard","hentry","category-uncategorized"],"_links":{"self":[{"href":"https:\/\/przedszkole-alwernia.pl\/index.php?rest_route=\/wp\/v2\/posts\/21538","targetHints":{"allow":["GET"]}}],"collection":[{"href":"https:\/\/przedszkole-alwernia.pl\/index.php?rest_route=\/wp\/v2\/posts"}],"about":[{"href":"https:\/\/przedszkole-alwernia.pl\/index.php?rest_route=\/wp\/v2\/types\/post"}],"author":[{"embeddable":true,"href":"https:\/\/przedszkole-alwernia.pl\/index.php?rest_route=\/wp\/v2\/users\/2"}],"replies":[{"embeddable":true,"href":"https:\/\/przedszkole-alwernia.pl\/index.php?rest_route=%2Fwp%2Fv2%2Fcomments&post=21538"}],"version-history":[{"count":2,"href":"https:\/\/przedszkole-alwernia.pl\/index.php?rest_route=\/wp\/v2\/posts\/21538\/revisions"}],"predecessor-version":[{"id":21546,"href":"https:\/\/przedszkole-alwernia.pl\/index.php?rest_route=\/wp\/v2\/posts\/21538\/revisions\/21546"}],"wp:attachment":[{"href":"https:\/\/przedszkole-alwernia.pl\/index.php?rest_route=%2Fwp%2Fv2%2Fmedia&parent=21538"}],"wp:term":[{"taxonomy":"category","embeddable":true,"href":"https:\/\/przedszkole-alwernia.pl\/index.php?rest_route=%2Fwp%2Fv2%2Fcategories&post=21538"},{"taxonomy":"post_tag","embeddable":true,"href":"https:\/\/przedszkole-alwernia.pl\/index.php?rest_route=%2Fwp%2Fv2%2Ftags&post=21538"}],"curies":[{"name":"wp","href":"https:\/\/api.w.org\/{rel}","templated":true}]}}