{"id":21674,"date":"2023-04-05T07:40:53","date_gmt":"2023-04-05T07:40:53","guid":{"rendered":"https:\/\/przedszkole-alwernia.pl\/?p=21674"},"modified":"2023-04-05T13:30:55","modified_gmt":"2023-04-05T13:30:55","slug":"wesolych-swiat-wielkanocnych-5","status":"publish","type":"post","link":"https:\/\/przedszkole-alwernia.pl\/?p=21674","title":{"rendered":"Weso\u0142ych \u015awi\u0105t Wielkanocnych!"},"content":{"rendered":"<p><a href=\"https:\/\/przedszkole-alwernia.pl\/wp-content\/uploads\/2023\/04\/09FE3723-5799-4AE2-A4CB-2F25D9C77BFE.jpeg\" data-rel=\"lightbox-image-0\" data-rl_title=\"\" data-rl_caption=\"\" title=\"\"><img loading=\"lazy\" decoding=\"async\" class=\"alignnone size-medium wp-image-21705\" src=\"https:\/\/przedszkole-alwernia.pl\/wp-content\/uploads\/2023\/04\/09FE3723-5799-4AE2-A4CB-2F25D9C77BFE-300x225.jpeg\" alt=\"\" width=\"300\" height=\"225\" srcset=\"https:\/\/przedszkole-alwernia.pl\/wp-content\/uploads\/2023\/04\/09FE3723-5799-4AE2-A4CB-2F25D9C77BFE-300x225.jpeg 300w, https:\/\/przedszkole-alwernia.pl\/wp-content\/uploads\/2023\/04\/09FE3723-5799-4AE2-A4CB-2F25D9C77BFE-1024x768.jpeg 1024w, https:\/\/przedszkole-alwernia.pl\/wp-content\/uploads\/2023\/04\/09FE3723-5799-4AE2-A4CB-2F25D9C77BFE-768x576.jpeg 768w, https:\/\/przedszkole-alwernia.pl\/wp-content\/uploads\/2023\/04\/09FE3723-5799-4AE2-A4CB-2F25D9C77BFE-1536x1152.jpeg 1536w, https:\/\/przedszkole-alwernia.pl\/wp-content\/uploads\/2023\/04\/09FE3723-5799-4AE2-A4CB-2F25D9C77BFE.jpeg 1600w\" sizes=\"auto, (max-width: 300px) 100vw, 300px\" \/><\/a><\/p>\n<p><strong><br \/>\nNiech radosne Alleluja b\u0119dzie dla Was<\/strong><br \/>\n<strong>ostoj\u0105 zwyci\u0119skiej mi\u0142o\u015bci i niez\u0142omnej wiary.<\/strong><br \/>\n<strong>Niech pogoda ducha towarzyszy Wam<\/strong><br \/>\n<strong>w trudzie ka\u017cdego dnia,<\/strong><br \/>\n<strong>a rado\u015b\u0107 serca w czasie zas\u0142u\u017conego odpoczynku.<\/strong><\/p>\n","protected":false},"excerpt":{"rendered":"<p>Niech radosne Alleluja b\u0119dzie dla Was ostoj\u0105 zwyci\u0119skiej mi\u0142o\u015bci i niez\u0142omnej wiary. Niech pogoda ducha towarzyszy Wam w trudzie ka\u017cdego dnia, a rado\u015b\u0107 serca w czasie zas\u0142u\u017conego odpoczynku.<\/p>\n","protected":false},"author":2,"featured_media":0,"comment_status":"open","ping_status":"closed","sticky":false,"template":"","format":"standard","meta":{"footnotes":""},"categories":[1],"tags":[],"class_list":["post-21674","post","type-post","status-publish","format-standard","hentry","category-uncategorized"],"_links":{"self":[{"href":"https:\/\/przedszkole-alwernia.pl\/index.php?rest_route=\/wp\/v2\/posts\/21674","targetHints":{"allow":["GET"]}}],"collection":[{"href":"https:\/\/przedszkole-alwernia.pl\/index.php?rest_route=\/wp\/v2\/posts"}],"about":[{"href":"https:\/\/przedszkole-alwernia.pl\/index.php?rest_route=\/wp\/v2\/types\/post"}],"author":[{"embeddable":true,"href":"https:\/\/przedszkole-alwernia.pl\/index.php?rest_route=\/wp\/v2\/users\/2"}],"replies":[{"embeddable":true,"href":"https:\/\/przedszkole-alwernia.pl\/index.php?rest_route=%2Fwp%2Fv2%2Fcomments&post=21674"}],"version-history":[{"count":3,"href":"https:\/\/przedszkole-alwernia.pl\/index.php?rest_route=\/wp\/v2\/posts\/21674\/revisions"}],"predecessor-version":[{"id":21711,"href":"https:\/\/przedszkole-alwernia.pl\/index.php?rest_route=\/wp\/v2\/posts\/21674\/revisions\/21711"}],"wp:attachment":[{"href":"https:\/\/przedszkole-alwernia.pl\/index.php?rest_route=%2Fwp%2Fv2%2Fmedia&parent=21674"}],"wp:term":[{"taxonomy":"category","embeddable":true,"href":"https:\/\/przedszkole-alwernia.pl\/index.php?rest_route=%2Fwp%2Fv2%2Fcategories&post=21674"},{"taxonomy":"post_tag","embeddable":true,"href":"https:\/\/przedszkole-alwernia.pl\/index.php?rest_route=%2Fwp%2Fv2%2Ftags&post=21674"}],"curies":[{"name":"wp","href":"https:\/\/api.w.org\/{rel}","templated":true}]}}