{"id":21784,"date":"2023-05-11T19:55:54","date_gmt":"2023-05-11T19:55:54","guid":{"rendered":"https:\/\/przedszkole-alwernia.pl\/?p=21784"},"modified":"2023-05-11T19:55:55","modified_gmt":"2023-05-11T19:55:55","slug":"wycieczka-do-muzeum-lotnictwa-polskiego","status":"publish","type":"post","link":"https:\/\/przedszkole-alwernia.pl\/?p=21784","title":{"rendered":"Wycieczka do Muzeum Lotnictwa Polskiego"},"content":{"rendered":"<p><a href=\"https:\/\/przedszkole-alwernia.pl\/wp-content\/uploads\/2023\/05\/CC72C4F9-B49B-4AC9-99E6-1E5F2C3C0678-scaled.jpeg\" data-rel=\"lightbox-image-0\" data-rl_title=\"\" data-rl_caption=\"\" title=\"\"><img loading=\"lazy\" decoding=\"async\" class=\"alignnone size-medium wp-image-21787\" src=\"https:\/\/przedszkole-alwernia.pl\/wp-content\/uploads\/2023\/05\/CC72C4F9-B49B-4AC9-99E6-1E5F2C3C0678-225x300.jpeg\" alt=\"\" width=\"225\" height=\"300\" srcset=\"https:\/\/przedszkole-alwernia.pl\/wp-content\/uploads\/2023\/05\/CC72C4F9-B49B-4AC9-99E6-1E5F2C3C0678-225x300.jpeg 225w, https:\/\/przedszkole-alwernia.pl\/wp-content\/uploads\/2023\/05\/CC72C4F9-B49B-4AC9-99E6-1E5F2C3C0678-768x1024.jpeg 768w, https:\/\/przedszkole-alwernia.pl\/wp-content\/uploads\/2023\/05\/CC72C4F9-B49B-4AC9-99E6-1E5F2C3C0678-1152x1536.jpeg 1152w, https:\/\/przedszkole-alwernia.pl\/wp-content\/uploads\/2023\/05\/CC72C4F9-B49B-4AC9-99E6-1E5F2C3C0678-1536x2048.jpeg 1536w, https:\/\/przedszkole-alwernia.pl\/wp-content\/uploads\/2023\/05\/CC72C4F9-B49B-4AC9-99E6-1E5F2C3C0678-scaled.jpeg 1920w\" sizes=\"auto, (max-width: 225px) 100vw, 225px\" \/><\/a><\/p>\n<p>Przedszkolaki z grup 3,4,5 i 6 pojecha\u0142y na wycieczk\u0119 do Muzeum Lotnictwa Polskiego w Krakowie. <!--more--><\/p>\n<p>Dzieci uczestniczy\u0142y w warsztatach pt.,,Fizyka lotu dla przedszkolak\u00f3w\u201d \u00a0.Pozna\u0142y\u00a0podstawowe statki powietrzne, takie jak szybowce, samoloty, \u015bmig\u0142owce czy\u00a0balony.Dowiedzia\u0142y si\u0119, dlaczego one lataj\u0105. Samodzielnie pr\u00f3bowa\u0142y swoich si\u0142 w\u00a0lataniu szybowcami i\u00a0lataj\u0105cymi \u015bmig\u0142ami. Na\u00a0zako\u0144czenie przewodnik poprowadzi\u0142 ca\u0142\u0105 grup\u0119 na\u00a0kr\u00f3tki \u00a0spacer po\u00a0terenie Muzeum, pokazuj\u0105c na\u00a0\u017cywo maszyny, o\u00a0kt\u00f3rych wcze\u015bniej opowiada\u0142. Dodatkow\u0105 atrakcj\u0105 by\u0142o wej\u015bcie do \u00a0samolotu i\u00a0zobaczenie go\u00a0od\u00a0wewn\u0105trz.<\/p>\n<div id='gallery-1' class='gallery galleryid-21784 gallery-columns-3 gallery-size-thumbnail'><dl class='gallery-item'>\n\t\t\t<dt class='gallery-icon portrait'>\n\t\t\t\t<a href='https:\/\/przedszkole-alwernia.pl\/wp-content\/uploads\/2023\/05\/CC72C4F9-B49B-4AC9-99E6-1E5F2C3C0678-scaled.jpeg' title=\"\" data-rl_title=\"\" class=\"rl-gallery-link\" data-rl_caption=\"\" data-rel=\"lightbox-gallery-1\"><img loading=\"lazy\" decoding=\"async\" width=\"150\" height=\"150\" src=\"https:\/\/przedszkole-alwernia.pl\/wp-content\/uploads\/2023\/05\/CC72C4F9-B49B-4AC9-99E6-1E5F2C3C0678-150x150.jpeg\" class=\"attachment-thumbnail size-thumbnail\" alt=\"\" \/><\/a>\n\t\t\t<\/dt><\/dl><dl class='gallery-item'>\n\t\t\t<dt class='gallery-icon portrait'>\n\t\t\t\t<a href='https:\/\/przedszkole-alwernia.pl\/wp-content\/uploads\/2023\/05\/FD83BAF5-665B-4227-9ED6-66667BD5D99E-scaled.jpeg' title=\"\" data-rl_title=\"\" class=\"rl-gallery-link\" data-rl_caption=\"\" data-rel=\"lightbox-gallery-1\"><img loading=\"lazy\" decoding=\"async\" width=\"150\" height=\"150\" src=\"https:\/\/przedszkole-alwernia.pl\/wp-content\/uploads\/2023\/05\/FD83BAF5-665B-4227-9ED6-66667BD5D99E-150x150.jpeg\" class=\"attachment-thumbnail size-thumbnail\" alt=\"\" \/><\/a>\n\t\t\t<\/dt><\/dl><dl class='gallery-item'>\n\t\t\t<dt class='gallery-icon portrait'>\n\t\t\t\t<a href='https:\/\/przedszkole-alwernia.pl\/wp-content\/uploads\/2023\/05\/50F81796-0A1E-41D3-AA89-2A5D0D8048E3-scaled.jpeg' title=\"\" data-rl_title=\"\" class=\"rl-gallery-link\" data-rl_caption=\"\" data-rel=\"lightbox-gallery-1\"><img loading=\"lazy\" decoding=\"async\" width=\"150\" height=\"150\" src=\"https:\/\/przedszkole-alwernia.pl\/wp-content\/uploads\/2023\/05\/50F81796-0A1E-41D3-AA89-2A5D0D8048E3-150x150.jpeg\" class=\"attachment-thumbnail size-thumbnail\" alt=\"\" \/><\/a>\n\t\t\t<\/dt><\/dl><br style=\"clear: both\" \/><dl class='gallery-item'>\n\t\t\t<dt class='gallery-icon portrait'>\n\t\t\t\t<a href='https:\/\/przedszkole-alwernia.pl\/wp-content\/uploads\/2023\/05\/BFBBF7DE-DF24-40D6-82E3-9701C8FB2DEE-scaled.jpeg' title=\"\" data-rl_title=\"\" class=\"rl-gallery-link\" data-rl_caption=\"\" data-rel=\"lightbox-gallery-1\"><img loading=\"lazy\" decoding=\"async\" width=\"150\" height=\"150\" src=\"https:\/\/przedszkole-alwernia.pl\/wp-content\/uploads\/2023\/05\/BFBBF7DE-DF24-40D6-82E3-9701C8FB2DEE-150x150.jpeg\" class=\"attachment-thumbnail size-thumbnail\" alt=\"\" \/><\/a>\n\t\t\t<\/dt><\/dl><dl class='gallery-item'>\n\t\t\t<dt class='gallery-icon landscape'>\n\t\t\t\t<a href='https:\/\/przedszkole-alwernia.pl\/wp-content\/uploads\/2023\/05\/68C8FFDF-FDD5-46A2-BD3D-36AF13BFE98E.jpeg' title=\"\" data-rl_title=\"\" class=\"rl-gallery-link\" data-rl_caption=\"\" data-rel=\"lightbox-gallery-1\"><img loading=\"lazy\" decoding=\"async\" width=\"150\" height=\"150\" src=\"https:\/\/przedszkole-alwernia.pl\/wp-content\/uploads\/2023\/05\/68C8FFDF-FDD5-46A2-BD3D-36AF13BFE98E-150x150.jpeg\" class=\"attachment-thumbnail size-thumbnail\" alt=\"\" \/><\/a>\n\t\t\t<\/dt><\/dl><dl class='gallery-item'>\n\t\t\t<dt class='gallery-icon landscape'>\n\t\t\t\t<a href='https:\/\/przedszkole-alwernia.pl\/wp-content\/uploads\/2023\/05\/78D4838C-B1B2-43B3-8F7B-4352A02EE524.jpeg' title=\"\" data-rl_title=\"\" class=\"rl-gallery-link\" data-rl_caption=\"\" data-rel=\"lightbox-gallery-1\"><img loading=\"lazy\" decoding=\"async\" width=\"150\" height=\"150\" src=\"https:\/\/przedszkole-alwernia.pl\/wp-content\/uploads\/2023\/05\/78D4838C-B1B2-43B3-8F7B-4352A02EE524-150x150.jpeg\" class=\"attachment-thumbnail size-thumbnail\" alt=\"\" \/><\/a>\n\t\t\t<\/dt><\/dl><br style=\"clear: both\" \/><dl class='gallery-item'>\n\t\t\t<dt class='gallery-icon portrait'>\n\t\t\t\t<a href='https:\/\/przedszkole-alwernia.pl\/wp-content\/uploads\/2023\/05\/48A46760-3458-4F39-A661-884475CF735A.jpeg' title=\"\" data-rl_title=\"\" class=\"rl-gallery-link\" data-rl_caption=\"\" data-rel=\"lightbox-gallery-1\"><img loading=\"lazy\" decoding=\"async\" width=\"150\" height=\"150\" src=\"https:\/\/przedszkole-alwernia.pl\/wp-content\/uploads\/2023\/05\/48A46760-3458-4F39-A661-884475CF735A-150x150.jpeg\" class=\"attachment-thumbnail size-thumbnail\" alt=\"\" \/><\/a>\n\t\t\t<\/dt><\/dl><dl class='gallery-item'>\n\t\t\t<dt class='gallery-icon portrait'>\n\t\t\t\t<a href='https:\/\/przedszkole-alwernia.pl\/wp-content\/uploads\/2023\/05\/58D38E25-9092-4D86-B768-14DFA8083005.jpeg' title=\"\" data-rl_title=\"\" class=\"rl-gallery-link\" data-rl_caption=\"\" data-rel=\"lightbox-gallery-1\"><img loading=\"lazy\" decoding=\"async\" width=\"150\" height=\"150\" src=\"https:\/\/przedszkole-alwernia.pl\/wp-content\/uploads\/2023\/05\/58D38E25-9092-4D86-B768-14DFA8083005-150x150.jpeg\" class=\"attachment-thumbnail size-thumbnail\" alt=\"\" \/><\/a>\n\t\t\t<\/dt><\/dl><dl class='gallery-item'>\n\t\t\t<dt class='gallery-icon portrait'>\n\t\t\t\t<a href='https:\/\/przedszkole-alwernia.pl\/wp-content\/uploads\/2023\/05\/7515AC01-EBA2-494B-A9A7-89B296433E92.jpeg' title=\"\" data-rl_title=\"\" class=\"rl-gallery-link\" data-rl_caption=\"\" data-rel=\"lightbox-gallery-1\"><img loading=\"lazy\" decoding=\"async\" width=\"150\" height=\"150\" src=\"https:\/\/przedszkole-alwernia.pl\/wp-content\/uploads\/2023\/05\/7515AC01-EBA2-494B-A9A7-89B296433E92-150x150.jpeg\" class=\"attachment-thumbnail size-thumbnail\" alt=\"\" \/><\/a>\n\t\t\t<\/dt><\/dl><br style=\"clear: both\" \/><dl class='gallery-item'>\n\t\t\t<dt class='gallery-icon portrait'>\n\t\t\t\t<a href='https:\/\/przedszkole-alwernia.pl\/wp-content\/uploads\/2023\/05\/19FD51F8-6F7C-4777-B530-5FB4D62CB283.jpeg' title=\"\" data-rl_title=\"\" class=\"rl-gallery-link\" data-rl_caption=\"\" data-rel=\"lightbox-gallery-1\"><img loading=\"lazy\" decoding=\"async\" width=\"150\" height=\"150\" src=\"https:\/\/przedszkole-alwernia.pl\/wp-content\/uploads\/2023\/05\/19FD51F8-6F7C-4777-B530-5FB4D62CB283-150x150.jpeg\" class=\"attachment-thumbnail size-thumbnail\" alt=\"\" \/><\/a>\n\t\t\t<\/dt><\/dl><dl class='gallery-item'>\n\t\t\t<dt class='gallery-icon portrait'>\n\t\t\t\t<a href='https:\/\/przedszkole-alwernia.pl\/wp-content\/uploads\/2023\/05\/BC22A1F8-F06F-4DB1-BFF5-7849DF108719.jpeg' title=\"\" data-rl_title=\"\" class=\"rl-gallery-link\" data-rl_caption=\"\" data-rel=\"lightbox-gallery-1\"><img loading=\"lazy\" decoding=\"async\" width=\"150\" height=\"150\" src=\"https:\/\/przedszkole-alwernia.pl\/wp-content\/uploads\/2023\/05\/BC22A1F8-F06F-4DB1-BFF5-7849DF108719-150x150.jpeg\" class=\"attachment-thumbnail size-thumbnail\" alt=\"\" \/><\/a>\n\t\t\t<\/dt><\/dl><dl class='gallery-item'>\n\t\t\t<dt class='gallery-icon landscape'>\n\t\t\t\t<a href='https:\/\/przedszkole-alwernia.pl\/wp-content\/uploads\/2023\/05\/C94E03EB-7B8D-4A02-B079-CB79B8239925.jpeg' title=\"\" data-rl_title=\"\" class=\"rl-gallery-link\" data-rl_caption=\"\" data-rel=\"lightbox-gallery-1\"><img loading=\"lazy\" decoding=\"async\" width=\"150\" height=\"150\" src=\"https:\/\/przedszkole-alwernia.pl\/wp-content\/uploads\/2023\/05\/C94E03EB-7B8D-4A02-B079-CB79B8239925-150x150.jpeg\" class=\"attachment-thumbnail size-thumbnail\" alt=\"\" \/><\/a>\n\t\t\t<\/dt><\/dl><br style=\"clear: both\" \/><dl class='gallery-item'>\n\t\t\t<dt class='gallery-icon landscape'>\n\t\t\t\t<a href='https:\/\/przedszkole-alwernia.pl\/wp-content\/uploads\/2023\/05\/6555BD96-573E-4530-A68E-96E6A2581081.jpeg' title=\"\" data-rl_title=\"\" class=\"rl-gallery-link\" data-rl_caption=\"\" data-rel=\"lightbox-gallery-1\"><img loading=\"lazy\" decoding=\"async\" width=\"150\" height=\"150\" src=\"https:\/\/przedszkole-alwernia.pl\/wp-content\/uploads\/2023\/05\/6555BD96-573E-4530-A68E-96E6A2581081-150x150.jpeg\" class=\"attachment-thumbnail size-thumbnail\" alt=\"\" \/><\/a>\n\t\t\t<\/dt><\/dl><dl class='gallery-item'>\n\t\t\t<dt class='gallery-icon portrait'>\n\t\t\t\t<a href='https:\/\/przedszkole-alwernia.pl\/wp-content\/uploads\/2023\/05\/E1E9E092-60DF-4A3B-99E7-FBE183006DAF.jpeg' title=\"\" data-rl_title=\"\" class=\"rl-gallery-link\" data-rl_caption=\"\" data-rel=\"lightbox-gallery-1\"><img loading=\"lazy\" decoding=\"async\" width=\"150\" height=\"150\" src=\"https:\/\/przedszkole-alwernia.pl\/wp-content\/uploads\/2023\/05\/E1E9E092-60DF-4A3B-99E7-FBE183006DAF-150x150.jpeg\" class=\"attachment-thumbnail size-thumbnail\" alt=\"\" \/><\/a>\n\t\t\t<\/dt><\/dl><dl class='gallery-item'>\n\t\t\t<dt class='gallery-icon landscape'>\n\t\t\t\t<a href='https:\/\/przedszkole-alwernia.pl\/wp-content\/uploads\/2023\/05\/2667A4A5-7E9A-409D-8D43-4D78F37CC9E8.jpeg' title=\"\" data-rl_title=\"\" class=\"rl-gallery-link\" data-rl_caption=\"\" data-rel=\"lightbox-gallery-1\"><img loading=\"lazy\" decoding=\"async\" width=\"150\" height=\"150\" src=\"https:\/\/przedszkole-alwernia.pl\/wp-content\/uploads\/2023\/05\/2667A4A5-7E9A-409D-8D43-4D78F37CC9E8-150x150.jpeg\" class=\"attachment-thumbnail size-thumbnail\" alt=\"\" \/><\/a>\n\t\t\t<\/dt><\/dl><br style=\"clear: both\" \/><dl class='gallery-item'>\n\t\t\t<dt class='gallery-icon portrait'>\n\t\t\t\t<a href='https:\/\/przedszkole-alwernia.pl\/wp-content\/uploads\/2023\/05\/3213EF5C-8A7F-41DF-8BD9-B8D3A5743AD3-scaled.jpeg' title=\"\" data-rl_title=\"\" class=\"rl-gallery-link\" data-rl_caption=\"\" data-rel=\"lightbox-gallery-1\"><img loading=\"lazy\" decoding=\"async\" width=\"150\" height=\"150\" src=\"https:\/\/przedszkole-alwernia.pl\/wp-content\/uploads\/2023\/05\/3213EF5C-8A7F-41DF-8BD9-B8D3A5743AD3-150x150.jpeg\" class=\"attachment-thumbnail size-thumbnail\" alt=\"\" \/><\/a>\n\t\t\t<\/dt><\/dl><dl class='gallery-item'>\n\t\t\t<dt class='gallery-icon portrait'>\n\t\t\t\t<a href='https:\/\/przedszkole-alwernia.pl\/wp-content\/uploads\/2023\/05\/10D13B59-AEF4-47F9-9E00-4E4852A0AA0F-scaled.jpeg' title=\"\" data-rl_title=\"\" class=\"rl-gallery-link\" data-rl_caption=\"\" data-rel=\"lightbox-gallery-1\"><img loading=\"lazy\" decoding=\"async\" width=\"150\" height=\"150\" src=\"https:\/\/przedszkole-alwernia.pl\/wp-content\/uploads\/2023\/05\/10D13B59-AEF4-47F9-9E00-4E4852A0AA0F-150x150.jpeg\" class=\"attachment-thumbnail size-thumbnail\" alt=\"\" \/><\/a>\n\t\t\t<\/dt><\/dl><dl class='gallery-item'>\n\t\t\t<dt class='gallery-icon portrait'>\n\t\t\t\t<a href='https:\/\/przedszkole-alwernia.pl\/wp-content\/uploads\/2023\/05\/6988DAFC-896A-4852-AA1A-9E736E3A90F8-scaled.jpeg' title=\"\" data-rl_title=\"\" class=\"rl-gallery-link\" data-rl_caption=\"\" data-rel=\"lightbox-gallery-1\"><img loading=\"lazy\" decoding=\"async\" width=\"150\" height=\"150\" src=\"https:\/\/przedszkole-alwernia.pl\/wp-content\/uploads\/2023\/05\/6988DAFC-896A-4852-AA1A-9E736E3A90F8-150x150.jpeg\" class=\"attachment-thumbnail size-thumbnail\" alt=\"\" \/><\/a>\n\t\t\t<\/dt><\/dl><br style=\"clear: both\" \/><dl class='gallery-item'>\n\t\t\t<dt class='gallery-icon landscape'>\n\t\t\t\t<a href='https:\/\/przedszkole-alwernia.pl\/wp-content\/uploads\/2023\/05\/77BEF1D7-3F62-4049-B65D-A18F21049E71.jpeg' title=\"\" data-rl_title=\"\" class=\"rl-gallery-link\" data-rl_caption=\"\" data-rel=\"lightbox-gallery-1\"><img loading=\"lazy\" decoding=\"async\" width=\"150\" height=\"150\" src=\"https:\/\/przedszkole-alwernia.pl\/wp-content\/uploads\/2023\/05\/77BEF1D7-3F62-4049-B65D-A18F21049E71-150x150.jpeg\" class=\"attachment-thumbnail size-thumbnail\" alt=\"\" \/><\/a>\n\t\t\t<\/dt><\/dl><dl class='gallery-item'>\n\t\t\t<dt class='gallery-icon portrait'>\n\t\t\t\t<a href='https:\/\/przedszkole-alwernia.pl\/wp-content\/uploads\/2023\/05\/331D487E-3FBE-4DC5-9E43-94CE6705420E.jpeg' title=\"\" data-rl_title=\"\" class=\"rl-gallery-link\" data-rl_caption=\"\" data-rel=\"lightbox-gallery-1\"><img loading=\"lazy\" decoding=\"async\" width=\"150\" height=\"150\" src=\"https:\/\/przedszkole-alwernia.pl\/wp-content\/uploads\/2023\/05\/331D487E-3FBE-4DC5-9E43-94CE6705420E-150x150.jpeg\" class=\"attachment-thumbnail size-thumbnail\" alt=\"\" \/><\/a>\n\t\t\t<\/dt><\/dl><dl class='gallery-item'>\n\t\t\t<dt class='gallery-icon landscape'>\n\t\t\t\t<a href='https:\/\/przedszkole-alwernia.pl\/wp-content\/uploads\/2023\/05\/D3A7E440-0485-413D-9C37-30F41F939EB5.jpeg' title=\"\" data-rl_title=\"\" class=\"rl-gallery-link\" data-rl_caption=\"\" data-rel=\"lightbox-gallery-1\"><img loading=\"lazy\" decoding=\"async\" width=\"150\" height=\"150\" src=\"https:\/\/przedszkole-alwernia.pl\/wp-content\/uploads\/2023\/05\/D3A7E440-0485-413D-9C37-30F41F939EB5-150x150.jpeg\" class=\"attachment-thumbnail size-thumbnail\" alt=\"\" \/><\/a>\n\t\t\t<\/dt><\/dl><br style=\"clear: both\" \/><dl class='gallery-item'>\n\t\t\t<dt class='gallery-icon portrait'>\n\t\t\t\t<a href='https:\/\/przedszkole-alwernia.pl\/wp-content\/uploads\/2023\/05\/354B6634-90E1-4F02-9C54-D31F9111D0DA.jpeg' title=\"\" data-rl_title=\"\" class=\"rl-gallery-link\" data-rl_caption=\"\" data-rel=\"lightbox-gallery-1\"><img loading=\"lazy\" decoding=\"async\" width=\"150\" height=\"150\" src=\"https:\/\/przedszkole-alwernia.pl\/wp-content\/uploads\/2023\/05\/354B6634-90E1-4F02-9C54-D31F9111D0DA-150x150.jpeg\" class=\"attachment-thumbnail size-thumbnail\" alt=\"\" \/><\/a>\n\t\t\t<\/dt><\/dl><dl class='gallery-item'>\n\t\t\t<dt class='gallery-icon landscape'>\n\t\t\t\t<a href='https:\/\/przedszkole-alwernia.pl\/wp-content\/uploads\/2023\/05\/B5AAE99F-B686-43A2-90E8-25103CA5F820.jpeg' title=\"\" data-rl_title=\"\" class=\"rl-gallery-link\" data-rl_caption=\"\" data-rel=\"lightbox-gallery-1\"><img loading=\"lazy\" decoding=\"async\" width=\"150\" height=\"150\" src=\"https:\/\/przedszkole-alwernia.pl\/wp-content\/uploads\/2023\/05\/B5AAE99F-B686-43A2-90E8-25103CA5F820-150x150.jpeg\" class=\"attachment-thumbnail size-thumbnail\" alt=\"\" \/><\/a>\n\t\t\t<\/dt><\/dl><dl class='gallery-item'>\n\t\t\t<dt class='gallery-icon landscape'>\n\t\t\t\t<a href='https:\/\/przedszkole-alwernia.pl\/wp-content\/uploads\/2023\/05\/9FB209CE-6BEA-4006-A622-34B351AAFB5F.jpeg' title=\"\" data-rl_title=\"\" class=\"rl-gallery-link\" data-rl_caption=\"\" data-rel=\"lightbox-gallery-1\"><img loading=\"lazy\" decoding=\"async\" width=\"150\" height=\"150\" src=\"https:\/\/przedszkole-alwernia.pl\/wp-content\/uploads\/2023\/05\/9FB209CE-6BEA-4006-A622-34B351AAFB5F-150x150.jpeg\" class=\"attachment-thumbnail size-thumbnail\" alt=\"\" \/><\/a>\n\t\t\t<\/dt><\/dl><br style=\"clear: both\" \/><dl class='gallery-item'>\n\t\t\t<dt class='gallery-icon landscape'>\n\t\t\t\t<a href='https:\/\/przedszkole-alwernia.pl\/wp-content\/uploads\/2023\/05\/F7AA957F-5CB3-44C2-9CA7-828C1EB02E22.jpeg' title=\"\" data-rl_title=\"\" class=\"rl-gallery-link\" data-rl_caption=\"\" data-rel=\"lightbox-gallery-1\"><img loading=\"lazy\" decoding=\"async\" width=\"150\" height=\"150\" src=\"https:\/\/przedszkole-alwernia.pl\/wp-content\/uploads\/2023\/05\/F7AA957F-5CB3-44C2-9CA7-828C1EB02E22-150x150.jpeg\" class=\"attachment-thumbnail size-thumbnail\" alt=\"\" \/><\/a>\n\t\t\t<\/dt><\/dl><dl class='gallery-item'>\n\t\t\t<dt class='gallery-icon portrait'>\n\t\t\t\t<a href='https:\/\/przedszkole-alwernia.pl\/wp-content\/uploads\/2023\/05\/BC70BA7D-B069-4006-AE07-0C5B48E4832B-scaled.jpeg' title=\"\" data-rl_title=\"\" class=\"rl-gallery-link\" data-rl_caption=\"\" data-rel=\"lightbox-gallery-1\"><img loading=\"lazy\" decoding=\"async\" width=\"150\" height=\"150\" src=\"https:\/\/przedszkole-alwernia.pl\/wp-content\/uploads\/2023\/05\/BC70BA7D-B069-4006-AE07-0C5B48E4832B-150x150.jpeg\" class=\"attachment-thumbnail size-thumbnail\" alt=\"\" \/><\/a>\n\t\t\t<\/dt><\/dl><dl class='gallery-item'>\n\t\t\t<dt class='gallery-icon landscape'>\n\t\t\t\t<a href='https:\/\/przedszkole-alwernia.pl\/wp-content\/uploads\/2023\/05\/7C324C2F-B0AC-45F4-96F5-5ECB5DD27328.jpeg' title=\"\" data-rl_title=\"\" class=\"rl-gallery-link\" data-rl_caption=\"\" data-rel=\"lightbox-gallery-1\"><img loading=\"lazy\" decoding=\"async\" width=\"150\" height=\"150\" src=\"https:\/\/przedszkole-alwernia.pl\/wp-content\/uploads\/2023\/05\/7C324C2F-B0AC-45F4-96F5-5ECB5DD27328-150x150.jpeg\" class=\"attachment-thumbnail size-thumbnail\" alt=\"\" \/><\/a>\n\t\t\t<\/dt><\/dl><br style=\"clear: both\" \/><dl class='gallery-item'>\n\t\t\t<dt class='gallery-icon landscape'>\n\t\t\t\t<a href='https:\/\/przedszkole-alwernia.pl\/wp-content\/uploads\/2023\/05\/747A8CF3-EB27-41CA-A457-626FD8BB38B0.jpeg' title=\"\" data-rl_title=\"\" class=\"rl-gallery-link\" data-rl_caption=\"\" data-rel=\"lightbox-gallery-1\"><img loading=\"lazy\" decoding=\"async\" width=\"150\" height=\"150\" src=\"https:\/\/przedszkole-alwernia.pl\/wp-content\/uploads\/2023\/05\/747A8CF3-EB27-41CA-A457-626FD8BB38B0-150x150.jpeg\" class=\"attachment-thumbnail size-thumbnail\" alt=\"\" \/><\/a>\n\t\t\t<\/dt><\/dl><dl class='gallery-item'>\n\t\t\t<dt class='gallery-icon portrait'>\n\t\t\t\t<a href='https:\/\/przedszkole-alwernia.pl\/wp-content\/uploads\/2023\/05\/9BD74EDA-0979-4F76-B073-3234F021A311.jpeg' title=\"\" data-rl_title=\"\" class=\"rl-gallery-link\" data-rl_caption=\"\" data-rel=\"lightbox-gallery-1\"><img loading=\"lazy\" decoding=\"async\" width=\"150\" height=\"150\" src=\"https:\/\/przedszkole-alwernia.pl\/wp-content\/uploads\/2023\/05\/9BD74EDA-0979-4F76-B073-3234F021A311-150x150.jpeg\" class=\"attachment-thumbnail size-thumbnail\" alt=\"\" \/><\/a>\n\t\t\t<\/dt><\/dl><dl class='gallery-item'>\n\t\t\t<dt class='gallery-icon portrait'>\n\t\t\t\t<a href='https:\/\/przedszkole-alwernia.pl\/wp-content\/uploads\/2023\/05\/CEFCDC2E-0AA6-401A-AB89-82E0DC1897E3.jpeg' title=\"\" data-rl_title=\"\" class=\"rl-gallery-link\" data-rl_caption=\"\" data-rel=\"lightbox-gallery-1\"><img loading=\"lazy\" decoding=\"async\" width=\"150\" height=\"150\" src=\"https:\/\/przedszkole-alwernia.pl\/wp-content\/uploads\/2023\/05\/CEFCDC2E-0AA6-401A-AB89-82E0DC1897E3-150x150.jpeg\" class=\"attachment-thumbnail size-thumbnail\" alt=\"\" \/><\/a>\n\t\t\t<\/dt><\/dl><br style=\"clear: both\" \/><dl class='gallery-item'>\n\t\t\t<dt class='gallery-icon portrait'>\n\t\t\t\t<a href='https:\/\/przedszkole-alwernia.pl\/wp-content\/uploads\/2023\/05\/8F16676B-6A07-4BA3-AF44-413631913581.jpeg' title=\"\" data-rl_title=\"\" class=\"rl-gallery-link\" data-rl_caption=\"\" data-rel=\"lightbox-gallery-1\"><img loading=\"lazy\" decoding=\"async\" width=\"150\" height=\"150\" src=\"https:\/\/przedszkole-alwernia.pl\/wp-content\/uploads\/2023\/05\/8F16676B-6A07-4BA3-AF44-413631913581-150x150.jpeg\" class=\"attachment-thumbnail size-thumbnail\" alt=\"\" \/><\/a>\n\t\t\t<\/dt><\/dl><dl class='gallery-item'>\n\t\t\t<dt class='gallery-icon portrait'>\n\t\t\t\t<a href='https:\/\/przedszkole-alwernia.pl\/wp-content\/uploads\/2023\/05\/DD61CD38-1AF9-4569-A99F-25C5388A1A8F.jpeg' title=\"\" data-rl_title=\"\" class=\"rl-gallery-link\" data-rl_caption=\"\" data-rel=\"lightbox-gallery-1\"><img loading=\"lazy\" decoding=\"async\" width=\"150\" height=\"150\" src=\"https:\/\/przedszkole-alwernia.pl\/wp-content\/uploads\/2023\/05\/DD61CD38-1AF9-4569-A99F-25C5388A1A8F-150x150.jpeg\" class=\"attachment-thumbnail size-thumbnail\" alt=\"\" \/><\/a>\n\t\t\t<\/dt><\/dl><dl class='gallery-item'>\n\t\t\t<dt class='gallery-icon landscape'>\n\t\t\t\t<a href='https:\/\/przedszkole-alwernia.pl\/wp-content\/uploads\/2023\/05\/05D7ED45-8852-4FB3-9CA8-6F9FC9CD79EB.jpeg' title=\"\" data-rl_title=\"\" class=\"rl-gallery-link\" data-rl_caption=\"\" data-rel=\"lightbox-gallery-1\"><img loading=\"lazy\" decoding=\"async\" width=\"150\" height=\"150\" src=\"https:\/\/przedszkole-alwernia.pl\/wp-content\/uploads\/2023\/05\/05D7ED45-8852-4FB3-9CA8-6F9FC9CD79EB-150x150.jpeg\" class=\"attachment-thumbnail size-thumbnail\" alt=\"\" \/><\/a>\n\t\t\t<\/dt><\/dl><br style=\"clear: both\" \/><dl class='gallery-item'>\n\t\t\t<dt class='gallery-icon landscape'>\n\t\t\t\t<a href='https:\/\/przedszkole-alwernia.pl\/wp-content\/uploads\/2023\/05\/DB0A8CDF-B01F-4195-BC19-B525A9D47B72.jpeg' title=\"\" data-rl_title=\"\" class=\"rl-gallery-link\" data-rl_caption=\"\" data-rel=\"lightbox-gallery-1\"><img loading=\"lazy\" decoding=\"async\" width=\"150\" height=\"150\" src=\"https:\/\/przedszkole-alwernia.pl\/wp-content\/uploads\/2023\/05\/DB0A8CDF-B01F-4195-BC19-B525A9D47B72-150x150.jpeg\" class=\"attachment-thumbnail size-thumbnail\" alt=\"\" \/><\/a>\n\t\t\t<\/dt><\/dl><dl class='gallery-item'>\n\t\t\t<dt class='gallery-icon landscape'>\n\t\t\t\t<a href='https:\/\/przedszkole-alwernia.pl\/wp-content\/uploads\/2023\/05\/54DCB604-D3A3-45F7-B9D5-C9D7071FC51C.jpeg' title=\"\" data-rl_title=\"\" class=\"rl-gallery-link\" data-rl_caption=\"\" data-rel=\"lightbox-gallery-1\"><img loading=\"lazy\" decoding=\"async\" width=\"150\" height=\"150\" src=\"https:\/\/przedszkole-alwernia.pl\/wp-content\/uploads\/2023\/05\/54DCB604-D3A3-45F7-B9D5-C9D7071FC51C-150x150.jpeg\" class=\"attachment-thumbnail size-thumbnail\" alt=\"\" \/><\/a>\n\t\t\t<\/dt><\/dl><dl class='gallery-item'>\n\t\t\t<dt class='gallery-icon portrait'>\n\t\t\t\t<a href='https:\/\/przedszkole-alwernia.pl\/wp-content\/uploads\/2023\/05\/FBBD1625-79D2-4498-8801-93478EEFEF4C.jpeg' title=\"\" data-rl_title=\"\" class=\"rl-gallery-link\" data-rl_caption=\"\" data-rel=\"lightbox-gallery-1\"><img loading=\"lazy\" decoding=\"async\" width=\"150\" height=\"150\" src=\"https:\/\/przedszkole-alwernia.pl\/wp-content\/uploads\/2023\/05\/FBBD1625-79D2-4498-8801-93478EEFEF4C-150x150.jpeg\" class=\"attachment-thumbnail size-thumbnail\" alt=\"\" \/><\/a>\n\t\t\t<\/dt><\/dl><br style=\"clear: both\" \/><dl class='gallery-item'>\n\t\t\t<dt class='gallery-icon landscape'>\n\t\t\t\t<a href='https:\/\/przedszkole-alwernia.pl\/wp-content\/uploads\/2023\/05\/5A2DB4AF-1299-48F6-B52E-1887963CE2A4.jpeg' title=\"\" data-rl_title=\"\" class=\"rl-gallery-link\" data-rl_caption=\"\" data-rel=\"lightbox-gallery-1\"><img loading=\"lazy\" decoding=\"async\" width=\"150\" height=\"150\" src=\"https:\/\/przedszkole-alwernia.pl\/wp-content\/uploads\/2023\/05\/5A2DB4AF-1299-48F6-B52E-1887963CE2A4-150x150.jpeg\" class=\"attachment-thumbnail size-thumbnail\" alt=\"\" \/><\/a>\n\t\t\t<\/dt><\/dl>\n\t\t\t<br style='clear: both' \/>\n\t\t<\/div>\n\n","protected":false},"excerpt":{"rendered":"<p>Przedszkolaki z grup 3,4,5 i 6 pojecha\u0142y na wycieczk\u0119 do Muzeum Lotnictwa Polskiego w Krakowie.<\/p>\n","protected":false},"author":2,"featured_media":0,"comment_status":"open","ping_status":"closed","sticky":false,"template":"","format":"standard","meta":{"footnotes":""},"categories":[1],"tags":[],"class_list":["post-21784","post","type-post","status-publish","format-standard","hentry","category-uncategorized"],"_links":{"self":[{"href":"https:\/\/przedszkole-alwernia.pl\/index.php?rest_route=\/wp\/v2\/posts\/21784","targetHints":{"allow":["GET"]}}],"collection":[{"href":"https:\/\/przedszkole-alwernia.pl\/index.php?rest_route=\/wp\/v2\/posts"}],"about":[{"href":"https:\/\/przedszkole-alwernia.pl\/index.php?rest_route=\/wp\/v2\/types\/post"}],"author":[{"embeddable":true,"href":"https:\/\/przedszkole-alwernia.pl\/index.php?rest_route=\/wp\/v2\/users\/2"}],"replies":[{"embeddable":true,"href":"https:\/\/przedszkole-alwernia.pl\/index.php?rest_route=%2Fwp%2Fv2%2Fcomments&post=21784"}],"version-history":[{"count":1,"href":"https:\/\/przedszkole-alwernia.pl\/index.php?rest_route=\/wp\/v2\/posts\/21784\/revisions"}],"predecessor-version":[{"id":21839,"href":"https:\/\/przedszkole-alwernia.pl\/index.php?rest_route=\/wp\/v2\/posts\/21784\/revisions\/21839"}],"wp:attachment":[{"href":"https:\/\/przedszkole-alwernia.pl\/index.php?rest_route=%2Fwp%2Fv2%2Fmedia&parent=21784"}],"wp:term":[{"taxonomy":"category","embeddable":true,"href":"https:\/\/przedszkole-alwernia.pl\/index.php?rest_route=%2Fwp%2Fv2%2Fcategories&post=21784"},{"taxonomy":"post_tag","embeddable":true,"href":"https:\/\/przedszkole-alwernia.pl\/index.php?rest_route=%2Fwp%2Fv2%2Ftags&post=21784"}],"curies":[{"name":"wp","href":"https:\/\/api.w.org\/{rel}","templated":true}]}}