{"id":21845,"date":"2023-05-16T11:37:55","date_gmt":"2023-05-16T11:37:55","guid":{"rendered":"https:\/\/przedszkole-alwernia.pl\/?p=21845"},"modified":"2023-05-16T11:37:56","modified_gmt":"2023-05-16T11:37:56","slug":"uwolnij-ksiazke","status":"publish","type":"post","link":"https:\/\/przedszkole-alwernia.pl\/?p=21845","title":{"rendered":"Uwolnij ksi\u0105\u017ck\u0119"},"content":{"rendered":"<p><a href=\"https:\/\/przedszkole-alwernia.pl\/wp-content\/uploads\/2023\/05\/D01453F3-B36D-4A2B-8DA8-B3076FDEADDC.jpeg\" data-rel=\"lightbox-image-0\" data-rl_title=\"\" data-rl_caption=\"\" title=\"\"><img loading=\"lazy\" decoding=\"async\" class=\"alignnone size-medium wp-image-21846\" src=\"https:\/\/przedszkole-alwernia.pl\/wp-content\/uploads\/2023\/05\/D01453F3-B36D-4A2B-8DA8-B3076FDEADDC-165x300.jpeg\" alt=\"\" width=\"165\" height=\"300\" srcset=\"https:\/\/przedszkole-alwernia.pl\/wp-content\/uploads\/2023\/05\/D01453F3-B36D-4A2B-8DA8-B3076FDEADDC-165x300.jpeg 165w, https:\/\/przedszkole-alwernia.pl\/wp-content\/uploads\/2023\/05\/D01453F3-B36D-4A2B-8DA8-B3076FDEADDC-564x1024.jpeg 564w, https:\/\/przedszkole-alwernia.pl\/wp-content\/uploads\/2023\/05\/D01453F3-B36D-4A2B-8DA8-B3076FDEADDC-768x1394.jpeg 768w, https:\/\/przedszkole-alwernia.pl\/wp-content\/uploads\/2023\/05\/D01453F3-B36D-4A2B-8DA8-B3076FDEADDC-846x1536.jpeg 846w, https:\/\/przedszkole-alwernia.pl\/wp-content\/uploads\/2023\/05\/D01453F3-B36D-4A2B-8DA8-B3076FDEADDC.jpeg 1128w\" sizes=\"auto, (max-width: 165px) 100vw, 165px\" \/><\/a><\/p>\n<p>Ruszamy z akcj\u0105 &#8222;Uwolnij ksi\u0105\u017ck\u0119&#8221;.W my\u015bl has\u0142a: &#8222;Ksi\u0105\u017cki nie lubi\u0105 by\u0107 wi\u0119zione w domu na p\u00f3\u0142kach, wol\u0105 kr\u0105\u017cy\u0107 z r\u0105k do r\u0105k i by\u0107 czytane&#8221;<!--more--> &#8211; podziel si\u0119 ksi\u0105\u017ck\u0105, nieodp\u0142atnie zostawiaj\u0105c j\u0105 na regale w przedszkolu. Ide\u0105 akcji jest wymienianie si\u0119 ksi\u0105\u017ckami, poczytaj i przeka\u017c dalej. Akacja skierowana jest do wszystkich czytelnik\u00f3w, zar\u00f3wno doros\u0142ych jak i dzieci. Zach\u0119camy do przynoszenia ksi\u0105\u017cek r\u00f3\u017cnego rodzaju. Uwolnij ksi\u0105\u017ck\u0119 &#8211; je\u015bli chcesz, zabierz inn\u0105 do domu.<\/p>\n","protected":false},"excerpt":{"rendered":"<p>Ruszamy z akcj\u0105 &#8222;Uwolnij ksi\u0105\u017ck\u0119&#8221;.W my\u015bl has\u0142a: &#8222;Ksi\u0105\u017cki nie lubi\u0105 by\u0107 wi\u0119zione w domu na p\u00f3\u0142kach, wol\u0105 kr\u0105\u017cy\u0107 z r\u0105k do r\u0105k i by\u0107 czytane&#8221;<\/p>\n","protected":false},"author":2,"featured_media":0,"comment_status":"open","ping_status":"closed","sticky":false,"template":"","format":"standard","meta":{"footnotes":""},"categories":[1],"tags":[],"class_list":["post-21845","post","type-post","status-publish","format-standard","hentry","category-uncategorized"],"_links":{"self":[{"href":"https:\/\/przedszkole-alwernia.pl\/index.php?rest_route=\/wp\/v2\/posts\/21845","targetHints":{"allow":["GET"]}}],"collection":[{"href":"https:\/\/przedszkole-alwernia.pl\/index.php?rest_route=\/wp\/v2\/posts"}],"about":[{"href":"https:\/\/przedszkole-alwernia.pl\/index.php?rest_route=\/wp\/v2\/types\/post"}],"author":[{"embeddable":true,"href":"https:\/\/przedszkole-alwernia.pl\/index.php?rest_route=\/wp\/v2\/users\/2"}],"replies":[{"embeddable":true,"href":"https:\/\/przedszkole-alwernia.pl\/index.php?rest_route=%2Fwp%2Fv2%2Fcomments&post=21845"}],"version-history":[{"count":1,"href":"https:\/\/przedszkole-alwernia.pl\/index.php?rest_route=\/wp\/v2\/posts\/21845\/revisions"}],"predecessor-version":[{"id":21847,"href":"https:\/\/przedszkole-alwernia.pl\/index.php?rest_route=\/wp\/v2\/posts\/21845\/revisions\/21847"}],"wp:attachment":[{"href":"https:\/\/przedszkole-alwernia.pl\/index.php?rest_route=%2Fwp%2Fv2%2Fmedia&parent=21845"}],"wp:term":[{"taxonomy":"category","embeddable":true,"href":"https:\/\/przedszkole-alwernia.pl\/index.php?rest_route=%2Fwp%2Fv2%2Fcategories&post=21845"},{"taxonomy":"post_tag","embeddable":true,"href":"https:\/\/przedszkole-alwernia.pl\/index.php?rest_route=%2Fwp%2Fv2%2Ftags&post=21845"}],"curies":[{"name":"wp","href":"https:\/\/api.w.org\/{rel}","templated":true}]}}