{"id":21899,"date":"2023-05-28T18:10:32","date_gmt":"2023-05-28T18:10:32","guid":{"rendered":"https:\/\/przedszkole-alwernia.pl\/?p=21899"},"modified":"2023-05-28T18:23:07","modified_gmt":"2023-05-28T18:23:07","slug":"konkurs-recytatorski-moj-ulubiony-wiersz","status":"publish","type":"post","link":"https:\/\/przedszkole-alwernia.pl\/?p=21899","title":{"rendered":"Konkurs recytatorski ,,M\u00f3j ulubiony wiersz\u201d"},"content":{"rendered":"<p>Szanowni Rodzice!<\/p>\n<p>Serdecznie zapraszamy wszystkie ch\u0119tne dzieci do udzia\u0142u w przedszkolnym konkursie recytatorskim &#8222;M\u00f3j ulubiony wiersz&#8221;. Zg\u0142oszenia przyjmuj\u0105 wychowawcy grup do 2.06.2023r.<br \/>\nTermin konkursu zostanie og\u0142oszony 5.06.2023 r.<\/p>\n<p><!--more--><\/p>\n<p class=\"s3\"><span class=\"s2\">Regulamin przedszkolnego konkursu recytatorskiego<\/span><\/p>\n<p class=\"s3\"><span class=\"s5\">\u201e<\/span><span class=\"s5\">M\u00f3j ulubiony wiersz<\/span><span class=\"s5\">&#8222;<\/span><\/p>\n<p class=\"s6\">\n<p class=\"s8\"><span class=\"s7\"><span class=\"bumpedFont15\">1. Organizatorem konkursu jest Przedszkole Samorz\u0105dowe \u201eT\u0119czowa Kraina&#8221; w Alwerni z fili\u0105 w Grojcu.<\/span><\/span><\/p>\n<p class=\"s8\">\n<p class=\"s8\"><span class=\"s7\"><span class=\"bumpedFont15\">2. Konkurs adresowany jest do dzieci z wszystkich grup wiekowych.<\/span><\/span><\/p>\n<p class=\"s8\">\n<p class=\"s8\"><span class=\"s7\"><span class=\"bumpedFont15\">3. Celem konku<\/span><\/span><span class=\"s7\"><span class=\"bumpedFont15\">rsu jest:<\/span><\/span><\/p>\n<p class=\"s8\"><span class=\"s7\"><span class=\"bumpedFont15\">&#8211; uwra\u017cliwianie dzieci i doros\u0142ych na pi\u0119kno literatury dzieci\u0119cej<\/span><\/span><\/p>\n<p class=\"s8\"><span class=\"s7\"><span class=\"bumpedFont15\">&#8211; rozwijanie kompetencji czytelniczych u dzieci<\/span><\/span><\/p>\n<p class=\"s8\"><span class=\"s7\"><span class=\"bumpedFont15\">&#8211;<\/span><\/span><span class=\"s7\"><span class=\"bumpedFont15\">popularyzacja literatury dzieci\u0119cej w\u015br\u00f3d rodzic\u00f3w i dzieci oraz rozwijanie uzdolnie\u0144 recytatorskich<\/span><\/span><\/p>\n<p class=\"s8\">\n<p class=\"s8\"><span class=\"s7\"><span class=\"bumpedFont15\">4. Termin konkursu:<\/span><\/span><\/p>\n<p class=\"s8\"><span class=\"s7\"><span class=\"bumpedFont15\">Zg\u0142oszenia do konkursu przyjmujemy do <\/span><\/span><span class=\"s7\"><span class=\"bumpedFont15\">2<\/span><\/span><span class=\"s7\"><span class=\"bumpedFont15\">czerwca<\/span><\/span><span class=\"s7\"><span class=\"bumpedFont15\"> 202<\/span><\/span><span class=\"s7\"><span class=\"bumpedFont15\">3<\/span><\/span><span class=\"s7\"><span class=\"bumpedFont15\">r.<\/span><\/span><\/p>\n<p class=\"s8\"><span class=\"s7\"><span class=\"bumpedFont15\">Termin przeprowadzenia konkursu og\u0142oszony b\u0119dzie <\/span><\/span><span class=\"s7\"><span class=\"bumpedFont15\">5<\/span><\/span> <span class=\"s7\"><span class=\"bumpedFont15\">czerwca<\/span><\/span><span class=\"s7\"><span class=\"bumpedFont15\"> 202<\/span><\/span><span class=\"s7\"><span class=\"bumpedFont15\">3<\/span><\/span><span class=\"s7\"><span class=\"bumpedFont15\">r<\/span><\/span><span class=\"s7\"><span class=\"bumpedFont15\">.<\/span><\/span><\/p>\n<p class=\"s8\">\n<p class=\"s8\"><span class=\"s7\"><span class=\"bumpedFont15\">5. Uczestnik\u00f3w ocenia powo\u0142ane przez organizatora jury,<br \/>\nna drodze tajnego glosowania.<\/span><\/span><\/p>\n<p class=\"s8\">\n<p class=\"s8\"><span class=\"s7\"><span class=\"bumpedFont15\">6. Kryteria oceniania:<\/span><\/span><\/p>\n<p class=\"s8\"><span class=\"s7\"><span class=\"bumpedFont15\">&#8211; walory j\u0119zykowe, wizualne, dob\u00f3r repertuaru<\/span><\/span><\/p>\n<p class=\"s8\"><span class=\"s7\"><span class=\"bumpedFont15\">&#8211;<\/span><\/span><span class=\"s7\"><span class=\"bumpedFont15\"> staranna ( w miar\u0119 mo\u017cliwo\u015bci dziecka) wymowa<\/span><\/span><\/p>\n<p class=\"s8\"><span class=\"s7\"><span class=\"bumpedFont15\">&#8211; oryginalno\u015b\u0107 wyst\u0119pu <\/span><\/span><span class=\"s7\"><span class=\"bumpedFont15\">oraz <\/span><\/span><span class=\"s7\"><span class=\"bumpedFont15\">og\u00f3lne wra\u017cenia artystyczne<\/span><\/span><\/p>\n<p class=\"s8\">\n<p class=\"s8\"><span class=\"s9\"><span class=\"bumpedFont15\">7. Wy\u0142onieni laureaci otrzymaj\u0105 upominki.<\/span><\/span><\/p>\n","protected":false},"excerpt":{"rendered":"<p>Szanowni Rodzice! Serdecznie zapraszamy wszystkie ch\u0119tne dzieci do udzia\u0142u w przedszkolnym konkursie recytatorskim &#8222;M\u00f3j ulubiony wiersz&#8221;. Zg\u0142oszenia przyjmuj\u0105 wychowawcy grup do 2.06.2023r. Termin konkursu zostanie og\u0142oszony 5.06.2023 r.<\/p>\n","protected":false},"author":2,"featured_media":0,"comment_status":"open","ping_status":"closed","sticky":false,"template":"","format":"standard","meta":{"footnotes":""},"categories":[1],"tags":[],"class_list":["post-21899","post","type-post","status-publish","format-standard","hentry","category-uncategorized"],"_links":{"self":[{"href":"https:\/\/przedszkole-alwernia.pl\/index.php?rest_route=\/wp\/v2\/posts\/21899","targetHints":{"allow":["GET"]}}],"collection":[{"href":"https:\/\/przedszkole-alwernia.pl\/index.php?rest_route=\/wp\/v2\/posts"}],"about":[{"href":"https:\/\/przedszkole-alwernia.pl\/index.php?rest_route=\/wp\/v2\/types\/post"}],"author":[{"embeddable":true,"href":"https:\/\/przedszkole-alwernia.pl\/index.php?rest_route=\/wp\/v2\/users\/2"}],"replies":[{"embeddable":true,"href":"https:\/\/przedszkole-alwernia.pl\/index.php?rest_route=%2Fwp%2Fv2%2Fcomments&post=21899"}],"version-history":[{"count":3,"href":"https:\/\/przedszkole-alwernia.pl\/index.php?rest_route=\/wp\/v2\/posts\/21899\/revisions"}],"predecessor-version":[{"id":21905,"href":"https:\/\/przedszkole-alwernia.pl\/index.php?rest_route=\/wp\/v2\/posts\/21899\/revisions\/21905"}],"wp:attachment":[{"href":"https:\/\/przedszkole-alwernia.pl\/index.php?rest_route=%2Fwp%2Fv2%2Fmedia&parent=21899"}],"wp:term":[{"taxonomy":"category","embeddable":true,"href":"https:\/\/przedszkole-alwernia.pl\/index.php?rest_route=%2Fwp%2Fv2%2Fcategories&post=21899"},{"taxonomy":"post_tag","embeddable":true,"href":"https:\/\/przedszkole-alwernia.pl\/index.php?rest_route=%2Fwp%2Fv2%2Ftags&post=21899"}],"curies":[{"name":"wp","href":"https:\/\/api.w.org\/{rel}","templated":true}]}}