{"id":22188,"date":"2023-06-13T19:40:59","date_gmt":"2023-06-13T19:40:59","guid":{"rendered":"https:\/\/przedszkole-alwernia.pl\/?p=22188"},"modified":"2023-06-13T19:40:59","modified_gmt":"2023-06-13T19:40:59","slug":"ogloszenie-13","status":"publish","type":"post","link":"https:\/\/przedszkole-alwernia.pl\/?p=22188","title":{"rendered":"Ogloszenie"},"content":{"rendered":"<p>Dzie\u0144 Otwarty dla dzieci kt\u00f3re 1 wrze\u015bnia rozpoczn\u0105 edukacj\u0119 przedszkoln\u0105 w Przedszkolu T\u0119czowa Kraina odb\u0119dzie si\u0119 27 czerwca wtorek o godzinie 15.00. Zapraszamy<\/p>\n","protected":false},"excerpt":{"rendered":"<p>Dzie\u0144 Otwarty dla dzieci kt\u00f3re 1 wrze\u015bnia rozpoczn\u0105 edukacj\u0119 przedszkoln\u0105 w Przedszkolu T\u0119czowa Kraina odb\u0119dzie si\u0119 27 czerwca wtorek o godzinie 15.00. Zapraszamy<\/p>\n","protected":false},"author":2,"featured_media":0,"comment_status":"open","ping_status":"closed","sticky":false,"template":"","format":"standard","meta":{"footnotes":""},"categories":[1],"tags":[],"class_list":["post-22188","post","type-post","status-publish","format-standard","hentry","category-uncategorized"],"_links":{"self":[{"href":"https:\/\/przedszkole-alwernia.pl\/index.php?rest_route=\/wp\/v2\/posts\/22188","targetHints":{"allow":["GET"]}}],"collection":[{"href":"https:\/\/przedszkole-alwernia.pl\/index.php?rest_route=\/wp\/v2\/posts"}],"about":[{"href":"https:\/\/przedszkole-alwernia.pl\/index.php?rest_route=\/wp\/v2\/types\/post"}],"author":[{"embeddable":true,"href":"https:\/\/przedszkole-alwernia.pl\/index.php?rest_route=\/wp\/v2\/users\/2"}],"replies":[{"embeddable":true,"href":"https:\/\/przedszkole-alwernia.pl\/index.php?rest_route=%2Fwp%2Fv2%2Fcomments&post=22188"}],"version-history":[{"count":2,"href":"https:\/\/przedszkole-alwernia.pl\/index.php?rest_route=\/wp\/v2\/posts\/22188\/revisions"}],"predecessor-version":[{"id":22207,"href":"https:\/\/przedszkole-alwernia.pl\/index.php?rest_route=\/wp\/v2\/posts\/22188\/revisions\/22207"}],"wp:attachment":[{"href":"https:\/\/przedszkole-alwernia.pl\/index.php?rest_route=%2Fwp%2Fv2%2Fmedia&parent=22188"}],"wp:term":[{"taxonomy":"category","embeddable":true,"href":"https:\/\/przedszkole-alwernia.pl\/index.php?rest_route=%2Fwp%2Fv2%2Fcategories&post=22188"},{"taxonomy":"post_tag","embeddable":true,"href":"https:\/\/przedszkole-alwernia.pl\/index.php?rest_route=%2Fwp%2Fv2%2Ftags&post=22188"}],"curies":[{"name":"wp","href":"https:\/\/api.w.org\/{rel}","templated":true}]}}