{"id":22288,"date":"2023-06-20T06:43:11","date_gmt":"2023-06-20T06:43:11","guid":{"rendered":"https:\/\/przedszkole-alwernia.pl\/?p=22288"},"modified":"2023-06-20T06:43:14","modified_gmt":"2023-06-20T06:43:14","slug":"festiwal-artystyczny-dzieci-i-mlodziezy-fadim-2","status":"publish","type":"post","link":"https:\/\/przedszkole-alwernia.pl\/?p=22288","title":{"rendered":"Festiwal Artystyczny Dzieci i M\u0142odzie\u017cy FADiM\u00a0"},"content":{"rendered":"<p><a href=\"https:\/\/przedszkole-alwernia.pl\/wp-content\/uploads\/2023\/06\/A07E8F00-88E2-4364-B33C-A048615DFE30.jpeg\" data-rel=\"lightbox-image-0\" data-rl_title=\"\" data-rl_caption=\"\" title=\"\"><img loading=\"lazy\" decoding=\"async\" class=\"alignnone size-medium wp-image-22286\" src=\"https:\/\/przedszkole-alwernia.pl\/wp-content\/uploads\/2023\/06\/A07E8F00-88E2-4364-B33C-A048615DFE30-300x225.jpeg\" alt=\"\" width=\"300\" height=\"225\" srcset=\"https:\/\/przedszkole-alwernia.pl\/wp-content\/uploads\/2023\/06\/A07E8F00-88E2-4364-B33C-A048615DFE30-300x225.jpeg 300w, https:\/\/przedszkole-alwernia.pl\/wp-content\/uploads\/2023\/06\/A07E8F00-88E2-4364-B33C-A048615DFE30-1024x768.jpeg 1024w, https:\/\/przedszkole-alwernia.pl\/wp-content\/uploads\/2023\/06\/A07E8F00-88E2-4364-B33C-A048615DFE30-768x576.jpeg 768w, https:\/\/przedszkole-alwernia.pl\/wp-content\/uploads\/2023\/06\/A07E8F00-88E2-4364-B33C-A048615DFE30-1536x1152.jpeg 1536w, https:\/\/przedszkole-alwernia.pl\/wp-content\/uploads\/2023\/06\/A07E8F00-88E2-4364-B33C-A048615DFE30.jpeg 1600w\" sizes=\"auto, (max-width: 300px) 100vw, 300px\" \/><\/a><\/p>\n<p>2 czerwca 2023r. w Remizie Ochotniczej Stra\u017cy Po\u017carnej w Alwerni odby\u0142 si\u0119 Festiwal Artystyczny Dzieci i M\u0142odzie\u017cy FADiM pod Honorowym Patronatem Burmistrz Gminy Alwernia Beaty Nadziei-Szpili.<!--more--> Organizatorem Festiwalu by\u0142 Samorz\u0105dowy O\u015brodek Kultury w Alwerni. W Festiwalu udzia\u0142 wzi\u0119\u0142y dzieci i m\u0142odzie\u017c z terenu gminy Alwernia.<br \/>\nKomisja w sk\u0142adzie:<br \/>\n1. Klaudia \u0141abaj \u2013 instruktor zaj\u0119\u0107 taneczno-ruchowych, certyfikowany instruktor fitness. Prowadzi zaj\u0119cia taneczne dla dzieci i m\u0142odzie\u017cy w przedszkolach, szko\u0142ach podstawowych oraz dla doros\u0142ych.<br \/>\n2. Jerzy Ziegler \u2013 muzyk, aran\u017cer, za\u0142o\u017cyciel i kierownik big bandu oraz instruktor studia piosenki \u201epod tytu\u0142em\u201d w Miejskim O\u015brodku Kultury Sportu i Rekreacji w Chrzanowie.<br \/>\n3. Elwira Ko\u0142odziejczyk &#8211; muzyk, wokalistka, animator kultury<br \/>\npo przes\u0142uchaniu m\u0142odych wykonawc\u00f3w postanowi\u0142a przyzna\u0107 nagrody i wyr\u00f3\u017cnienia.<br \/>\nw kategorii: forma muzyczna &#8211; soli\u015bci (Przedszkola)<\/p>\n<p>II miejsce &#8211; Dominika Bolech<\/p>\n<p>III miejsce &#8211; Aleksandra Nowak<\/p>\n<p>w kategorii: Forma taneczna (Przedszkola):<\/p>\n<p>&#8211; Grupa Przedszkolna \u201eT\u0119czowa Kraina\u201d (PS Alwernia)<\/p>\n<p>&#8211; zesp\u00f3\u0142 &#8211; Martyna Targosz i Patryk Jastrz\u0119bski (PS Grojec) &#8211; duet<\/p>\n<p>Laureaci wyst\u0105pili na Dniach Alwerni.<\/p>\n<div id='gallery-1' class='gallery galleryid-22288 gallery-columns-3 gallery-size-thumbnail'><dl class='gallery-item'>\n\t\t\t<dt class='gallery-icon landscape'>\n\t\t\t\t<a href='https:\/\/przedszkole-alwernia.pl\/wp-content\/uploads\/2023\/06\/A07E8F00-88E2-4364-B33C-A048615DFE30.jpeg' title=\"\" data-rl_title=\"\" class=\"rl-gallery-link\" data-rl_caption=\"\" data-rel=\"lightbox-gallery-1\"><img loading=\"lazy\" decoding=\"async\" width=\"150\" height=\"150\" src=\"https:\/\/przedszkole-alwernia.pl\/wp-content\/uploads\/2023\/06\/A07E8F00-88E2-4364-B33C-A048615DFE30-150x150.jpeg\" class=\"attachment-thumbnail size-thumbnail\" alt=\"\" \/><\/a>\n\t\t\t<\/dt><\/dl><dl class='gallery-item'>\n\t\t\t<dt class='gallery-icon landscape'>\n\t\t\t\t<a href='https:\/\/przedszkole-alwernia.pl\/wp-content\/uploads\/2023\/06\/033B16EE-8053-4CFC-A90B-982FE706BC81.jpeg' title=\"\" data-rl_title=\"\" class=\"rl-gallery-link\" data-rl_caption=\"\" data-rel=\"lightbox-gallery-1\"><img loading=\"lazy\" decoding=\"async\" width=\"150\" height=\"150\" src=\"https:\/\/przedszkole-alwernia.pl\/wp-content\/uploads\/2023\/06\/033B16EE-8053-4CFC-A90B-982FE706BC81-150x150.jpeg\" class=\"attachment-thumbnail size-thumbnail\" alt=\"\" \/><\/a>\n\t\t\t<\/dt><\/dl><dl class='gallery-item'>\n\t\t\t<dt class='gallery-icon portrait'>\n\t\t\t\t<a href='https:\/\/przedszkole-alwernia.pl\/wp-content\/uploads\/2023\/06\/3267F19D-8873-452B-A076-E00D47099514.jpeg' title=\"\" data-rl_title=\"\" class=\"rl-gallery-link\" data-rl_caption=\"\" data-rel=\"lightbox-gallery-1\"><img loading=\"lazy\" decoding=\"async\" width=\"150\" height=\"150\" src=\"https:\/\/przedszkole-alwernia.pl\/wp-content\/uploads\/2023\/06\/3267F19D-8873-452B-A076-E00D47099514-150x150.jpeg\" class=\"attachment-thumbnail size-thumbnail\" alt=\"\" \/><\/a>\n\t\t\t<\/dt><\/dl><br style=\"clear: both\" \/><dl class='gallery-item'>\n\t\t\t<dt class='gallery-icon landscape'>\n\t\t\t\t<a href='https:\/\/przedszkole-alwernia.pl\/wp-content\/uploads\/2023\/06\/D3ACC3E1-AD98-4317-90A5-80DF288A762C.jpeg' title=\"\" data-rl_title=\"\" class=\"rl-gallery-link\" data-rl_caption=\"\" data-rel=\"lightbox-gallery-1\"><img loading=\"lazy\" decoding=\"async\" width=\"150\" height=\"150\" src=\"https:\/\/przedszkole-alwernia.pl\/wp-content\/uploads\/2023\/06\/D3ACC3E1-AD98-4317-90A5-80DF288A762C-150x150.jpeg\" class=\"attachment-thumbnail size-thumbnail\" alt=\"\" \/><\/a>\n\t\t\t<\/dt><\/dl><dl class='gallery-item'>\n\t\t\t<dt class='gallery-icon portrait'>\n\t\t\t\t<a href='https:\/\/przedszkole-alwernia.pl\/wp-content\/uploads\/2023\/06\/9D2A21FE-841E-4B57-AF92-D7C036B98468.jpeg' title=\"\" data-rl_title=\"\" class=\"rl-gallery-link\" data-rl_caption=\"\" data-rel=\"lightbox-gallery-1\"><img loading=\"lazy\" decoding=\"async\" width=\"150\" height=\"150\" src=\"https:\/\/przedszkole-alwernia.pl\/wp-content\/uploads\/2023\/06\/9D2A21FE-841E-4B57-AF92-D7C036B98468-150x150.jpeg\" class=\"attachment-thumbnail size-thumbnail\" alt=\"\" \/><\/a>\n\t\t\t<\/dt><\/dl><dl class='gallery-item'>\n\t\t\t<dt class='gallery-icon portrait'>\n\t\t\t\t<a href='https:\/\/przedszkole-alwernia.pl\/wp-content\/uploads\/2023\/06\/EA4E640B-8391-468B-BAB8-505656A4D2FC.jpeg' title=\"\" data-rl_title=\"\" class=\"rl-gallery-link\" data-rl_caption=\"\" data-rel=\"lightbox-gallery-1\"><img loading=\"lazy\" decoding=\"async\" width=\"150\" height=\"150\" src=\"https:\/\/przedszkole-alwernia.pl\/wp-content\/uploads\/2023\/06\/EA4E640B-8391-468B-BAB8-505656A4D2FC-150x150.jpeg\" class=\"attachment-thumbnail size-thumbnail\" alt=\"\" \/><\/a>\n\t\t\t<\/dt><\/dl><br style=\"clear: both\" \/><dl class='gallery-item'>\n\t\t\t<dt class='gallery-icon portrait'>\n\t\t\t\t<a href='https:\/\/przedszkole-alwernia.pl\/wp-content\/uploads\/2023\/06\/92EBF2B8-1BC3-4E4F-A468-8DB496AF5C38.jpeg' title=\"\" data-rl_title=\"\" class=\"rl-gallery-link\" data-rl_caption=\"\" data-rel=\"lightbox-gallery-1\"><img loading=\"lazy\" decoding=\"async\" width=\"150\" height=\"150\" src=\"https:\/\/przedszkole-alwernia.pl\/wp-content\/uploads\/2023\/06\/92EBF2B8-1BC3-4E4F-A468-8DB496AF5C38-150x150.jpeg\" class=\"attachment-thumbnail size-thumbnail\" alt=\"\" \/><\/a>\n\t\t\t<\/dt><\/dl><dl class='gallery-item'>\n\t\t\t<dt class='gallery-icon landscape'>\n\t\t\t\t<a href='https:\/\/przedszkole-alwernia.pl\/wp-content\/uploads\/2023\/06\/C5682168-0D89-4FA9-9B5E-3F627AC0F8DC.jpeg' title=\"\" data-rl_title=\"\" class=\"rl-gallery-link\" data-rl_caption=\"\" data-rel=\"lightbox-gallery-1\"><img loading=\"lazy\" decoding=\"async\" width=\"150\" height=\"150\" src=\"https:\/\/przedszkole-alwernia.pl\/wp-content\/uploads\/2023\/06\/C5682168-0D89-4FA9-9B5E-3F627AC0F8DC-150x150.jpeg\" class=\"attachment-thumbnail size-thumbnail\" alt=\"\" \/><\/a>\n\t\t\t<\/dt><\/dl><dl class='gallery-item'>\n\t\t\t<dt class='gallery-icon landscape'>\n\t\t\t\t<a href='https:\/\/przedszkole-alwernia.pl\/wp-content\/uploads\/2023\/06\/6A27E941-ADD0-4D9C-B3CB-AB97AAC1D98B.jpeg' title=\"\" data-rl_title=\"\" class=\"rl-gallery-link\" data-rl_caption=\"\" data-rel=\"lightbox-gallery-1\"><img loading=\"lazy\" decoding=\"async\" width=\"150\" height=\"150\" src=\"https:\/\/przedszkole-alwernia.pl\/wp-content\/uploads\/2023\/06\/6A27E941-ADD0-4D9C-B3CB-AB97AAC1D98B-150x150.jpeg\" class=\"attachment-thumbnail size-thumbnail\" alt=\"\" \/><\/a>\n\t\t\t<\/dt><\/dl><br style=\"clear: both\" \/>\n\t\t<\/div>\n\n","protected":false},"excerpt":{"rendered":"<p>2 czerwca 2023r. w Remizie Ochotniczej Stra\u017cy Po\u017carnej w Alwerni odby\u0142 si\u0119 Festiwal Artystyczny Dzieci i M\u0142odzie\u017cy FADiM pod Honorowym Patronatem Burmistrz Gminy Alwernia Beaty Nadziei-Szpili.<\/p>\n","protected":false},"author":2,"featured_media":0,"comment_status":"open","ping_status":"closed","sticky":false,"template":"","format":"standard","meta":{"footnotes":""},"categories":[1],"tags":[],"class_list":["post-22288","post","type-post","status-publish","format-standard","hentry","category-uncategorized"],"_links":{"self":[{"href":"https:\/\/przedszkole-alwernia.pl\/index.php?rest_route=\/wp\/v2\/posts\/22288","targetHints":{"allow":["GET"]}}],"collection":[{"href":"https:\/\/przedszkole-alwernia.pl\/index.php?rest_route=\/wp\/v2\/posts"}],"about":[{"href":"https:\/\/przedszkole-alwernia.pl\/index.php?rest_route=\/wp\/v2\/types\/post"}],"author":[{"embeddable":true,"href":"https:\/\/przedszkole-alwernia.pl\/index.php?rest_route=\/wp\/v2\/users\/2"}],"replies":[{"embeddable":true,"href":"https:\/\/przedszkole-alwernia.pl\/index.php?rest_route=%2Fwp%2Fv2%2Fcomments&post=22288"}],"version-history":[{"count":1,"href":"https:\/\/przedszkole-alwernia.pl\/index.php?rest_route=\/wp\/v2\/posts\/22288\/revisions"}],"predecessor-version":[{"id":22289,"href":"https:\/\/przedszkole-alwernia.pl\/index.php?rest_route=\/wp\/v2\/posts\/22288\/revisions\/22289"}],"wp:attachment":[{"href":"https:\/\/przedszkole-alwernia.pl\/index.php?rest_route=%2Fwp%2Fv2%2Fmedia&parent=22288"}],"wp:term":[{"taxonomy":"category","embeddable":true,"href":"https:\/\/przedszkole-alwernia.pl\/index.php?rest_route=%2Fwp%2Fv2%2Fcategories&post=22288"},{"taxonomy":"post_tag","embeddable":true,"href":"https:\/\/przedszkole-alwernia.pl\/index.php?rest_route=%2Fwp%2Fv2%2Ftags&post=22288"}],"curies":[{"name":"wp","href":"https:\/\/api.w.org\/{rel}","templated":true}]}}