{"id":22412,"date":"2023-06-23T13:14:51","date_gmt":"2023-06-23T13:14:51","guid":{"rendered":"https:\/\/przedszkole-alwernia.pl\/?p=22412"},"modified":"2023-06-23T13:28:30","modified_gmt":"2023-06-23T13:28:30","slug":"konkurs-plastyczny-dbam-o-wode","status":"publish","type":"post","link":"https:\/\/przedszkole-alwernia.pl\/?p=22412","title":{"rendered":"Konkurs plastyczny ,,Dbam o wod\u0119\u201d"},"content":{"rendered":"<p><a href=\"https:\/\/przedszkole-alwernia.pl\/wp-content\/uploads\/2023\/06\/13CF1431-BE19-4830-A217-ACCA0B557856-scaled.jpeg\" data-rel=\"lightbox-image-0\" data-rl_title=\"\" data-rl_caption=\"\" title=\"\"><img loading=\"lazy\" decoding=\"async\" class=\"alignnone size-medium wp-image-22331\" src=\"https:\/\/przedszkole-alwernia.pl\/wp-content\/uploads\/2023\/06\/13CF1431-BE19-4830-A217-ACCA0B557856-225x300.jpeg\" alt=\"\" width=\"225\" height=\"300\" srcset=\"https:\/\/przedszkole-alwernia.pl\/wp-content\/uploads\/2023\/06\/13CF1431-BE19-4830-A217-ACCA0B557856-225x300.jpeg 225w, https:\/\/przedszkole-alwernia.pl\/wp-content\/uploads\/2023\/06\/13CF1431-BE19-4830-A217-ACCA0B557856-768x1024.jpeg 768w, https:\/\/przedszkole-alwernia.pl\/wp-content\/uploads\/2023\/06\/13CF1431-BE19-4830-A217-ACCA0B557856-1152x1536.jpeg 1152w, https:\/\/przedszkole-alwernia.pl\/wp-content\/uploads\/2023\/06\/13CF1431-BE19-4830-A217-ACCA0B557856-1536x2048.jpeg 1536w, https:\/\/przedszkole-alwernia.pl\/wp-content\/uploads\/2023\/06\/13CF1431-BE19-4830-A217-ACCA0B557856-scaled.jpeg 1920w\" sizes=\"auto, (max-width: 225px) 100vw, 225px\" \/><\/a><\/p>\n<p>W \u015brod\u0119 21 czerwca nast\u0105pi\u0142o rozstrzygni\u0119cie konkursu ,,Dbam o wod\u0119\u201d zorganizowanego w ramach projektu ,,Woda si\u0142y doda\u201d.<!--more--><\/p>\n<p>W konkursie wzi\u0119\u0142o udzia\u0142 27 dzieci z Alwerni i Grojca. Wszystkie prace zosta\u0142y nagrodzone.<br \/>\nGratulujemy!<\/p>\n<div id='gallery-1' class='gallery galleryid-22412 gallery-columns-3 gallery-size-thumbnail'><dl class='gallery-item'>\n\t\t\t<dt class='gallery-icon landscape'>\n\t\t\t\t<a href='https:\/\/przedszkole-alwernia.pl\/wp-content\/uploads\/2023\/06\/3196AC0A-1BDE-47F6-9CF6-00B7B9EB38FB-scaled.jpeg' title=\"\" data-rl_title=\"\" class=\"rl-gallery-link\" data-rl_caption=\"\" data-rel=\"lightbox-gallery-1\"><img loading=\"lazy\" decoding=\"async\" width=\"150\" height=\"150\" src=\"https:\/\/przedszkole-alwernia.pl\/wp-content\/uploads\/2023\/06\/3196AC0A-1BDE-47F6-9CF6-00B7B9EB38FB-150x150.jpeg\" class=\"attachment-thumbnail size-thumbnail\" alt=\"\" \/><\/a>\n\t\t\t<\/dt><\/dl><dl class='gallery-item'>\n\t\t\t<dt class='gallery-icon portrait'>\n\t\t\t\t<a href='https:\/\/przedszkole-alwernia.pl\/wp-content\/uploads\/2023\/06\/1E7DCE2F-255E-4665-AD35-3B732CE0FD6D-scaled.jpeg' title=\"\" data-rl_title=\"\" class=\"rl-gallery-link\" data-rl_caption=\"\" data-rel=\"lightbox-gallery-1\"><img loading=\"lazy\" decoding=\"async\" width=\"150\" height=\"150\" src=\"https:\/\/przedszkole-alwernia.pl\/wp-content\/uploads\/2023\/06\/1E7DCE2F-255E-4665-AD35-3B732CE0FD6D-150x150.jpeg\" class=\"attachment-thumbnail size-thumbnail\" alt=\"\" \/><\/a>\n\t\t\t<\/dt><\/dl><dl class='gallery-item'>\n\t\t\t<dt class='gallery-icon portrait'>\n\t\t\t\t<a href='https:\/\/przedszkole-alwernia.pl\/wp-content\/uploads\/2023\/06\/253F9798-DFBA-4E46-B21A-0F383C27668A-scaled.jpeg' title=\"\" data-rl_title=\"\" class=\"rl-gallery-link\" data-rl_caption=\"\" data-rel=\"lightbox-gallery-1\"><img loading=\"lazy\" decoding=\"async\" width=\"150\" height=\"150\" src=\"https:\/\/przedszkole-alwernia.pl\/wp-content\/uploads\/2023\/06\/253F9798-DFBA-4E46-B21A-0F383C27668A-150x150.jpeg\" class=\"attachment-thumbnail size-thumbnail\" alt=\"\" \/><\/a>\n\t\t\t<\/dt><\/dl><br style=\"clear: both\" \/><dl class='gallery-item'>\n\t\t\t<dt class='gallery-icon portrait'>\n\t\t\t\t<a href='https:\/\/przedszkole-alwernia.pl\/wp-content\/uploads\/2023\/06\/B0A72C35-7580-4ECF-B77E-B49DE105D695-scaled.jpeg' title=\"\" data-rl_title=\"\" class=\"rl-gallery-link\" data-rl_caption=\"\" data-rel=\"lightbox-gallery-1\"><img loading=\"lazy\" decoding=\"async\" width=\"150\" height=\"150\" src=\"https:\/\/przedszkole-alwernia.pl\/wp-content\/uploads\/2023\/06\/B0A72C35-7580-4ECF-B77E-B49DE105D695-150x150.jpeg\" class=\"attachment-thumbnail size-thumbnail\" alt=\"\" \/><\/a>\n\t\t\t<\/dt><\/dl><dl class='gallery-item'>\n\t\t\t<dt class='gallery-icon portrait'>\n\t\t\t\t<a href='https:\/\/przedszkole-alwernia.pl\/wp-content\/uploads\/2023\/06\/E606B079-62EE-44D4-B496-797E25D9BC13-scaled.jpeg' title=\"\" data-rl_title=\"\" class=\"rl-gallery-link\" data-rl_caption=\"\" data-rel=\"lightbox-gallery-1\"><img loading=\"lazy\" decoding=\"async\" width=\"150\" height=\"150\" src=\"https:\/\/przedszkole-alwernia.pl\/wp-content\/uploads\/2023\/06\/E606B079-62EE-44D4-B496-797E25D9BC13-150x150.jpeg\" class=\"attachment-thumbnail size-thumbnail\" alt=\"\" \/><\/a>\n\t\t\t<\/dt><\/dl><dl class='gallery-item'>\n\t\t\t<dt class='gallery-icon portrait'>\n\t\t\t\t<a href='https:\/\/przedszkole-alwernia.pl\/wp-content\/uploads\/2023\/06\/361EA916-C152-40D6-9015-24460B733826-scaled.jpeg' title=\"\" data-rl_title=\"\" class=\"rl-gallery-link\" data-rl_caption=\"\" data-rel=\"lightbox-gallery-1\"><img loading=\"lazy\" decoding=\"async\" width=\"150\" height=\"150\" src=\"https:\/\/przedszkole-alwernia.pl\/wp-content\/uploads\/2023\/06\/361EA916-C152-40D6-9015-24460B733826-150x150.jpeg\" class=\"attachment-thumbnail size-thumbnail\" alt=\"\" \/><\/a>\n\t\t\t<\/dt><\/dl><br style=\"clear: both\" \/><dl class='gallery-item'>\n\t\t\t<dt class='gallery-icon portrait'>\n\t\t\t\t<a href='https:\/\/przedszkole-alwernia.pl\/wp-content\/uploads\/2023\/06\/9D4378B4-7386-4D4F-9C84-BB93FE2354C9-scaled.jpeg' title=\"\" data-rl_title=\"\" class=\"rl-gallery-link\" data-rl_caption=\"\" data-rel=\"lightbox-gallery-1\"><img loading=\"lazy\" decoding=\"async\" width=\"150\" height=\"150\" src=\"https:\/\/przedszkole-alwernia.pl\/wp-content\/uploads\/2023\/06\/9D4378B4-7386-4D4F-9C84-BB93FE2354C9-150x150.jpeg\" class=\"attachment-thumbnail size-thumbnail\" alt=\"\" \/><\/a>\n\t\t\t<\/dt><\/dl><dl class='gallery-item'>\n\t\t\t<dt class='gallery-icon portrait'>\n\t\t\t\t<a href='https:\/\/przedszkole-alwernia.pl\/wp-content\/uploads\/2023\/06\/EBA0ED59-D53D-44A1-A67B-E76D81308CE8-scaled.jpeg' title=\"\" data-rl_title=\"\" class=\"rl-gallery-link\" data-rl_caption=\"\" data-rel=\"lightbox-gallery-1\"><img loading=\"lazy\" decoding=\"async\" width=\"150\" height=\"150\" src=\"https:\/\/przedszkole-alwernia.pl\/wp-content\/uploads\/2023\/06\/EBA0ED59-D53D-44A1-A67B-E76D81308CE8-150x150.jpeg\" class=\"attachment-thumbnail size-thumbnail\" alt=\"\" \/><\/a>\n\t\t\t<\/dt><\/dl><dl class='gallery-item'>\n\t\t\t<dt class='gallery-icon portrait'>\n\t\t\t\t<a href='https:\/\/przedszkole-alwernia.pl\/wp-content\/uploads\/2023\/06\/1465E2B9-A840-4B56-B172-727453BCB616-scaled.jpeg' title=\"\" data-rl_title=\"\" class=\"rl-gallery-link\" data-rl_caption=\"\" data-rel=\"lightbox-gallery-1\"><img loading=\"lazy\" decoding=\"async\" width=\"150\" height=\"150\" src=\"https:\/\/przedszkole-alwernia.pl\/wp-content\/uploads\/2023\/06\/1465E2B9-A840-4B56-B172-727453BCB616-150x150.jpeg\" class=\"attachment-thumbnail size-thumbnail\" alt=\"\" \/><\/a>\n\t\t\t<\/dt><\/dl><br style=\"clear: both\" \/><dl class='gallery-item'>\n\t\t\t<dt class='gallery-icon portrait'>\n\t\t\t\t<a href='https:\/\/przedszkole-alwernia.pl\/wp-content\/uploads\/2023\/06\/C961CB6D-C8E9-421B-8E03-8D08E9BE5C98-scaled.jpeg' title=\"\" data-rl_title=\"\" class=\"rl-gallery-link\" data-rl_caption=\"\" data-rel=\"lightbox-gallery-1\"><img loading=\"lazy\" decoding=\"async\" width=\"150\" height=\"150\" src=\"https:\/\/przedszkole-alwernia.pl\/wp-content\/uploads\/2023\/06\/C961CB6D-C8E9-421B-8E03-8D08E9BE5C98-150x150.jpeg\" class=\"attachment-thumbnail size-thumbnail\" alt=\"\" \/><\/a>\n\t\t\t<\/dt><\/dl><dl class='gallery-item'>\n\t\t\t<dt class='gallery-icon portrait'>\n\t\t\t\t<a href='https:\/\/przedszkole-alwernia.pl\/wp-content\/uploads\/2023\/06\/2ED3BF14-9962-4F87-92C6-10A7A3E123A8-scaled.jpeg' title=\"\" data-rl_title=\"\" class=\"rl-gallery-link\" data-rl_caption=\"\" data-rel=\"lightbox-gallery-1\"><img loading=\"lazy\" decoding=\"async\" width=\"150\" height=\"150\" src=\"https:\/\/przedszkole-alwernia.pl\/wp-content\/uploads\/2023\/06\/2ED3BF14-9962-4F87-92C6-10A7A3E123A8-150x150.jpeg\" class=\"attachment-thumbnail size-thumbnail\" alt=\"\" \/><\/a>\n\t\t\t<\/dt><\/dl><dl class='gallery-item'>\n\t\t\t<dt class='gallery-icon portrait'>\n\t\t\t\t<a href='https:\/\/przedszkole-alwernia.pl\/wp-content\/uploads\/2023\/06\/A1CD7583-A0B2-476D-A907-D517EA1A574C-scaled.jpeg' title=\"\" data-rl_title=\"\" class=\"rl-gallery-link\" data-rl_caption=\"\" data-rel=\"lightbox-gallery-1\"><img loading=\"lazy\" decoding=\"async\" width=\"150\" height=\"150\" src=\"https:\/\/przedszkole-alwernia.pl\/wp-content\/uploads\/2023\/06\/A1CD7583-A0B2-476D-A907-D517EA1A574C-150x150.jpeg\" class=\"attachment-thumbnail size-thumbnail\" alt=\"\" \/><\/a>\n\t\t\t<\/dt><\/dl><br style=\"clear: both\" \/>\n\t\t<\/div>\n\n<p><a href=\"https:\/\/przedszkole-alwernia.pl\/wp-content\/uploads\/2023\/06\/CC47ADFB-DE6D-4794-9F74-7C4AB44975CC.jpeg\" data-rel=\"lightbox-image-13\" data-rl_title=\"\" data-rl_caption=\"\" title=\"\"><img loading=\"lazy\" decoding=\"async\" class=\"alignnone size-medium wp-image-22418\" src=\"https:\/\/przedszkole-alwernia.pl\/wp-content\/uploads\/2023\/06\/CC47ADFB-DE6D-4794-9F74-7C4AB44975CC-300x225.jpeg\" alt=\"\" width=\"300\" height=\"225\" srcset=\"https:\/\/przedszkole-alwernia.pl\/wp-content\/uploads\/2023\/06\/CC47ADFB-DE6D-4794-9F74-7C4AB44975CC-300x225.jpeg 300w, https:\/\/przedszkole-alwernia.pl\/wp-content\/uploads\/2023\/06\/CC47ADFB-DE6D-4794-9F74-7C4AB44975CC-1024x768.jpeg 1024w, https:\/\/przedszkole-alwernia.pl\/wp-content\/uploads\/2023\/06\/CC47ADFB-DE6D-4794-9F74-7C4AB44975CC-768x576.jpeg 768w, https:\/\/przedszkole-alwernia.pl\/wp-content\/uploads\/2023\/06\/CC47ADFB-DE6D-4794-9F74-7C4AB44975CC-1536x1152.jpeg 1536w, https:\/\/przedszkole-alwernia.pl\/wp-content\/uploads\/2023\/06\/CC47ADFB-DE6D-4794-9F74-7C4AB44975CC.jpeg 2048w\" sizes=\"auto, (max-width: 300px) 100vw, 300px\" \/><\/a><\/p>\n","protected":false},"excerpt":{"rendered":"<p>W \u015brod\u0119 21 czerwca nast\u0105pi\u0142o rozstrzygni\u0119cie konkursu ,,Dbam o wod\u0119\u201d zorganizowanego w ramach projektu ,,Woda si\u0142y doda\u201d.<\/p>\n","protected":false},"author":2,"featured_media":0,"comment_status":"open","ping_status":"closed","sticky":false,"template":"","format":"standard","meta":{"footnotes":""},"categories":[1],"tags":[],"class_list":["post-22412","post","type-post","status-publish","format-standard","hentry","category-uncategorized"],"_links":{"self":[{"href":"https:\/\/przedszkole-alwernia.pl\/index.php?rest_route=\/wp\/v2\/posts\/22412","targetHints":{"allow":["GET"]}}],"collection":[{"href":"https:\/\/przedszkole-alwernia.pl\/index.php?rest_route=\/wp\/v2\/posts"}],"about":[{"href":"https:\/\/przedszkole-alwernia.pl\/index.php?rest_route=\/wp\/v2\/types\/post"}],"author":[{"embeddable":true,"href":"https:\/\/przedszkole-alwernia.pl\/index.php?rest_route=\/wp\/v2\/users\/2"}],"replies":[{"embeddable":true,"href":"https:\/\/przedszkole-alwernia.pl\/index.php?rest_route=%2Fwp%2Fv2%2Fcomments&post=22412"}],"version-history":[{"count":2,"href":"https:\/\/przedszkole-alwernia.pl\/index.php?rest_route=\/wp\/v2\/posts\/22412\/revisions"}],"predecessor-version":[{"id":22419,"href":"https:\/\/przedszkole-alwernia.pl\/index.php?rest_route=\/wp\/v2\/posts\/22412\/revisions\/22419"}],"wp:attachment":[{"href":"https:\/\/przedszkole-alwernia.pl\/index.php?rest_route=%2Fwp%2Fv2%2Fmedia&parent=22412"}],"wp:term":[{"taxonomy":"category","embeddable":true,"href":"https:\/\/przedszkole-alwernia.pl\/index.php?rest_route=%2Fwp%2Fv2%2Fcategories&post=22412"},{"taxonomy":"post_tag","embeddable":true,"href":"https:\/\/przedszkole-alwernia.pl\/index.php?rest_route=%2Fwp%2Fv2%2Ftags&post=22412"}],"curies":[{"name":"wp","href":"https:\/\/api.w.org\/{rel}","templated":true}]}}