{"id":22901,"date":"2023-11-13T08:51:13","date_gmt":"2023-11-13T08:51:13","guid":{"rendered":"https:\/\/przedszkole-alwernia.pl\/?p=22901"},"modified":"2023-11-13T08:51:13","modified_gmt":"2023-11-13T08:51:13","slug":"zrobmy-razem-cos-dobrego","status":"publish","type":"post","link":"https:\/\/przedszkole-alwernia.pl\/?p=22901","title":{"rendered":"Zr\u00f3bmy razem co\u015b dobrego"},"content":{"rendered":"<p><a href=\"https:\/\/przedszkole-alwernia.pl\/wp-content\/uploads\/2023\/11\/IMG_9930.jpeg\" data-rel=\"lightbox-image-0\" data-rl_title=\"\" data-rl_caption=\"\" title=\"\"><img loading=\"lazy\" decoding=\"async\" class=\"alignnone size-medium wp-image-22902\" src=\"https:\/\/przedszkole-alwernia.pl\/wp-content\/uploads\/2023\/11\/IMG_9930-300x213.jpeg\" alt=\"\" width=\"300\" height=\"213\" srcset=\"https:\/\/przedszkole-alwernia.pl\/wp-content\/uploads\/2023\/11\/IMG_9930-300x213.jpeg 300w, https:\/\/przedszkole-alwernia.pl\/wp-content\/uploads\/2023\/11\/IMG_9930-1024x728.jpeg 1024w, https:\/\/przedszkole-alwernia.pl\/wp-content\/uploads\/2023\/11\/IMG_9930-768x546.jpeg 768w, https:\/\/przedszkole-alwernia.pl\/wp-content\/uploads\/2023\/11\/IMG_9930.jpeg 1200w\" sizes=\"auto, (max-width: 300px) 100vw, 300px\" \/><\/a><\/p>\n<p>Nasze przedszkole w\u0142\u0105cza si\u0119 do akcji ,,Zr\u00f3bmy razem co\u015b dobrego\u201d organizowanej przez Centrum Us\u0142ug Spo\u0142ecznych w Alwerni.<\/p>\n<p>Akcja trwa do 30 listopada 2023<\/p>\n","protected":false},"excerpt":{"rendered":"<p>Nasze przedszkole w\u0142\u0105cza si\u0119 do akcji ,,Zr\u00f3bmy razem co\u015b dobrego\u201d organizowanej przez Centrum Us\u0142ug Spo\u0142ecznych w Alwerni. Akcja trwa do 30 listopada 2023<\/p>\n","protected":false},"author":2,"featured_media":0,"comment_status":"open","ping_status":"closed","sticky":false,"template":"","format":"standard","meta":{"footnotes":""},"categories":[1],"tags":[],"class_list":["post-22901","post","type-post","status-publish","format-standard","hentry","category-uncategorized"],"_links":{"self":[{"href":"https:\/\/przedszkole-alwernia.pl\/index.php?rest_route=\/wp\/v2\/posts\/22901","targetHints":{"allow":["GET"]}}],"collection":[{"href":"https:\/\/przedszkole-alwernia.pl\/index.php?rest_route=\/wp\/v2\/posts"}],"about":[{"href":"https:\/\/przedszkole-alwernia.pl\/index.php?rest_route=\/wp\/v2\/types\/post"}],"author":[{"embeddable":true,"href":"https:\/\/przedszkole-alwernia.pl\/index.php?rest_route=\/wp\/v2\/users\/2"}],"replies":[{"embeddable":true,"href":"https:\/\/przedszkole-alwernia.pl\/index.php?rest_route=%2Fwp%2Fv2%2Fcomments&post=22901"}],"version-history":[{"count":1,"href":"https:\/\/przedszkole-alwernia.pl\/index.php?rest_route=\/wp\/v2\/posts\/22901\/revisions"}],"predecessor-version":[{"id":22903,"href":"https:\/\/przedszkole-alwernia.pl\/index.php?rest_route=\/wp\/v2\/posts\/22901\/revisions\/22903"}],"wp:attachment":[{"href":"https:\/\/przedszkole-alwernia.pl\/index.php?rest_route=%2Fwp%2Fv2%2Fmedia&parent=22901"}],"wp:term":[{"taxonomy":"category","embeddable":true,"href":"https:\/\/przedszkole-alwernia.pl\/index.php?rest_route=%2Fwp%2Fv2%2Fcategories&post=22901"},{"taxonomy":"post_tag","embeddable":true,"href":"https:\/\/przedszkole-alwernia.pl\/index.php?rest_route=%2Fwp%2Fv2%2Ftags&post=22901"}],"curies":[{"name":"wp","href":"https:\/\/api.w.org\/{rel}","templated":true}]}}