{"id":23783,"date":"2023-12-03T20:11:45","date_gmt":"2023-12-03T20:11:45","guid":{"rendered":"https:\/\/przedszkole-alwernia.pl\/?p=23783"},"modified":"2023-12-03T20:11:45","modified_gmt":"2023-12-03T20:11:45","slug":"pasowanie-na-przedszkolaka","status":"publish","type":"post","link":"https:\/\/przedszkole-alwernia.pl\/?p=23783","title":{"rendered":"Pasowanie  na przedszkolaka"},"content":{"rendered":"<p><a href=\"https:\/\/przedszkole-alwernia.pl\/wp-content\/uploads\/2023\/12\/IMG_0464.jpeg\" data-rel=\"lightbox-image-0\" data-rl_title=\"\" data-rl_caption=\"\" title=\"\"><img loading=\"lazy\" decoding=\"async\" class=\"alignnone size-medium wp-image-23786\" src=\"https:\/\/przedszkole-alwernia.pl\/wp-content\/uploads\/2023\/12\/IMG_0464-300x138.jpeg\" alt=\"\" width=\"300\" height=\"138\" srcset=\"https:\/\/przedszkole-alwernia.pl\/wp-content\/uploads\/2023\/12\/IMG_0464-300x138.jpeg 300w, https:\/\/przedszkole-alwernia.pl\/wp-content\/uploads\/2023\/12\/IMG_0464-1024x473.jpeg 1024w, https:\/\/przedszkole-alwernia.pl\/wp-content\/uploads\/2023\/12\/IMG_0464-768x354.jpeg 768w, https:\/\/przedszkole-alwernia.pl\/wp-content\/uploads\/2023\/12\/IMG_0464-1536x709.jpeg 1536w, https:\/\/przedszkole-alwernia.pl\/wp-content\/uploads\/2023\/12\/IMG_0464.jpeg 2048w\" sizes=\"auto, (max-width: 300px) 100vw, 300px\" \/><\/a><\/p>\n<p>21 listopada 2023r. odby\u0142a si\u0119 w naszym przedszkolu uroczysto\u015b\u0107 Pasowania na przedszkolaka dzieci z najm\u0142odszych grup. <!--more--><\/p>\n<p>Maluszki zaprezentowa\u0142y przygotowane z du\u017c\u0105 staranno\u015bci\u0105 wiersze i \u00a0piosenki . Po cz\u0119\u015bci artystycznej nast\u0105pi\u0142 akt pasowania. Pani Dyrektor Jolanta Biel przyj\u0119\u0142a dzieci do grona spo\u0142eczno\u015bci przedszkolnej. Wszystkie dzieci otrzyma\u0142y drobne upominki.<\/p>\n<div id='gallery-1' class='gallery galleryid-23783 gallery-columns-3 gallery-size-thumbnail'><dl class='gallery-item'>\n\t\t\t<dt class='gallery-icon landscape'>\n\t\t\t\t<a href='https:\/\/przedszkole-alwernia.pl\/wp-content\/uploads\/2023\/12\/IMG_0461.jpeg' title=\"\" data-rl_title=\"\" class=\"rl-gallery-link\" data-rl_caption=\"\" data-rel=\"lightbox-gallery-1\"><img loading=\"lazy\" decoding=\"async\" width=\"150\" height=\"150\" src=\"https:\/\/przedszkole-alwernia.pl\/wp-content\/uploads\/2023\/12\/IMG_0461-150x150.jpeg\" class=\"attachment-thumbnail size-thumbnail\" alt=\"\" \/><\/a>\n\t\t\t<\/dt><\/dl><dl class='gallery-item'>\n\t\t\t<dt class='gallery-icon landscape'>\n\t\t\t\t<a href='https:\/\/przedszkole-alwernia.pl\/wp-content\/uploads\/2023\/12\/IMG_0462.jpeg' title=\"\" data-rl_title=\"\" class=\"rl-gallery-link\" data-rl_caption=\"\" data-rel=\"lightbox-gallery-1\"><img loading=\"lazy\" decoding=\"async\" width=\"150\" height=\"150\" src=\"https:\/\/przedszkole-alwernia.pl\/wp-content\/uploads\/2023\/12\/IMG_0462-150x150.jpeg\" class=\"attachment-thumbnail size-thumbnail\" alt=\"\" \/><\/a>\n\t\t\t<\/dt><\/dl><dl class='gallery-item'>\n\t\t\t<dt class='gallery-icon landscape'>\n\t\t\t\t<a href='https:\/\/przedszkole-alwernia.pl\/wp-content\/uploads\/2023\/12\/IMG_0466.jpeg' title=\"\" data-rl_title=\"\" class=\"rl-gallery-link\" data-rl_caption=\"\" data-rel=\"lightbox-gallery-1\"><img loading=\"lazy\" decoding=\"async\" width=\"150\" height=\"150\" src=\"https:\/\/przedszkole-alwernia.pl\/wp-content\/uploads\/2023\/12\/IMG_0466-150x150.jpeg\" class=\"attachment-thumbnail size-thumbnail\" alt=\"\" \/><\/a>\n\t\t\t<\/dt><\/dl><br style=\"clear: both\" \/><dl class='gallery-item'>\n\t\t\t<dt class='gallery-icon landscape'>\n\t\t\t\t<a href='https:\/\/przedszkole-alwernia.pl\/wp-content\/uploads\/2023\/12\/IMG_0465.jpeg' title=\"\" data-rl_title=\"\" class=\"rl-gallery-link\" data-rl_caption=\"\" data-rel=\"lightbox-gallery-1\"><img loading=\"lazy\" decoding=\"async\" width=\"150\" height=\"150\" src=\"https:\/\/przedszkole-alwernia.pl\/wp-content\/uploads\/2023\/12\/IMG_0465-150x150.jpeg\" class=\"attachment-thumbnail size-thumbnail\" alt=\"\" \/><\/a>\n\t\t\t<\/dt><\/dl><dl class='gallery-item'>\n\t\t\t<dt class='gallery-icon landscape'>\n\t\t\t\t<a href='https:\/\/przedszkole-alwernia.pl\/wp-content\/uploads\/2023\/12\/IMG_0469.jpeg' title=\"\" data-rl_title=\"\" class=\"rl-gallery-link\" data-rl_caption=\"\" data-rel=\"lightbox-gallery-1\"><img loading=\"lazy\" decoding=\"async\" width=\"150\" height=\"150\" src=\"https:\/\/przedszkole-alwernia.pl\/wp-content\/uploads\/2023\/12\/IMG_0469-150x150.jpeg\" class=\"attachment-thumbnail size-thumbnail\" alt=\"\" \/><\/a>\n\t\t\t<\/dt><\/dl><dl class='gallery-item'>\n\t\t\t<dt class='gallery-icon landscape'>\n\t\t\t\t<a href='https:\/\/przedszkole-alwernia.pl\/wp-content\/uploads\/2023\/12\/IMG_0472.jpeg' title=\"\" data-rl_title=\"\" class=\"rl-gallery-link\" data-rl_caption=\"\" data-rel=\"lightbox-gallery-1\"><img loading=\"lazy\" decoding=\"async\" width=\"150\" height=\"150\" src=\"https:\/\/przedszkole-alwernia.pl\/wp-content\/uploads\/2023\/12\/IMG_0472-150x150.jpeg\" class=\"attachment-thumbnail size-thumbnail\" alt=\"\" \/><\/a>\n\t\t\t<\/dt><\/dl><br style=\"clear: both\" \/><dl class='gallery-item'>\n\t\t\t<dt class='gallery-icon landscape'>\n\t\t\t\t<a href='https:\/\/przedszkole-alwernia.pl\/wp-content\/uploads\/2023\/12\/IMG_0476.jpeg' title=\"\" data-rl_title=\"\" class=\"rl-gallery-link\" data-rl_caption=\"\" data-rel=\"lightbox-gallery-1\"><img loading=\"lazy\" decoding=\"async\" width=\"150\" height=\"150\" src=\"https:\/\/przedszkole-alwernia.pl\/wp-content\/uploads\/2023\/12\/IMG_0476-150x150.jpeg\" class=\"attachment-thumbnail size-thumbnail\" alt=\"\" \/><\/a>\n\t\t\t<\/dt><\/dl><dl class='gallery-item'>\n\t\t\t<dt class='gallery-icon landscape'>\n\t\t\t\t<a href='https:\/\/przedszkole-alwernia.pl\/wp-content\/uploads\/2023\/12\/IMG_0479.jpeg' title=\"\" data-rl_title=\"\" class=\"rl-gallery-link\" data-rl_caption=\"\" data-rel=\"lightbox-gallery-1\"><img loading=\"lazy\" decoding=\"async\" width=\"150\" height=\"150\" src=\"https:\/\/przedszkole-alwernia.pl\/wp-content\/uploads\/2023\/12\/IMG_0479-150x150.jpeg\" class=\"attachment-thumbnail size-thumbnail\" alt=\"\" \/><\/a>\n\t\t\t<\/dt><\/dl><dl class='gallery-item'>\n\t\t\t<dt class='gallery-icon portrait'>\n\t\t\t\t<a href='https:\/\/przedszkole-alwernia.pl\/wp-content\/uploads\/2023\/12\/IMG_0487.jpeg' title=\"\" data-rl_title=\"\" class=\"rl-gallery-link\" data-rl_caption=\"\" data-rel=\"lightbox-gallery-1\"><img loading=\"lazy\" decoding=\"async\" width=\"150\" height=\"150\" src=\"https:\/\/przedszkole-alwernia.pl\/wp-content\/uploads\/2023\/12\/IMG_0487-150x150.jpeg\" class=\"attachment-thumbnail size-thumbnail\" alt=\"\" \/><\/a>\n\t\t\t<\/dt><\/dl><br style=\"clear: both\" \/><dl class='gallery-item'>\n\t\t\t<dt class='gallery-icon portrait'>\n\t\t\t\t<a href='https:\/\/przedszkole-alwernia.pl\/wp-content\/uploads\/2023\/12\/IMG_0508.jpeg' title=\"\" data-rl_title=\"\" class=\"rl-gallery-link\" data-rl_caption=\"\" data-rel=\"lightbox-gallery-1\"><img loading=\"lazy\" decoding=\"async\" width=\"150\" height=\"150\" src=\"https:\/\/przedszkole-alwernia.pl\/wp-content\/uploads\/2023\/12\/IMG_0508-150x150.jpeg\" class=\"attachment-thumbnail size-thumbnail\" alt=\"\" \/><\/a>\n\t\t\t<\/dt><\/dl><dl class='gallery-item'>\n\t\t\t<dt class='gallery-icon portrait'>\n\t\t\t\t<a href='https:\/\/przedszkole-alwernia.pl\/wp-content\/uploads\/2023\/12\/IMG_0495.jpeg' title=\"\" data-rl_title=\"\" class=\"rl-gallery-link\" data-rl_caption=\"\" data-rel=\"lightbox-gallery-1\"><img loading=\"lazy\" decoding=\"async\" width=\"150\" height=\"150\" src=\"https:\/\/przedszkole-alwernia.pl\/wp-content\/uploads\/2023\/12\/IMG_0495-150x150.jpeg\" class=\"attachment-thumbnail size-thumbnail\" alt=\"\" \/><\/a>\n\t\t\t<\/dt><\/dl><dl class='gallery-item'>\n\t\t\t<dt class='gallery-icon landscape'>\n\t\t\t\t<a href='https:\/\/przedszkole-alwernia.pl\/wp-content\/uploads\/2023\/12\/IMG_0518.jpeg' title=\"\" data-rl_title=\"\" class=\"rl-gallery-link\" data-rl_caption=\"\" data-rel=\"lightbox-gallery-1\"><img loading=\"lazy\" decoding=\"async\" width=\"150\" height=\"150\" src=\"https:\/\/przedszkole-alwernia.pl\/wp-content\/uploads\/2023\/12\/IMG_0518-150x150.jpeg\" class=\"attachment-thumbnail size-thumbnail\" alt=\"\" \/><\/a>\n\t\t\t<\/dt><\/dl><br style=\"clear: both\" \/><dl class='gallery-item'>\n\t\t\t<dt class='gallery-icon portrait'>\n\t\t\t\t<a href='https:\/\/przedszkole-alwernia.pl\/wp-content\/uploads\/2023\/12\/IMG_0533.jpeg' title=\"\" data-rl_title=\"\" class=\"rl-gallery-link\" data-rl_caption=\"\" data-rel=\"lightbox-gallery-1\"><img loading=\"lazy\" decoding=\"async\" width=\"150\" height=\"150\" src=\"https:\/\/przedszkole-alwernia.pl\/wp-content\/uploads\/2023\/12\/IMG_0533-150x150.jpeg\" class=\"attachment-thumbnail size-thumbnail\" alt=\"\" \/><\/a>\n\t\t\t<\/dt><\/dl>\n\t\t\t<br style='clear: both' \/>\n\t\t<\/div>\n\n","protected":false},"excerpt":{"rendered":"<p>21 listopada 2023r. odby\u0142a si\u0119 w naszym przedszkolu uroczysto\u015b\u0107 Pasowania na przedszkolaka dzieci z najm\u0142odszych grup.<\/p>\n","protected":false},"author":2,"featured_media":0,"comment_status":"open","ping_status":"closed","sticky":false,"template":"","format":"standard","meta":{"footnotes":""},"categories":[1],"tags":[],"class_list":["post-23783","post","type-post","status-publish","format-standard","hentry","category-uncategorized"],"_links":{"self":[{"href":"https:\/\/przedszkole-alwernia.pl\/index.php?rest_route=\/wp\/v2\/posts\/23783","targetHints":{"allow":["GET"]}}],"collection":[{"href":"https:\/\/przedszkole-alwernia.pl\/index.php?rest_route=\/wp\/v2\/posts"}],"about":[{"href":"https:\/\/przedszkole-alwernia.pl\/index.php?rest_route=\/wp\/v2\/types\/post"}],"author":[{"embeddable":true,"href":"https:\/\/przedszkole-alwernia.pl\/index.php?rest_route=\/wp\/v2\/users\/2"}],"replies":[{"embeddable":true,"href":"https:\/\/przedszkole-alwernia.pl\/index.php?rest_route=%2Fwp%2Fv2%2Fcomments&post=23783"}],"version-history":[{"count":1,"href":"https:\/\/przedszkole-alwernia.pl\/index.php?rest_route=\/wp\/v2\/posts\/23783\/revisions"}],"predecessor-version":[{"id":23798,"href":"https:\/\/przedszkole-alwernia.pl\/index.php?rest_route=\/wp\/v2\/posts\/23783\/revisions\/23798"}],"wp:attachment":[{"href":"https:\/\/przedszkole-alwernia.pl\/index.php?rest_route=%2Fwp%2Fv2%2Fmedia&parent=23783"}],"wp:term":[{"taxonomy":"category","embeddable":true,"href":"https:\/\/przedszkole-alwernia.pl\/index.php?rest_route=%2Fwp%2Fv2%2Fcategories&post=23783"},{"taxonomy":"post_tag","embeddable":true,"href":"https:\/\/przedszkole-alwernia.pl\/index.php?rest_route=%2Fwp%2Fv2%2Ftags&post=23783"}],"curies":[{"name":"wp","href":"https:\/\/api.w.org\/{rel}","templated":true}]}}