{"id":23819,"date":"2023-12-03T20:55:37","date_gmt":"2023-12-03T20:55:37","guid":{"rendered":"https:\/\/przedszkole-alwernia.pl\/?p=23819"},"modified":"2023-12-03T20:56:30","modified_gmt":"2023-12-03T20:56:30","slug":"podziekowania-2","status":"publish","type":"post","link":"https:\/\/przedszkole-alwernia.pl\/?p=23819","title":{"rendered":"Podzi\u0119kowania"},"content":{"rendered":"<p><a href=\"https:\/\/przedszkole-alwernia.pl\/wp-content\/uploads\/2023\/12\/IMG_0314.jpeg\" data-rel=\"lightbox-image-0\" data-rl_title=\"\" data-rl_caption=\"\" title=\"\"><img loading=\"lazy\" decoding=\"async\" class=\"alignnone size-medium wp-image-23581\" src=\"https:\/\/przedszkole-alwernia.pl\/wp-content\/uploads\/2023\/12\/IMG_0314-283x300.jpeg\" alt=\"\" width=\"283\" height=\"300\" srcset=\"https:\/\/przedszkole-alwernia.pl\/wp-content\/uploads\/2023\/12\/IMG_0314-283x300.jpeg 283w, https:\/\/przedszkole-alwernia.pl\/wp-content\/uploads\/2023\/12\/IMG_0314-965x1024.jpeg 965w, https:\/\/przedszkole-alwernia.pl\/wp-content\/uploads\/2023\/12\/IMG_0314-768x815.jpeg 768w, https:\/\/przedszkole-alwernia.pl\/wp-content\/uploads\/2023\/12\/IMG_0314-1448x1536.jpeg 1448w, https:\/\/przedszkole-alwernia.pl\/wp-content\/uploads\/2023\/12\/IMG_0314.jpeg 1723w\" sizes=\"auto, (max-width: 283px) 100vw, 283px\" \/><\/a><\/p>\n<p style=\"text-align: left;\">Serdecznie dzi\u0119kujemy za w\u0142\u0105czenie si\u0119 do akcji \u201eZr\u00f3bmy razem co\u015b dobrego \u201dzorganizowanej przez Centrum Us\u0142ug Spo\u0142ecznych w Alwerni.<\/p>\n<p style=\"text-align: left;\">Dzi\u0119kujemy za wszelk\u0105 Pa\u0144stwa \u017cyczliwo\u015b\u0107 i okazane serce. Dobro wraca!<\/p>\n","protected":false},"excerpt":{"rendered":"<p>Serdecznie dzi\u0119kujemy za w\u0142\u0105czenie si\u0119 do akcji \u201eZr\u00f3bmy razem co\u015b dobrego \u201dzorganizowanej przez Centrum Us\u0142ug Spo\u0142ecznych w Alwerni. Dzi\u0119kujemy za wszelk\u0105 Pa\u0144stwa \u017cyczliwo\u015b\u0107 i okazane serce. Dobro wraca!<\/p>\n","protected":false},"author":2,"featured_media":0,"comment_status":"open","ping_status":"closed","sticky":false,"template":"","format":"standard","meta":{"footnotes":""},"categories":[1],"tags":[],"class_list":["post-23819","post","type-post","status-publish","format-standard","hentry","category-uncategorized"],"_links":{"self":[{"href":"https:\/\/przedszkole-alwernia.pl\/index.php?rest_route=\/wp\/v2\/posts\/23819","targetHints":{"allow":["GET"]}}],"collection":[{"href":"https:\/\/przedszkole-alwernia.pl\/index.php?rest_route=\/wp\/v2\/posts"}],"about":[{"href":"https:\/\/przedszkole-alwernia.pl\/index.php?rest_route=\/wp\/v2\/types\/post"}],"author":[{"embeddable":true,"href":"https:\/\/przedszkole-alwernia.pl\/index.php?rest_route=\/wp\/v2\/users\/2"}],"replies":[{"embeddable":true,"href":"https:\/\/przedszkole-alwernia.pl\/index.php?rest_route=%2Fwp%2Fv2%2Fcomments&post=23819"}],"version-history":[{"count":2,"href":"https:\/\/przedszkole-alwernia.pl\/index.php?rest_route=\/wp\/v2\/posts\/23819\/revisions"}],"predecessor-version":[{"id":23821,"href":"https:\/\/przedszkole-alwernia.pl\/index.php?rest_route=\/wp\/v2\/posts\/23819\/revisions\/23821"}],"wp:attachment":[{"href":"https:\/\/przedszkole-alwernia.pl\/index.php?rest_route=%2Fwp%2Fv2%2Fmedia&parent=23819"}],"wp:term":[{"taxonomy":"category","embeddable":true,"href":"https:\/\/przedszkole-alwernia.pl\/index.php?rest_route=%2Fwp%2Fv2%2Fcategories&post=23819"},{"taxonomy":"post_tag","embeddable":true,"href":"https:\/\/przedszkole-alwernia.pl\/index.php?rest_route=%2Fwp%2Fv2%2Ftags&post=23819"}],"curies":[{"name":"wp","href":"https:\/\/api.w.org\/{rel}","templated":true}]}}