{"id":23917,"date":"2023-12-23T06:50:47","date_gmt":"2023-12-23T06:50:47","guid":{"rendered":"https:\/\/przedszkole-alwernia.pl\/?p=23917"},"modified":"2023-12-23T06:51:35","modified_gmt":"2023-12-23T06:51:35","slug":"23917","status":"publish","type":"post","link":"https:\/\/przedszkole-alwernia.pl\/?p=23917","title":{"rendered":"Weso\u0142ych \u015awi\u0105t Bo\u017cego Narodzenia!"},"content":{"rendered":"<p><strong><em><a href=\"https:\/\/przedszkole-alwernia.pl\/wp-content\/uploads\/2023\/12\/IMG_1353-scaled.jpeg\" data-rel=\"lightbox-image-0\" data-rl_title=\"\" data-rl_caption=\"\" title=\"\"><img loading=\"lazy\" decoding=\"async\" class=\"alignnone size-medium wp-image-23918\" src=\"https:\/\/przedszkole-alwernia.pl\/wp-content\/uploads\/2023\/12\/IMG_1353-225x300.jpeg\" alt=\"\" width=\"225\" height=\"300\" srcset=\"https:\/\/przedszkole-alwernia.pl\/wp-content\/uploads\/2023\/12\/IMG_1353-225x300.jpeg 225w, https:\/\/przedszkole-alwernia.pl\/wp-content\/uploads\/2023\/12\/IMG_1353-768x1024.jpeg 768w, https:\/\/przedszkole-alwernia.pl\/wp-content\/uploads\/2023\/12\/IMG_1353-1152x1536.jpeg 1152w, https:\/\/przedszkole-alwernia.pl\/wp-content\/uploads\/2023\/12\/IMG_1353-1536x2048.jpeg 1536w, https:\/\/przedszkole-alwernia.pl\/wp-content\/uploads\/2023\/12\/IMG_1353-scaled.jpeg 1920w\" sizes=\"auto, (max-width: 225px) 100vw, 225px\" \/><\/a><br \/>\nPracownicy przedszkola w Alwerni i Grojcu oraz dzieci \u017cycz\u0105 odrobiny ciep\u0142a,<\/em> <em>dzi\u0119ki<\/em><em> ludzkiej \u017cyczliwo\u015bci, odrobiny \u015bwiat\u0142a w mroku codzienno\u015bci, dzi\u0119ki szczeremu u\u015bmiechowi bliskich, przyjaci\u00f3\u0142 i znajomych, rado\u015bci\u00a0 \u00a0 \u00a0 w smutku, dzi\u0119ki ludzkiej przyja\u017ani i mi\u0142o\u015bci\u00a0 \u00a0 \u00a0 \u00a0 \u00a0oraz nadziei na lepsze jutro w czasie nadchodz\u0105cego Nowego Roku 2024!<\/em><\/strong><\/p>\n","protected":false},"excerpt":{"rendered":"<p>Pracownicy przedszkola w Alwerni i Grojcu oraz dzieci \u017cycz\u0105 odrobiny ciep\u0142a, dzi\u0119ki ludzkiej \u017cyczliwo\u015bci, odrobiny \u015bwiat\u0142a w mroku codzienno\u015bci, dzi\u0119ki szczeremu u\u015bmiechowi bliskich, przyjaci\u00f3\u0142 i znajomych, rado\u015bci\u00a0 \u00a0 \u00a0 w smutku, dzi\u0119ki ludzkiej przyja\u017ani i mi\u0142o\u015bci\u00a0 \u00a0 \u00a0 \u00a0 \u00a0oraz nadziei na lepsze jutro w czasie nadchodz\u0105cego Nowego Roku 2024!<\/p>\n","protected":false},"author":2,"featured_media":0,"comment_status":"open","ping_status":"closed","sticky":false,"template":"","format":"standard","meta":{"footnotes":""},"categories":[1],"tags":[],"class_list":["post-23917","post","type-post","status-publish","format-standard","hentry","category-uncategorized"],"_links":{"self":[{"href":"https:\/\/przedszkole-alwernia.pl\/index.php?rest_route=\/wp\/v2\/posts\/23917","targetHints":{"allow":["GET"]}}],"collection":[{"href":"https:\/\/przedszkole-alwernia.pl\/index.php?rest_route=\/wp\/v2\/posts"}],"about":[{"href":"https:\/\/przedszkole-alwernia.pl\/index.php?rest_route=\/wp\/v2\/types\/post"}],"author":[{"embeddable":true,"href":"https:\/\/przedszkole-alwernia.pl\/index.php?rest_route=\/wp\/v2\/users\/2"}],"replies":[{"embeddable":true,"href":"https:\/\/przedszkole-alwernia.pl\/index.php?rest_route=%2Fwp%2Fv2%2Fcomments&post=23917"}],"version-history":[{"count":2,"href":"https:\/\/przedszkole-alwernia.pl\/index.php?rest_route=\/wp\/v2\/posts\/23917\/revisions"}],"predecessor-version":[{"id":23920,"href":"https:\/\/przedszkole-alwernia.pl\/index.php?rest_route=\/wp\/v2\/posts\/23917\/revisions\/23920"}],"wp:attachment":[{"href":"https:\/\/przedszkole-alwernia.pl\/index.php?rest_route=%2Fwp%2Fv2%2Fmedia&parent=23917"}],"wp:term":[{"taxonomy":"category","embeddable":true,"href":"https:\/\/przedszkole-alwernia.pl\/index.php?rest_route=%2Fwp%2Fv2%2Fcategories&post=23917"},{"taxonomy":"post_tag","embeddable":true,"href":"https:\/\/przedszkole-alwernia.pl\/index.php?rest_route=%2Fwp%2Fv2%2Ftags&post=23917"}],"curies":[{"name":"wp","href":"https:\/\/api.w.org\/{rel}","templated":true}]}}